{"id":121985,"date":"2023-04-19T15:49:47","date_gmt":"2023-04-19T18:49:47","guid":{"rendered":"https:\/\/www.elsindical.com.ar\/notas\/?p=121985"},"modified":"2023-04-19T15:49:47","modified_gmt":"2023-04-19T18:49:47","slug":"despidos-en-clarin-el-multimedio-acato-la-conciliacion-y-comienza-el-dialogo-con-sipreba","status":"publish","type":"post","link":"https:\/\/www.elsindical.com.ar\/notas\/despidos-en-clarin-el-multimedio-acato-la-conciliacion-y-comienza-el-dialogo-con-sipreba\/","title":{"rendered":"Despidos en Clar\u00edn: El multimedio acat\u00f3 la conciliaci\u00f3n y comienza el di\u00e1logo con SiPreBA"},"content":{"rendered":"\n<figure class=\"wp-block-image size-large\"><a href=\"https:\/\/www.elsindical.com.ar\/notas\/var\/www\/html\/notas\/wp-content\/uploads\/2023\/04\/Sipreba-despidos-en-Clarin.jpeg\"><img loading=\"lazy\" decoding=\"async\" width=\"1024\" height=\"768\" src=\"https:\/\/www.elsindical.com.ar\/notas\/var\/www\/html\/notas\/wp-content\/uploads\/2023\/04\/Sipreba-despidos-en-Clarin-1024x768.jpeg\" alt=\"\" class=\"wp-image-121986\" srcset=\"https:\/\/www.elsindical.com.ar\/notas\/var\/www\/html\/notas\/wp-content\/uploads\/2023\/04\/Sipreba-despidos-en-Clarin-1024x768.jpeg 1024w, https:\/\/www.elsindical.com.ar\/notas\/var\/www\/html\/notas\/wp-content\/uploads\/2023\/04\/Sipreba-despidos-en-Clarin-300x225.jpeg 300w, https:\/\/www.elsindical.com.ar\/notas\/var\/www\/html\/notas\/wp-content\/uploads\/2023\/04\/Sipreba-despidos-en-Clarin-768x576.jpeg 768w, https:\/\/www.elsindical.com.ar\/notas\/var\/www\/html\/notas\/wp-content\/uploads\/2023\/04\/Sipreba-despidos-en-Clarin-400x300.jpeg 400w, https:\/\/www.elsindical.com.ar\/notas\/var\/www\/html\/notas\/wp-content\/uploads\/2023\/04\/Sipreba-despidos-en-Clarin-1536x1152.jpeg 1536w, https:\/\/www.elsindical.com.ar\/notas\/var\/www\/html\/notas\/wp-content\/uploads\/2023\/04\/Sipreba-despidos-en-Clarin.jpeg 1600w\" sizes=\"auto, (max-width: 1024px) 100vw, 1024px\" \/><\/a><\/figure>\n\n\n\n<blockquote class=\"wp-block-quote is-layout-flow wp-block-quote-is-layout-flow\">\n<p>La empresa de multimedios realiz\u00f3 al menos 48 despidos \u201cinjustificados\u201d, tal como lo denuncian desde el sindicato.<\/p>\n<\/blockquote>\n\n\n\n<p>Este martes, la empresa&nbsp;<strong>Clar\u00edn-AGEA<\/strong>&nbsp;se present\u00f3 a la segunda audiencia convocada por el Ministerio de Trabajo de Naci\u00f3n y se comprometi\u00f3 a acatar la conciliaci\u00f3n que retrotrae los despidos.<\/p>\n\n\n\n<p>En este sentido, luego de que comenzara el conflicto a trav\u00e9s de los despidos en dicha empresa, comenzar\u00e1 la instancia de di\u00e1logo con el&nbsp;<strong>SiPreBA<\/strong>, sindicato que nuclea a los trabajadores de prensa.<\/p>\n\n\n\n<p>Por su parte, desde el sindicato, ratificaron el estado de alerta y movilizaci\u00f3n: \u201cContinuamos con las medidas previstas en todo el gremio por la recomposici\u00f3n salarial, como el cese de tareas de prensa escrita convocado para el viernes 21\/4 entre las 14 y las 18hs, que incluir\u00e1 una asamblea general del SiPreBA frente a las redacciones de Clar\u00edn, en Tacuar\u00ed 1800\u201d, sostuvieron.<\/p>\n\n\n\n<p><\/p>\n","protected":false},"excerpt":{"rendered":"<p>La empresa de multimedios realiz\u00f3 al menos 48 despidos \u201cinjustificados\u201d, tal como lo denuncian desde el sindicato. Este martes, la empresa&nbsp;Clar\u00edn-AGEA&nbsp;se present\u00f3 a la segunda audiencia convocada por el Ministerio de Trabajo de Naci\u00f3n y se comprometi\u00f3 a acatar la conciliaci\u00f3n que retrotrae los despidos. En este sentido, luego de que comenzara el conflicto a&hellip;<\/p>\n","protected":false},"author":1,"featured_media":121986,"comment_status":"open","ping_status":"open","sticky":false,"template":"","format":"standard","meta":{"footnotes":""},"categories":[16],"tags":[70,3539,53,2450,21626],"class_list":["post-121985","post","type-post","status-publish","format-standard","has-post-thumbnail","hentry","category-gremiales","tag-clarin","tag-conciliacion-obligatoria","tag-despidos","tag-diario-el-sindical","tag-sipreba"],"_links":{"self":[{"href":"https:\/\/www.elsindical.com.ar\/notas\/wp-json\/wp\/v2\/posts\/121985","targetHints":{"allow":["GET"]}}],"collection":[{"href":"https:\/\/www.elsindical.com.ar\/notas\/wp-json\/wp\/v2\/posts"}],"about":[{"href":"https:\/\/www.elsindical.com.ar\/notas\/wp-json\/wp\/v2\/types\/post"}],"author":[{"embeddable":true,"href":"https:\/\/www.elsindical.com.ar\/notas\/wp-json\/wp\/v2\/users\/1"}],"replies":[{"embeddable":true,"href":"https:\/\/www.elsindical.com.ar\/notas\/wp-json\/wp\/v2\/comments?post=121985"}],"version-history":[{"count":1,"href":"https:\/\/www.elsindical.com.ar\/notas\/wp-json\/wp\/v2\/posts\/121985\/revisions"}],"predecessor-version":[{"id":121987,"href":"https:\/\/www.elsindical.com.ar\/notas\/wp-json\/wp\/v2\/posts\/121985\/revisions\/121987"}],"wp:featuredmedia":[{"embeddable":true,"href":"https:\/\/www.elsindical.com.ar\/notas\/wp-json\/wp\/v2\/media\/121986"}],"wp:attachment":[{"href":"https:\/\/www.elsindical.com.ar\/notas\/wp-json\/wp\/v2\/media?parent=121985"}],"wp:term":[{"taxonomy":"category","embeddable":true,"href":"https:\/\/www.elsindical.com.ar\/notas\/wp-json\/wp\/v2\/categories?post=121985"},{"taxonomy":"post_tag","embeddable":true,"href":"https:\/\/www.elsindical.com.ar\/notas\/wp-json\/wp\/v2\/tags?post=121985"}],"curies":[{"name":"wp","href":"https:\/\/api.w.org\/{rel}","templated":true}]}}