{"id":121983,"date":"2023-04-19T15:43:23","date_gmt":"2023-04-19T18:43:23","guid":{"rendered":"https:\/\/www.elsindical.com.ar\/notas\/?p=121983"},"modified":"2023-04-19T15:43:24","modified_gmt":"2023-04-19T18:43:24","slug":"la-onu-insto-a-argentina-a-implementar-politicas-para-garantizar-los-derechos-de-las-personas-con-discapacidad","status":"publish","type":"post","link":"https:\/\/www.elsindical.com.ar\/notas\/la-onu-insto-a-argentina-a-implementar-politicas-para-garantizar-los-derechos-de-las-personas-con-discapacidad\/","title":{"rendered":"La ONU inst\u00f3 a Argentina a implementar pol\u00edticas para garantizar los derechos de las personas con discapacidad"},"content":{"rendered":"<div class=\"wp-block-image\">\n<figure class=\"aligncenter size-full is-resized\"><a href=\"https:\/\/www.elsindical.com.ar\/notas\/var\/www\/html\/notas\/wp-content\/uploads\/2013\/02\/logo-discapacidad.jpg\"><img loading=\"lazy\" decoding=\"async\" src=\"https:\/\/www.elsindical.com.ar\/notas\/var\/www\/html\/notas\/wp-content\/uploads\/2013\/02\/logo-discapacidad.jpg\" alt=\"\" class=\"wp-image-32579\" width=\"417\" height=\"417\" srcset=\"https:\/\/www.elsindical.com.ar\/notas\/var\/www\/html\/notas\/wp-content\/uploads\/2013\/02\/logo-discapacidad.jpg 220w, https:\/\/www.elsindical.com.ar\/notas\/var\/www\/html\/notas\/wp-content\/uploads\/2013\/02\/logo-discapacidad-150x150.jpg 150w\" sizes=\"auto, (max-width: 417px) 100vw, 417px\" \/><\/a><\/figure>\n<\/div>\n\n\n<p><em>Fue en el marco dela revisi\u00f3n que hace peri\u00f3dicamente el comit\u00e9 especializado encargado de verificar que los Estados cumplan con la Convenci\u00f3n sobre los Derechos de las Personas con Discapacidad. ACIJ, junto a otras organizaciones, se hab\u00eda presentado ante dicha entidad para denunciar las barreras que enfrenta este grupo en el ejercicio de sus derechos.<\/em><\/p>\n\n\n\n<figure class=\"wp-block-table\"><table><tbody><tr><td><strong>El Comit\u00e9 sobre los Derechos de las Personas con Discapacidad de la Organizaci\u00f3n de las Naciones Unidas emiti\u00f3 un documento instando al Estado Argentino a dise\u00f1ar e implementar una amplia gama de pol\u00edticas p\u00fablicas para garantizar los derechos de las personas con discapacidad y hacer cesar las m\u00faltiples formas de violencia y discriminaci\u00f3n que enfrentan en diferentes \u00e1mbitos de sus vidas<\/strong>. Las observaciones fueron elaboradas en el marco de un examen peri\u00f3dico a nuestro pa\u00eds, en el que el referido Comit\u00e9 busc\u00f3 evaluar el nivel de cumplimiento de la Convenci\u00f3n sobre los Derechos de las Personas con Discapacidad y darle al Estado indicaciones para avanzar en ese sentido.&nbsp; Esta es la segunda vez que el Comit\u00e9 monitorea a Argentina desde que ratific\u00f3 la Convenci\u00f3n: <strong>en 2012 le dirigi\u00f3 50 recomendaciones, de las cuales el Estado cumpli\u00f3 apenas 8<\/strong>. Este dato refleja una brecha enorme que debe ser revertida en forma urgente.&nbsp; Para elaborar su informe, la ONU abri\u00f3 un proceso de participaci\u00f3n, que permiti\u00f3 que ACIJ se presentara junto a otras 26 organizaciones de la sociedad civil para denunciar el modo en el que viven las personas con discapacidad en nuestro pa\u00eds. Muchas de ellas fueron efectivamente incorporadas, y se transformaron as\u00ed en compromisos que el Estado deber\u00e1 cumplir si quiere respetar sus obligaciones internacionales. Los aportes de estas organizaciones fueron presentados en el Congreso de la Naci\u00f3n el 3 de abril. El video del encuentro est\u00e1 disponible <a href=\"https:\/\/acij.musvc3.net\/e\/t?q=8%3dAT5cET%26m%3dV%26x%3dW7Z%26y%3dU3dJT%26v%3dC4KqN_2rTu_C2_svcq_3A_2rTu_B7xR7.PpP4Lc0.mFn_MatQ_WpNbOm9_svcq_4A6_IRxZ_Te9kQkEoUssof_svcq_3a5Kn_NyLs8o_IRxZ_TeHk0mPz_IRxZ_S7P4D_n0n0vH_2rTu_C5fHk0m_MatQ_WFLuH_m2nKk0hI_2rTu_C5h0x6s6v%265%3dnP3M6k2bdX.x6u%26D3%3dT3cE&amp;mupckp=mupAtu4m8OiX0wt\" target=\"_blank\" rel=\"noreferrer noopener\">ac\u00e1<\/a>. &nbsp;Entre las observaciones realizadas en esta oportunidad por el Comit\u00e9 se destaca la necesidad de:&nbsp; Armonizar la legislaci\u00f3n y las pol\u00edticas p\u00fablicas de Argentina en materia de discapacidad a nivel federal, provincial y local con la Convenci\u00f3n, incluyendo la aprobaci\u00f3n de una nueva ley sobre los derechos de las personas con discapacidad alineada con el modelo de derechos humanos. Garantizar la participaci\u00f3n efectiva de las organizaciones de personas con discapacidad en la planificaci\u00f3n, ejecuci\u00f3n y evaluaci\u00f3n de legislaci\u00f3n y pol\u00edticas p\u00fablicas en materia de discapacidad.Avanzar en los procesos de externaci\u00f3n de las personas institucionalizadas, cerrar los hospitales psiqui\u00e1tricos, asegurar el abordaje de la salud mental en el primer nivel de atenci\u00f3n y prohibir las internaciones involuntarias.Prohibir las internaciones involuntarias.Reglamentar la Ley 26.480 de asistencia domiciliaria y garantizar la disponibilidad de apoyos para la vida independiente de las personas con discapacidad. Aumentar el presupuesto para salud mental conforme la pauta establecida por la Ley 26.657, seg\u00fan la cual el Estado debe destinar el 10% del presupuesto total de salud a salud mental.Redoblar esfuerzos para poner fin a la educaci\u00f3n especial segregada, incluyendo la elaboraci\u00f3n de un plan de acci\u00f3n nacional en educaci\u00f3n inclusiva con objetivos espec\u00edficos, plazos, recursos humanos y un presupuesto suficiente.Armonizar el C\u00f3digo Civil y Comercial de la Naci\u00f3n con la Convenci\u00f3n para garantizar el igual reconocimiento como persona ante la ley de todas las personas con discapacidad, incluyendo la eliminaci\u00f3n de las disposiciones que permiten la restricci\u00f3n de su capacidad jur\u00eddica y dejando atr\u00e1s la curatela. Reforzar las medidas afirmativas y los incentivos para alentar el empleo de las personas con discapacidad en los sectores p\u00fablico y privado.Reformar la legislaci\u00f3n en materia de pensiones no contributivas por \u00abinvalidez\u00bb para reemplazar el modelo m\u00e9dico por el de derechos humanos.Modificar el C\u00f3digo Nacional Electoral a fin de reconocer el derecho al voto de todas las personas con discapacidad. Incrementar esfuerzos para que las mujeres y ni\u00f1as con discapacidad puedan acceder a servicios de salud sexual y reproductiva de calidad.Incorporar la perspectiva de discapacidad en la Ley 26.061 y en el sistema de protecci\u00f3n integral de los derechos de las ni\u00f1as, ni\u00f1os y adolescentes. Garantizar la accesibilidad de la informaci\u00f3n en los medios de comunicaci\u00f3n p\u00fablica.Desarrollar un sistema de recopilaci\u00f3n de datos sobre las personas con discapacidad en todos los \u00e1mbitos de la vida.&nbsp; Desde ACIJ y desde todas las organizaciones que trabajamos por los derechos de las personas con discapacidad esperamos que esta vez las exhortaciones que formul\u00f3 el Comit\u00e9 s\u00ed redunden en cambios concretos que transformen sus vidas y permitan construir una sociedad m\u00e1s justa e inclusiva.&nbsp;<\/td><\/tr><\/tbody><\/table><\/figure>\n\n\n\n<figure class=\"wp-block-table\"><table><tbody><tr><td><a href=\"https:\/\/acij.musvc3.net\/e\/t?q=5%3d8VMZBV%265%3dS%26u%3dYOW%26v%3dWKaGV%26D%3d01M9K_ytlr_04_AsZs_K8_ytlr_99C4pGC7yGxL.vAv0y.HA9_ytlr_99_536HDLz_KjuW_UySB_KjuW_UyLy8tL658668GLlK73s_KjuW_UyfvP7Dv4w.3zIG_JXvi_UmLHEiH5Fv_KjuW_VweYsW_JXvi_TBUYe_ytlr_9XKhHuZ_JXvi_TBUYeV_KjuW_UNTMU-L_JXvi_TCotFn_KjuW_Vw7u_KjuW_UOM1F_BG2Kv7_ytlr_0763pEDH_ytlr_9YDLt_Fx6pN6_JXvi_Uk8633h4tpE_AsZs_KX2M6_5hF93p07_JXvi_Uk0xFlKtD%26k%3dFDK36L.FlM%262K%3d0UQW&amp;mupckp=mupAtu4m8OiX0wt\" target=\"_blank\" rel=\"noreferrer noopener\">Acced\u00e9 al documento del Comit\u00e9<\/a><\/td><\/tr><\/tbody><\/table><\/figure>\n","protected":false},"excerpt":{"rendered":"<p>Fue en el marco dela revisi\u00f3n que hace peri\u00f3dicamente el comit\u00e9 especializado encargado de verificar que los Estados cumplan con la Convenci\u00f3n sobre los Derechos de las Personas con Discapacidad. ACIJ, junto a otras organizaciones, se hab\u00eda presentado ante dicha entidad para denunciar las barreras que enfrenta este grupo en el ejercicio de sus derechos.&hellip;<\/p>\n","protected":false},"author":1,"featured_media":32579,"comment_status":"open","ping_status":"open","sticky":false,"template":"","format":"standard","meta":{"footnotes":""},"categories":[8],"tags":[17751,127,2450,39837,2338],"class_list":["post-121983","post","type-post","status-publish","format-standard","has-post-thumbnail","hentry","category-derechos-humanos","tag-acij","tag-argentina","tag-diario-el-sindical","tag-estado-argentino","tag-onu"],"_links":{"self":[{"href":"https:\/\/www.elsindical.com.ar\/notas\/wp-json\/wp\/v2\/posts\/121983","targetHints":{"allow":["GET"]}}],"collection":[{"href":"https:\/\/www.elsindical.com.ar\/notas\/wp-json\/wp\/v2\/posts"}],"about":[{"href":"https:\/\/www.elsindical.com.ar\/notas\/wp-json\/wp\/v2\/types\/post"}],"author":[{"embeddable":true,"href":"https:\/\/www.elsindical.com.ar\/notas\/wp-json\/wp\/v2\/users\/1"}],"replies":[{"embeddable":true,"href":"https:\/\/www.elsindical.com.ar\/notas\/wp-json\/wp\/v2\/comments?post=121983"}],"version-history":[{"count":1,"href":"https:\/\/www.elsindical.com.ar\/notas\/wp-json\/wp\/v2\/posts\/121983\/revisions"}],"predecessor-version":[{"id":121984,"href":"https:\/\/www.elsindical.com.ar\/notas\/wp-json\/wp\/v2\/posts\/121983\/revisions\/121984"}],"wp:featuredmedia":[{"embeddable":true,"href":"https:\/\/www.elsindical.com.ar\/notas\/wp-json\/wp\/v2\/media\/32579"}],"wp:attachment":[{"href":"https:\/\/www.elsindical.com.ar\/notas\/wp-json\/wp\/v2\/media?parent=121983"}],"wp:term":[{"taxonomy":"category","embeddable":true,"href":"https:\/\/www.elsindical.com.ar\/notas\/wp-json\/wp\/v2\/categories?post=121983"},{"taxonomy":"post_tag","embeddable":true,"href":"https:\/\/www.elsindical.com.ar\/notas\/wp-json\/wp\/v2\/tags?post=121983"}],"curies":[{"name":"wp","href":"https:\/\/api.w.org\/{rel}","templated":true}]}}