{"id":121977,"date":"2023-04-19T14:21:32","date_gmt":"2023-04-19T17:21:32","guid":{"rendered":"https:\/\/www.elsindical.com.ar\/notas\/?p=121977"},"modified":"2023-04-19T15:39:32","modified_gmt":"2023-04-19T18:39:32","slug":"lomas-de-zamora-protestas-por-posible-domiciliaria-a-mujer-que-asesino-a-su-pareja","status":"publish","type":"post","link":"https:\/\/www.elsindical.com.ar\/notas\/lomas-de-zamora-protestas-por-posible-domiciliaria-a-mujer-que-asesino-a-su-pareja\/","title":{"rendered":"Lomas de Zamora: Protestas por posible domiciliaria a mujer que asesin\u00f3 a su pareja"},"content":{"rendered":"<div class=\"wp-block-image\">\n<figure class=\"aligncenter size-full is-resized\"><a href=\"https:\/\/www.elsindical.com.ar\/notas\/var\/www\/html\/notas\/wp-content\/uploads\/2023\/04\/protesta-por-domiciliaria-a-Jenifer-Valdez.jpg\"><img loading=\"lazy\" decoding=\"async\" src=\"https:\/\/www.elsindical.com.ar\/notas\/var\/www\/html\/notas\/wp-content\/uploads\/2023\/04\/protesta-por-domiciliaria-a-Jenifer-Valdez.jpg\" alt=\"\" class=\"wp-image-121978\" width=\"842\" height=\"474\" srcset=\"https:\/\/www.elsindical.com.ar\/notas\/var\/www\/html\/notas\/wp-content\/uploads\/2023\/04\/protesta-por-domiciliaria-a-Jenifer-Valdez.jpg 636w, https:\/\/www.elsindical.com.ar\/notas\/var\/www\/html\/notas\/wp-content\/uploads\/2023\/04\/protesta-por-domiciliaria-a-Jenifer-Valdez-300x169.jpg 300w, https:\/\/www.elsindical.com.ar\/notas\/var\/www\/html\/notas\/wp-content\/uploads\/2023\/04\/protesta-por-domiciliaria-a-Jenifer-Valdez-500x281.jpg 500w, https:\/\/www.elsindical.com.ar\/notas\/var\/www\/html\/notas\/wp-content\/uploads\/2023\/04\/protesta-por-domiciliaria-a-Jenifer-Valdez-460x260.jpg 460w\" sizes=\"auto, (max-width: 842px) 100vw, 842px\" \/><\/a><\/figure>\n<\/div>\n\n\n<p>Jennifer Valdez podr\u00eda recibir prisi\u00f3n domiciliaria por el crimen de su pareja Nicol\u00e1s Guevara asesinado de una pu\u00f1alada el 27 de febrero en la localidad browniana. La mujer de 31 a\u00f1os apu\u00f1al\u00f3 a la v\u00edctima en medio de una discusi\u00f3n. Tanto ella como sus familiares sostienen que actu\u00f3 en defensa propia.<\/p>\n\n\n\n<p><strong>La raz\u00f3n por la que podr\u00eda recibir este beneficio se basa en la necesidad que tienen sus hijos de estar con su madre ya que ambos son menores de edad.<\/strong><\/p>\n\n\n\n<p>Desde la familia de la v\u00edctima sostienen que el hijo de Nicol\u00e1s tambi\u00e9n necesita de su padre \u201cque ya no est\u00e1\u201d.<\/p>\n\n\n\n<p>\u201cAc\u00e1 tambi\u00e9n hay un beb\u00e9 de 4 a\u00f1os que necesita de su pap\u00e1 y ella se lo mat\u00f3\u201d, declar\u00f3 Maia, ex pareja de la victima.<\/p>\n\n\n\n<p>En el d\u00eda que Nicol\u00e1s Guevara cumplir\u00eda 22 a\u00f1os familiares y allegados se reunieron frente a los Tribunales de Lomas de Zamora para pedir justicia por \u00e9l, tambi\u00e9n solicitan que a Jennifer no le den la prisi\u00f3n domiciliaria.<\/p>\n\n\n\n<p><strong>\u201cHoy el nene deber\u00eda estar festejando el cumplea\u00f1os de su pap\u00e1 y lo tiene que llorar en una tumba. Es injusto que le den el arresto domiciliaria\u201d, reclam\u00f3 Maia.<\/strong><\/p>\n\n\n\n<p>La causa caratulada como <strong>\u201chomicidio agravado por el v\u00ednculo\u201d<\/strong> se encuentra en la UFI N2 de Lomas de Zamora a cargo de la Fiscal Fabiola Juanatey.<\/p>\n\n\n\n<p><\/p>\n","protected":false},"excerpt":{"rendered":"<p>Jennifer Valdez podr\u00eda recibir prisi\u00f3n domiciliaria por el crimen de su pareja Nicol\u00e1s Guevara asesinado de una pu\u00f1alada el 27 de febrero en la localidad browniana. La mujer de 31 a\u00f1os apu\u00f1al\u00f3 a la v\u00edctima en medio de una discusi\u00f3n. Tanto ella como sus familiares sostienen que actu\u00f3 en defensa propia. La raz\u00f3n por la&hellip;<\/p>\n","protected":false},"author":1,"featured_media":121978,"comment_status":"open","ping_status":"open","sticky":false,"template":"","format":"standard","meta":{"footnotes":""},"categories":[20,25],"tags":[2999,2450,32487,40002,40004,744,40003,292],"class_list":["post-121977","post","type-post","status-publish","format-standard","has-post-thumbnail","hentry","category-judiciales","category-sociedad","tag-arresto-domiciliario","tag-diario-el-sindical","tag-fiscal-fabiola-juanatey","tag-jennifer-valdez","tag-juez-juan-ruiz","tag-lomas-de-zamora","tag-nicolas-guevara","tag-protesta"],"_links":{"self":[{"href":"https:\/\/www.elsindical.com.ar\/notas\/wp-json\/wp\/v2\/posts\/121977","targetHints":{"allow":["GET"]}}],"collection":[{"href":"https:\/\/www.elsindical.com.ar\/notas\/wp-json\/wp\/v2\/posts"}],"about":[{"href":"https:\/\/www.elsindical.com.ar\/notas\/wp-json\/wp\/v2\/types\/post"}],"author":[{"embeddable":true,"href":"https:\/\/www.elsindical.com.ar\/notas\/wp-json\/wp\/v2\/users\/1"}],"replies":[{"embeddable":true,"href":"https:\/\/www.elsindical.com.ar\/notas\/wp-json\/wp\/v2\/comments?post=121977"}],"version-history":[{"count":1,"href":"https:\/\/www.elsindical.com.ar\/notas\/wp-json\/wp\/v2\/posts\/121977\/revisions"}],"predecessor-version":[{"id":121979,"href":"https:\/\/www.elsindical.com.ar\/notas\/wp-json\/wp\/v2\/posts\/121977\/revisions\/121979"}],"wp:featuredmedia":[{"embeddable":true,"href":"https:\/\/www.elsindical.com.ar\/notas\/wp-json\/wp\/v2\/media\/121978"}],"wp:attachment":[{"href":"https:\/\/www.elsindical.com.ar\/notas\/wp-json\/wp\/v2\/media?parent=121977"}],"wp:term":[{"taxonomy":"category","embeddable":true,"href":"https:\/\/www.elsindical.com.ar\/notas\/wp-json\/wp\/v2\/categories?post=121977"},{"taxonomy":"post_tag","embeddable":true,"href":"https:\/\/www.elsindical.com.ar\/notas\/wp-json\/wp\/v2\/tags?post=121977"}],"curies":[{"name":"wp","href":"https:\/\/api.w.org\/{rel}","templated":true}]}}