{"id":12195,"date":"2011-02-03T13:28:19","date_gmt":"2011-02-03T16:28:19","guid":{"rendered":"http:\/\/www.elsindical.com.ar\/notas\/?p=12195"},"modified":"2011-02-03T13:28:19","modified_gmt":"2011-02-03T16:28:19","slug":"florencio-varelabalearon-a-un-efectivo-de-la-policia-federal","status":"publish","type":"post","link":"https:\/\/www.elsindical.com.ar\/notas\/florencio-varelabalearon-a-un-efectivo-de-la-policia-federal\/","title":{"rendered":"Florencio Varela:Balearon a un efectivo de la Polic\u00eda Federal"},"content":{"rendered":"<div id=\"cope\" style=\"text-align: justify;\"><a href=\"http:\/\/www.elsindical.com.ar\/notas\/var\/www\/html\/notas\/wp-content\/uploads\/2010\/05\/disparos-pistola1.jpg\"><img loading=\"lazy\" decoding=\"async\" class=\"alignleft size-full wp-image-6653\" title=\"disparos-pistola\" src=\"http:\/\/www.elsindical.com.ar\/notas\/var\/www\/html\/notas\/wp-content\/uploads\/2010\/05\/disparos-pistola1.jpg\" alt=\"\" width=\"236\" height=\"170\" \/><\/a>El hecho ocurri\u00f3 esta madrugada, cuando dos delincuentes interceptaron a un polic\u00eda para robarle la moto con la que circulaba por Florencio Varela. El agente estaba de civil, se resisti\u00f3 y los asaltantes le dispararon en la axila izquierda. Est\u00e1 internado en el hospital Churruca con pron\u00f3stico reservado. La Bonaerense realiza rastrillajes en la zona para dar con el paradero de los malhechores.<\/div>\n<div style=\"text-align: justify;\">Esta madrugada dos delincuentes le quitaron la moto a un suboficial de la Polic\u00eda Federal. El efectivo circulaba en su rodado particular con ropa de civil y fue interceptado por los dos hombres que forcejearon para robarle. El polic\u00eda se resisti\u00f3 y recibi\u00f3 un disparo en la axila izquierda.<\/p>\n<p>El hecho ocurri\u00f3 a las 12:30 hs.\u00a0en la intersecci\u00f3n de la calle Necochea y la avenida Del Trabajo, en la localidad de Florencio Varela. La Polic\u00eda Bonaerense realiza rastrillajes por la zona para dar con el paradero de ambos delincuentes que huyeron con la moto luego de disparar.<\/p>\n<p>Seg\u00fan informaron fuentes policiales, los delincuentes portaban armas de fuego y le exigieron al suboficial la entrega de la motocicleta, tras lo cual balearon al efectivo y escaparon.<\/p>\n<p>El efectivo fue trasladado de urgencia al hospital Mi Pueblo de Florencio Varela, donde se le efectuaron las primeras curaciones para derivarlo despu\u00e9s al centro asistencial Churruca, situado en Capital Federal.<\/p>\n<p>El subcomisario fue operado a ra\u00edz de la herida que le provoc\u00f3 el impacto de proyectil en la axila y se encuentra en el sector de Terapia Intensiva.<\/p><\/div>\n","protected":false},"excerpt":{"rendered":"<p>El hecho ocurri\u00f3 esta madrugada, cuando dos delincuentes interceptaron a un polic\u00eda para robarle la moto con la que circulaba por Florencio Varela. El agente estaba de civil, se resisti\u00f3 y los asaltantes le dispararon en la axila izquierda. Est\u00e1 internado en el hospital Churruca con pron\u00f3stico reservado. La Bonaerense realiza rastrillajes en la zona&hellip;<\/p>\n","protected":false},"author":1,"featured_media":0,"comment_status":"open","ping_status":"open","sticky":false,"template":"","format":"standard","meta":{"footnotes":""},"categories":[22],"tags":[410,1307,5840,1266,2516,5839,116],"class_list":["post-12195","post","type-post","status-publish","format-standard","hentry","category-policiales","tag-baleado","tag-florencio-varela","tag-hospital-churruca-vizca","tag-internado","tag-moto","tag-policia-de-civil","tag-robo"],"_links":{"self":[{"href":"https:\/\/www.elsindical.com.ar\/notas\/wp-json\/wp\/v2\/posts\/12195","targetHints":{"allow":["GET"]}}],"collection":[{"href":"https:\/\/www.elsindical.com.ar\/notas\/wp-json\/wp\/v2\/posts"}],"about":[{"href":"https:\/\/www.elsindical.com.ar\/notas\/wp-json\/wp\/v2\/types\/post"}],"author":[{"embeddable":true,"href":"https:\/\/www.elsindical.com.ar\/notas\/wp-json\/wp\/v2\/users\/1"}],"replies":[{"embeddable":true,"href":"https:\/\/www.elsindical.com.ar\/notas\/wp-json\/wp\/v2\/comments?post=12195"}],"version-history":[{"count":1,"href":"https:\/\/www.elsindical.com.ar\/notas\/wp-json\/wp\/v2\/posts\/12195\/revisions"}],"predecessor-version":[{"id":12196,"href":"https:\/\/www.elsindical.com.ar\/notas\/wp-json\/wp\/v2\/posts\/12195\/revisions\/12196"}],"wp:attachment":[{"href":"https:\/\/www.elsindical.com.ar\/notas\/wp-json\/wp\/v2\/media?parent=12195"}],"wp:term":[{"taxonomy":"category","embeddable":true,"href":"https:\/\/www.elsindical.com.ar\/notas\/wp-json\/wp\/v2\/categories?post=12195"},{"taxonomy":"post_tag","embeddable":true,"href":"https:\/\/www.elsindical.com.ar\/notas\/wp-json\/wp\/v2\/tags?post=12195"}],"curies":[{"name":"wp","href":"https:\/\/api.w.org\/{rel}","templated":true}]}}