{"id":121872,"date":"2023-04-15T21:03:43","date_gmt":"2023-04-16T00:03:43","guid":{"rendered":"https:\/\/www.elsindical.com.ar\/notas\/?p=121872"},"modified":"2023-04-15T21:03:44","modified_gmt":"2023-04-16T00:03:44","slug":"quilmes-asesinan-y-arrojan-al-rio-a-un-joven","status":"publish","type":"post","link":"https:\/\/www.elsindical.com.ar\/notas\/quilmes-asesinan-y-arrojan-al-rio-a-un-joven\/","title":{"rendered":"Quilmes: Asesinan y arrojan al r\u00edo a un joven"},"content":{"rendered":"<div class=\"wp-block-image\">\n<figure class=\"aligncenter size-full\"><a href=\"https:\/\/www.elsindical.com.ar\/notas\/var\/www\/html\/notas\/wp-content\/uploads\/2023\/04\/asesinato-en-la-ribera-de-Quilmes.jpg\"><img loading=\"lazy\" decoding=\"async\" width=\"838\" height=\"493\" src=\"https:\/\/www.elsindical.com.ar\/notas\/var\/www\/html\/notas\/wp-content\/uploads\/2023\/04\/asesinato-en-la-ribera-de-Quilmes.jpg\" alt=\"\" class=\"wp-image-121873\" srcset=\"https:\/\/www.elsindical.com.ar\/notas\/var\/www\/html\/notas\/wp-content\/uploads\/2023\/04\/asesinato-en-la-ribera-de-Quilmes.jpg 838w, https:\/\/www.elsindical.com.ar\/notas\/var\/www\/html\/notas\/wp-content\/uploads\/2023\/04\/asesinato-en-la-ribera-de-Quilmes-300x176.jpg 300w, https:\/\/www.elsindical.com.ar\/notas\/var\/www\/html\/notas\/wp-content\/uploads\/2023\/04\/asesinato-en-la-ribera-de-Quilmes-768x452.jpg 768w, https:\/\/www.elsindical.com.ar\/notas\/var\/www\/html\/notas\/wp-content\/uploads\/2023\/04\/asesinato-en-la-ribera-de-Quilmes-500x294.jpg 500w\" sizes=\"auto, (max-width: 838px) 100vw, 838px\" \/><\/a><\/figure>\n<\/div>\n\n\n<p>El cad\u00e1ver fue hallado por un hombre que buscaba metales en la costanera.<\/p>\n\n\n\n<p><strong>El cad\u00e1ver de un joven con sus manos atadas fue encontrado hoy por un vecino en la Costanera del partido bonaerense de Quilmes<\/strong>, y los investigadores procuraban determinar las causas del crimen, informaron fuentes policiales y judiciales. Se tratar\u00eda de un <strong>vecino de Claypole<\/strong>.<\/p>\n\n\n\n<p>El hallazgo se registr\u00f3 esta ma\u00f1ana al costado del r\u00edo sobre la calle Costanera y Otamendi, donde un recolector de metales observ\u00f3 <strong>el cuerpo tirado boca abajo con sus manos atadas a la altura de la cintura con una soga.<\/strong><\/p>\n\n\n\n<p>Fuentes policiales y judiciales informaron a T\u00e9lam que el hombre alert\u00f3 al n\u00famero de emergencias 911 e intervino la fiscal Karina Gallo, a cargo de la Unidad de Instrucci\u00f3n Funcional (UFI) 2 de Quilmes. En lugar trabaj\u00f3 el personal m\u00e9dico del Sistema de Atenci\u00f3n M\u00e9dica de Emergencias (SAME) que constat\u00f3 el deceso y peritos de la Delegaci\u00f3n Departamental de Investigaciones (DDI) local.<\/p>\n\n\n\n<p>Seg\u00fan las fuentes, <strong>los pesquisas hallaron en un bolsillo de la v\u00edctima un documento de identidad a nombre de Pablo Jorge Barrio (27), con domicilio en la localidad de Claypole.<\/strong><\/p>\n\n\n\n<p>Ese hombre no ten\u00eda antecedentes penales y la fiscal\u00eda dispuso que se realice la autopsia correspondiente para determinar la mec\u00e1nica del homicidio.<\/p>\n","protected":false},"excerpt":{"rendered":"<p>El cad\u00e1ver fue hallado por un hombre que buscaba metales en la costanera. El cad\u00e1ver de un joven con sus manos atadas fue encontrado hoy por un vecino en la Costanera del partido bonaerense de Quilmes, y los investigadores procuraban determinar las causas del crimen, informaron fuentes policiales y judiciales. Se tratar\u00eda de un vecino&hellip;<\/p>\n","protected":false},"author":1,"featured_media":121873,"comment_status":"open","ping_status":"open","sticky":false,"template":"","format":"standard","meta":{"footnotes":""},"categories":[22],"tags":[18888,2450,32379,39967,684,2499],"class_list":["post-121872","post","type-post","status-publish","format-standard","has-post-thumbnail","hentry","category-policiales","tag-claypole","tag-diario-el-sindical","tag-fiscal-karina-gallo","tag-pablo-jorge-barrio","tag-quilmes","tag-same"],"_links":{"self":[{"href":"https:\/\/www.elsindical.com.ar\/notas\/wp-json\/wp\/v2\/posts\/121872","targetHints":{"allow":["GET"]}}],"collection":[{"href":"https:\/\/www.elsindical.com.ar\/notas\/wp-json\/wp\/v2\/posts"}],"about":[{"href":"https:\/\/www.elsindical.com.ar\/notas\/wp-json\/wp\/v2\/types\/post"}],"author":[{"embeddable":true,"href":"https:\/\/www.elsindical.com.ar\/notas\/wp-json\/wp\/v2\/users\/1"}],"replies":[{"embeddable":true,"href":"https:\/\/www.elsindical.com.ar\/notas\/wp-json\/wp\/v2\/comments?post=121872"}],"version-history":[{"count":1,"href":"https:\/\/www.elsindical.com.ar\/notas\/wp-json\/wp\/v2\/posts\/121872\/revisions"}],"predecessor-version":[{"id":121874,"href":"https:\/\/www.elsindical.com.ar\/notas\/wp-json\/wp\/v2\/posts\/121872\/revisions\/121874"}],"wp:featuredmedia":[{"embeddable":true,"href":"https:\/\/www.elsindical.com.ar\/notas\/wp-json\/wp\/v2\/media\/121873"}],"wp:attachment":[{"href":"https:\/\/www.elsindical.com.ar\/notas\/wp-json\/wp\/v2\/media?parent=121872"}],"wp:term":[{"taxonomy":"category","embeddable":true,"href":"https:\/\/www.elsindical.com.ar\/notas\/wp-json\/wp\/v2\/categories?post=121872"},{"taxonomy":"post_tag","embeddable":true,"href":"https:\/\/www.elsindical.com.ar\/notas\/wp-json\/wp\/v2\/tags?post=121872"}],"curies":[{"name":"wp","href":"https:\/\/api.w.org\/{rel}","templated":true}]}}