{"id":121858,"date":"2023-04-15T11:09:19","date_gmt":"2023-04-15T14:09:19","guid":{"rendered":"https:\/\/www.elsindical.com.ar\/notas\/?p=121858"},"modified":"2023-04-15T11:09:21","modified_gmt":"2023-04-15T14:09:21","slug":"lomas-de-zamora-detienen-a-pai-umbanda-por-privar-de-la-libertad-y-violar-a-una-mujer","status":"publish","type":"post","link":"https:\/\/www.elsindical.com.ar\/notas\/lomas-de-zamora-detienen-a-pai-umbanda-por-privar-de-la-libertad-y-violar-a-una-mujer\/","title":{"rendered":"Lomas de Zamora: Detienen a Pai Umbanda por privar de la libertad y violar a una mujer"},"content":{"rendered":"<div class=\"wp-block-image\">\n<figure class=\"aligncenter size-full is-resized\"><a href=\"https:\/\/www.elsindical.com.ar\/notas\/var\/www\/html\/notas\/wp-content\/uploads\/2017\/12\/comisar\u00eda-5ta-Lomas-Villa-Fiorito.jpg\"><img loading=\"lazy\" decoding=\"async\" src=\"https:\/\/www.elsindical.com.ar\/notas\/var\/www\/html\/notas\/wp-content\/uploads\/2017\/12\/comisar\u00eda-5ta-Lomas-Villa-Fiorito.jpg\" alt=\"\" class=\"wp-image-74672\" width=\"753\" height=\"465\" srcset=\"https:\/\/www.elsindical.com.ar\/notas\/var\/www\/html\/notas\/wp-content\/uploads\/2017\/12\/comisar\u00eda-5ta-Lomas-Villa-Fiorito.jpg 531w, https:\/\/www.elsindical.com.ar\/notas\/var\/www\/html\/notas\/wp-content\/uploads\/2017\/12\/comisar\u00eda-5ta-Lomas-Villa-Fiorito-300x185.jpg 300w, https:\/\/www.elsindical.com.ar\/notas\/var\/www\/html\/notas\/wp-content\/uploads\/2017\/12\/comisar\u00eda-5ta-Lomas-Villa-Fiorito-486x300.jpg 486w\" sizes=\"auto, (max-width: 753px) 100vw, 753px\" \/><\/a><\/figure>\n<\/div>\n\n\n<p class=\"wp-block-paragraph\">Un pai umbanda, de 52 a\u00f1os, fue detenido acusado de abusar sexualmente, privar de su libertad y reducir a servidumbre a una mujer que se acerc\u00f3 a su templo de Fiorito, en Lomas de Zamora, en busca de curarse de una enfermedad en sus articulaciones.<\/p>\n\n\n\n<p class=\"wp-block-paragraph\">La detenci\u00f3n fue dispuesta por la fiscal de Lomas de Zamora, Marcela Juan, y convalidada por el juez de Garant\u00edas Jorge L\u00f3pez.<\/p>\n\n\n\n<p class=\"wp-block-paragraph\">Seg\u00fan acusaci\u00f3n fiscal, <strong>todo comenz\u00f3 en febrero \u00faltimo cuando un pai umbanda, de nacionalidad brasilera, de 52 a\u00f1os, comenz\u00f3 a amenazar de muerte a una mujer de 49 a\u00f1os que asist\u00eda a su templo ya que buscaba la sanaci\u00f3n a una enfermedad que sufr\u00eda.<\/strong><\/p>\n\n\n\n<p class=\"wp-block-paragraph\">El sujeto le mandaba fotos de sus armas y le dec\u00eda: \u201cTe voy a hacer mierda\u201d. As\u00ed, vali\u00e9ndose de la situaci\u00f3n de vulnerabilidad de la v\u00edctima logr\u00f3 que fuera a vivir con \u00e9l en una vivienda de la calle Bucarest en Fiorito.<\/p>\n\n\n\n<p class=\"wp-block-paragraph\">All\u00ed comenz\u00f3 el infierno para la mujer. El pai umbanda no s\u00f3lo la sigui\u00f3 amenazando de muerte sino que abus\u00f3 sexualmente de ella en reiteradas oportunidades, en el transcurso de los tres meses que la v\u00edctima padeci\u00f3 los delitos.<\/p>\n\n\n\n<p class=\"wp-block-paragraph\">\u201cLa somet\u00eda a malos tratos permanentes y la oblig\u00f3 a ser su pareja, separ\u00e1ndola de familiares y amigos\u201d, sostuvo una fuente ligada a la investigaci\u00f3n.<\/p>\n\n\n\n<p class=\"wp-block-paragraph\">De acuerdo a la acusaci\u00f3n, el pai umbanda no la dejaba salir sola de la casa, ni usar el celular o las redes sociales sin su control.<\/p>\n\n\n\n<p class=\"wp-block-paragraph\">\u201cLa obligaba a consumir alcohol y a filmar videos de contenido sexual\u201d, agregaron las fuentes consultadas por este portal.<\/p>\n\n\n\n<p class=\"wp-block-paragraph\">A principios de este mes, el imputado la someti\u00f3 a una dur\u00edsima golpiza a la mujer, tras lo cual ella logr\u00f3 evadir sus \u201ccontroles\u201d y dio aviso a un allegado que hizo la denuncia y fue liberada.<\/p>\n\n\n\n<p class=\"wp-block-paragraph\"><strong>Tras la ratificaci\u00f3n de esa denuncia, la fiscal Marcela Juan orden\u00f3 la detenci\u00f3n del pai umbanda brasile\u00f1o. En la vivienda-templo se secuestraron dos rev\u00f3lveres calibre 38 y 32 y una pistola 22.<\/strong><\/p>\n\n\n\n<p class=\"wp-block-paragraph\">El sujeto qued\u00f3 imputado de \u201ccoacci\u00f3n, reducci\u00f3n a la servidumbre, abuso sexual gravemente ultrajante con acceso carnal agravado por ser el autor ministro de un culto, por el empleo armas, lesiones leves agravadas por haber sido perpetradas por un hombre hacia una mujer mediando violencia de g\u00e9nero, amenazas y &nbsp;tenencia ilegal de arma de guerra, todo ello en concurso real entre s\u00ed, en el contexto de violencia de g\u00e9nero\u201d.<\/p>\n\n\n\n<p class=\"wp-block-paragraph\">En su declaraci\u00f3n indagatoria, el imputado asegur\u00f3 que la mujer se encontraba con \u00e9l por voluntad propia y neg\u00f3 todas las imputaciones.<\/p>\n","protected":false},"excerpt":{"rendered":"<p>Un pai umbanda, de 52 a\u00f1os, fue detenido acusado de abusar sexualmente, privar de su libertad y reducir a servidumbre a una mujer que se acerc\u00f3 a su templo de Fiorito, en Lomas de Zamora, en busca de curarse de una enfermedad en sus articulaciones. La detenci\u00f3n fue dispuesta por la fiscal de Lomas de&hellip;<\/p>\n","protected":false},"author":1,"featured_media":74672,"comment_status":"open","ping_status":"open","sticky":false,"template":"","format":"standard","meta":{"footnotes":""},"categories":[22],"tags":[2450,744,39965,16438,4292,271],"class_list":["post-121858","post","type-post","status-publish","format-standard","has-post-thumbnail","hentry","category-policiales","tag-diario-el-sindical","tag-lomas-de-zamora","tag-pai","tag-umbanda","tag-villa-fiorito","tag-violacion"],"_links":{"self":[{"href":"https:\/\/www.elsindical.com.ar\/notas\/wp-json\/wp\/v2\/posts\/121858","targetHints":{"allow":["GET"]}}],"collection":[{"href":"https:\/\/www.elsindical.com.ar\/notas\/wp-json\/wp\/v2\/posts"}],"about":[{"href":"https:\/\/www.elsindical.com.ar\/notas\/wp-json\/wp\/v2\/types\/post"}],"author":[{"embeddable":true,"href":"https:\/\/www.elsindical.com.ar\/notas\/wp-json\/wp\/v2\/users\/1"}],"replies":[{"embeddable":true,"href":"https:\/\/www.elsindical.com.ar\/notas\/wp-json\/wp\/v2\/comments?post=121858"}],"version-history":[{"count":1,"href":"https:\/\/www.elsindical.com.ar\/notas\/wp-json\/wp\/v2\/posts\/121858\/revisions"}],"predecessor-version":[{"id":121859,"href":"https:\/\/www.elsindical.com.ar\/notas\/wp-json\/wp\/v2\/posts\/121858\/revisions\/121859"}],"wp:featuredmedia":[{"embeddable":true,"href":"https:\/\/www.elsindical.com.ar\/notas\/wp-json\/wp\/v2\/media\/74672"}],"wp:attachment":[{"href":"https:\/\/www.elsindical.com.ar\/notas\/wp-json\/wp\/v2\/media?parent=121858"}],"wp:term":[{"taxonomy":"category","embeddable":true,"href":"https:\/\/www.elsindical.com.ar\/notas\/wp-json\/wp\/v2\/categories?post=121858"},{"taxonomy":"post_tag","embeddable":true,"href":"https:\/\/www.elsindical.com.ar\/notas\/wp-json\/wp\/v2\/tags?post=121858"}],"curies":[{"name":"wp","href":"https:\/\/api.w.org\/{rel}","templated":true}]}}