{"id":121804,"date":"2023-04-12T09:53:00","date_gmt":"2023-04-12T12:53:00","guid":{"rendered":"https:\/\/www.elsindical.com.ar\/notas\/?p=121804"},"modified":"2023-04-13T10:35:11","modified_gmt":"2023-04-13T13:35:11","slug":"rodriguez-larreta-milei-bullrich-y-schiaretti-estaran-juntos-en-la-rural","status":"publish","type":"post","link":"https:\/\/www.elsindical.com.ar\/notas\/rodriguez-larreta-milei-bullrich-y-schiaretti-estaran-juntos-en-la-rural\/","title":{"rendered":"Rodr\u00edguez Larreta, Milei, Bullrich y Schiaretti estar\u00e1n juntos en La Rural"},"content":{"rendered":"\n<figure class=\"wp-block-image size-full\"><a href=\"https:\/\/www.elsindical.com.ar\/notas\/var\/www\/html\/notas\/wp-content\/uploads\/2023\/04\/Sociedad-Rural-Argentina-predio.jpg\"><img loading=\"lazy\" decoding=\"async\" width=\"1000\" height=\"592\" src=\"https:\/\/www.elsindical.com.ar\/notas\/var\/www\/html\/notas\/wp-content\/uploads\/2023\/04\/Sociedad-Rural-Argentina-predio.jpg\" alt=\"\" class=\"wp-image-121805\" srcset=\"https:\/\/www.elsindical.com.ar\/notas\/var\/www\/html\/notas\/wp-content\/uploads\/2023\/04\/Sociedad-Rural-Argentina-predio.jpg 1000w, https:\/\/www.elsindical.com.ar\/notas\/var\/www\/html\/notas\/wp-content\/uploads\/2023\/04\/Sociedad-Rural-Argentina-predio-300x178.jpg 300w, https:\/\/www.elsindical.com.ar\/notas\/var\/www\/html\/notas\/wp-content\/uploads\/2023\/04\/Sociedad-Rural-Argentina-predio-768x455.jpg 768w, https:\/\/www.elsindical.com.ar\/notas\/var\/www\/html\/notas\/wp-content\/uploads\/2023\/04\/Sociedad-Rural-Argentina-predio-500x296.jpg 500w\" sizes=\"auto, (max-width: 1000px) 100vw, 1000px\" \/><\/a><\/figure>\n\n\n\n<p>Es para hacer la presentaci\u00f3n de sus propuestas nacionales ante la Sociedad Rural Argentina (SRA).<\/p>\n\n\n\n<p>En plena<strong> carrera electoral<\/strong> de cara a los comicios de octubre, este mi\u00e9rcoles se da <strong>el encuentro menos pensado<\/strong>. Mientras los diferentes espacios pol\u00edticos ajustan sus sistemas y en medio de no pocos cruces y enfrentamientos internos; algunos de los principales candidatos se muestran juntos.<\/p>\n\n\n\n<p>El escenario elegido para el encuentro es el predio de la <strong>Sociedad Rural en Palermo<\/strong>, donde -como dato saliente- se ver\u00e1n las caras los protagonistas de la interna del PRO; <strong>Horacio Rodr\u00edguez Larreta y Patricia Bullrich.<\/strong><\/p>\n\n\n\n<p>Es para hacer la presentaci\u00f3n de sus propuestas nacionales ante la <strong>Sociedad Rural Argentina (SRA).<\/strong><\/p>\n\n\n\n<p>Tambi\u00e9n estar\u00e1n presentes <strong>Gerardo Morales, Javier Milei, Miguel \u00c1ngel Pichetto y Juan Schiaretti<\/strong>, a partir de las <strong>15<\/strong> en el <strong>Auditorio Principal<\/strong>, dentro del Pabell\u00f3n Rojo.<\/p>\n\n\n\n<p>Se trata de un encuentro destinado a que cada postulante pueda <strong>mostrar las ideas que propone de cara a las elecciones primarias del 13 de agosto.<\/strong><\/p>\n\n\n\n<p>Adem\u00e1s, podr\u00eda ser el primer encuentro&nbsp;frente a frente de <strong>Bullrich<\/strong> con <strong>Rodr\u00edguez Larreta<\/strong> tras el cimbronazo por el desdoblamiento concurrente en las elecciones de la Ciudad y el enojo de la c\u00fapula del PRO.<\/p>\n\n\n\n<p>El predio de <strong>La Rural<\/strong> tambi\u00e9n recibir\u00e1 este mi\u00e9rcoles al ex presidente <strong>Mauricio Macri<\/strong>, aunque ser\u00e1 en otro evento: el almuerzo del <strong>Consejo Interamericano de Comercio y Producci\u00f3n (Cicyp).<\/strong><\/p>\n","protected":false},"excerpt":{"rendered":"<p>Es para hacer la presentaci\u00f3n de sus propuestas nacionales ante la Sociedad Rural Argentina (SRA). En plena carrera electoral de cara a los comicios de octubre, este mi\u00e9rcoles se da el encuentro menos pensado. Mientras los diferentes espacios pol\u00edticos ajustan sus sistemas y en medio de no pocos cruces y enfrentamientos internos; algunos de los&hellip;<\/p>\n","protected":false},"author":1,"featured_media":121805,"comment_status":"open","ping_status":"open","sticky":false,"template":"","format":"standard","meta":{"footnotes":""},"categories":[13],"tags":[2450,1943,28812,30895,14623,1241],"class_list":["post-121804","post","type-post","status-publish","format-standard","has-post-thumbnail","hentry","category-politica","tag-diario-el-sindical","tag-horacio-rodriguez-larreta","tag-javier-milei","tag-juan-schiaretti","tag-la-rural","tag-patricia-bullrich"],"_links":{"self":[{"href":"https:\/\/www.elsindical.com.ar\/notas\/wp-json\/wp\/v2\/posts\/121804","targetHints":{"allow":["GET"]}}],"collection":[{"href":"https:\/\/www.elsindical.com.ar\/notas\/wp-json\/wp\/v2\/posts"}],"about":[{"href":"https:\/\/www.elsindical.com.ar\/notas\/wp-json\/wp\/v2\/types\/post"}],"author":[{"embeddable":true,"href":"https:\/\/www.elsindical.com.ar\/notas\/wp-json\/wp\/v2\/users\/1"}],"replies":[{"embeddable":true,"href":"https:\/\/www.elsindical.com.ar\/notas\/wp-json\/wp\/v2\/comments?post=121804"}],"version-history":[{"count":1,"href":"https:\/\/www.elsindical.com.ar\/notas\/wp-json\/wp\/v2\/posts\/121804\/revisions"}],"predecessor-version":[{"id":121806,"href":"https:\/\/www.elsindical.com.ar\/notas\/wp-json\/wp\/v2\/posts\/121804\/revisions\/121806"}],"wp:featuredmedia":[{"embeddable":true,"href":"https:\/\/www.elsindical.com.ar\/notas\/wp-json\/wp\/v2\/media\/121805"}],"wp:attachment":[{"href":"https:\/\/www.elsindical.com.ar\/notas\/wp-json\/wp\/v2\/media?parent=121804"}],"wp:term":[{"taxonomy":"category","embeddable":true,"href":"https:\/\/www.elsindical.com.ar\/notas\/wp-json\/wp\/v2\/categories?post=121804"},{"taxonomy":"post_tag","embeddable":true,"href":"https:\/\/www.elsindical.com.ar\/notas\/wp-json\/wp\/v2\/tags?post=121804"}],"curies":[{"name":"wp","href":"https:\/\/api.w.org\/{rel}","templated":true}]}}