{"id":121800,"date":"2023-04-13T01:43:00","date_gmt":"2023-04-13T04:43:00","guid":{"rendered":"https:\/\/www.elsindical.com.ar\/notas\/?p=121800"},"modified":"2023-04-13T01:47:03","modified_gmt":"2023-04-13T04:47:03","slug":"nestor-grindetti-prioriza-el-futbol-a-los-vecinos-de-lanus-se-toma-licencia-para-asumir-en-independiente-kravetz-es-el-intendente","status":"publish","type":"post","link":"https:\/\/www.elsindical.com.ar\/notas\/nestor-grindetti-prioriza-el-futbol-a-los-vecinos-de-lanus-se-toma-licencia-para-asumir-en-independiente-kravetz-es-el-intendente\/","title":{"rendered":"N\u00e9stor Grindetti prioriza el f\u00fatbol a los vecinos de Lan\u00fas, se toma licencia para asumir en Independiente Kravetz es el intendente"},"content":{"rendered":"<div class=\"wp-block-image\">\n<figure class=\"aligncenter size-full\"><a href=\"https:\/\/www.elsindical.com.ar\/notas\/var\/www\/html\/notas\/wp-content\/uploads\/2023\/04\/Nestor-Grindetti-en-Independiente.jpg\"><img loading=\"lazy\" decoding=\"async\" width=\"750\" height=\"483\" src=\"https:\/\/www.elsindical.com.ar\/notas\/var\/www\/html\/notas\/wp-content\/uploads\/2023\/04\/Nestor-Grindetti-en-Independiente.jpg\" alt=\"\" class=\"wp-image-121801\" srcset=\"https:\/\/www.elsindical.com.ar\/notas\/var\/www\/html\/notas\/wp-content\/uploads\/2023\/04\/Nestor-Grindetti-en-Independiente.jpg 750w, https:\/\/www.elsindical.com.ar\/notas\/var\/www\/html\/notas\/wp-content\/uploads\/2023\/04\/Nestor-Grindetti-en-Independiente-300x193.jpg 300w, https:\/\/www.elsindical.com.ar\/notas\/var\/www\/html\/notas\/wp-content\/uploads\/2023\/04\/Nestor-Grindetti-en-Independiente-466x300.jpg 466w\" sizes=\"auto, (max-width: 750px) 100vw, 750px\" \/><\/a><\/figure>\n<\/div>\n\n\n<p>   <strong>N\u00e9stor Grindetti confirm\u00f3 ayer, tras la denuncia de Fabi\u00e1n Doman, que asumir\u00e1 la presidencia interina del Club Atl\u00e9tico Independiente y se tomar\u00e1 licencia como Intendente de Lan\u00fas<\/strong>, cargo que quedar\u00e1 en manos de Diego Kravetz.<\/p>\n\n\n\n<p>De acuerdo a lo que trascendi\u00f3, se tomar\u00e1 30 d\u00edas de licencia para asumir como presidente interino de Independiente y <strong>en el Municipio ser\u00e1 reemplazado por el jefe de Gabinete y responsable del \u00e1rea de Seguridad, Diego Kravetz.<\/strong><\/p>\n\n\n\n<p>El anuncio lo hizo a trav\u00e9s de un video que se difundi\u00f3 por sus redes sociales.<\/p>\n\n\n\n<p><strong>\u201cQuiero contarles a todos los socios e hinchas de Independiente que ante la renuncia de Fabi\u00e1n Doman como Presidente de nuestro club, voy a asumir ese mismo cargo de forma interina como marca el estatuto\u201d<\/strong>, anunciaba ayer, en medio del esc\u00e1ndalo.<\/p>\n\n\n\n<p>\u201cDesde que esta comisi\u00f3n asumi\u00f3 se ha logrado reducir el d\u00e9ficit operativo, conseguimos sponsors para aumentar los ingresos y seguimos trabajando para solucionar los terribles problemas que hemos heredado de la gesti\u00f3n anterior. El camino no es sencillo pero estoy seguro de que entre todos vamos a poder encontrar las soluciones que necesitamos\u201d, reflexion\u00f3.<\/p>\n\n\n\n<p>Si bien en el video, de forma irresponsable y casi sin respeto por su cargo, pero m\u00e1s por sus votantes, se excusa diciendo que todo sigue igual que queda Diego Kravetz con todo el equipo, que no cambia nada, en realidad cambia todo, qu\u00e9 credibilidad puede tener un pol\u00edtico que deja su cargo para representar a un club de f\u00fatbol? es decir, su prioridad es cumplir con los votantes de una entidad deportiva, por sobre cuestiones relevantes como la de representar en todos los aspectos a los vecinos de Lan\u00fas. No es lo mismo el intendente electo que un intendente interino que nadie voto.<\/p>\n\n\n\n<p>Si los vecinos de Lan\u00fas son inteligentes todos deber\u00edan reclamarle a Grindetti que sea responsable y coherente, si su prioridad es un club de f\u00fatbol entonces que renuncia a la intendencia y a la pol\u00edtica, nadie lo obliga a postularse ni a seguir en el cargo, recuerden esto cuando tengan que votar, sino no se queje.<\/p>\n\n\n\n<figure class=\"wp-block-embed is-type-video is-provider-youtube wp-block-embed-youtube wp-embed-aspect-16-9 wp-has-aspect-ratio\"><div class=\"wp-block-embed__wrapper\">\n<iframe loading=\"lazy\" title=\"Licencia de Grindetti en el municipio para asumir en Independiente\" width=\"700\" height=\"394\" src=\"https:\/\/www.youtube.com\/embed\/OlQYAwwlRdE?feature=oembed\" frameborder=\"0\" allow=\"accelerometer; autoplay; clipboard-write; encrypted-media; gyroscope; picture-in-picture; web-share\" allowfullscreen><\/iframe>\n<\/div><\/figure>\n\n\n\n<p>Por Marcelo Ricardo Hawrylciw<\/p>\n","protected":false},"excerpt":{"rendered":"<p>N\u00e9stor Grindetti confirm\u00f3 ayer, tras la denuncia de Fabi\u00e1n Doman, que asumir\u00e1 la presidencia interina del Club Atl\u00e9tico Independiente y se tomar\u00e1 licencia como Intendente de Lan\u00fas, cargo que quedar\u00e1 en manos de Diego Kravetz. De acuerdo a lo que trascendi\u00f3, se tomar\u00e1 30 d\u00edas de licencia para asumir como presidente interino de Independiente y&hellip;<\/p>\n","protected":false},"author":1,"featured_media":121801,"comment_status":"open","ping_status":"open","sticky":false,"template":"","format":"standard","meta":{"footnotes":""},"categories":[10],"tags":[11318,2450,23470,209,855,5025,22025,986],"class_list":["post-121800","post","type-post","status-publish","format-standard","has-post-thumbnail","hentry","category-editorial","tag-club-atletico-independiente","tag-diario-el-sindical","tag-diego-kravetz","tag-lanus","tag-licencia","tag-nestor-grindetti","tag-politica","tag-vecinos"],"_links":{"self":[{"href":"https:\/\/www.elsindical.com.ar\/notas\/wp-json\/wp\/v2\/posts\/121800","targetHints":{"allow":["GET"]}}],"collection":[{"href":"https:\/\/www.elsindical.com.ar\/notas\/wp-json\/wp\/v2\/posts"}],"about":[{"href":"https:\/\/www.elsindical.com.ar\/notas\/wp-json\/wp\/v2\/types\/post"}],"author":[{"embeddable":true,"href":"https:\/\/www.elsindical.com.ar\/notas\/wp-json\/wp\/v2\/users\/1"}],"replies":[{"embeddable":true,"href":"https:\/\/www.elsindical.com.ar\/notas\/wp-json\/wp\/v2\/comments?post=121800"}],"version-history":[{"count":2,"href":"https:\/\/www.elsindical.com.ar\/notas\/wp-json\/wp\/v2\/posts\/121800\/revisions"}],"predecessor-version":[{"id":121803,"href":"https:\/\/www.elsindical.com.ar\/notas\/wp-json\/wp\/v2\/posts\/121800\/revisions\/121803"}],"wp:featuredmedia":[{"embeddable":true,"href":"https:\/\/www.elsindical.com.ar\/notas\/wp-json\/wp\/v2\/media\/121801"}],"wp:attachment":[{"href":"https:\/\/www.elsindical.com.ar\/notas\/wp-json\/wp\/v2\/media?parent=121800"}],"wp:term":[{"taxonomy":"category","embeddable":true,"href":"https:\/\/www.elsindical.com.ar\/notas\/wp-json\/wp\/v2\/categories?post=121800"},{"taxonomy":"post_tag","embeddable":true,"href":"https:\/\/www.elsindical.com.ar\/notas\/wp-json\/wp\/v2\/tags?post=121800"}],"curies":[{"name":"wp","href":"https:\/\/api.w.org\/{rel}","templated":true}]}}