{"id":121788,"date":"2023-04-13T00:06:53","date_gmt":"2023-04-13T03:06:53","guid":{"rendered":"https:\/\/www.elsindical.com.ar\/notas\/?p=121788"},"modified":"2023-04-13T00:06:54","modified_gmt":"2023-04-13T03:06:54","slug":"uatre-reclama-por-la-regularizacion-de-los-trabajadores-de-pollolin","status":"publish","type":"post","link":"https:\/\/www.elsindical.com.ar\/notas\/uatre-reclama-por-la-regularizacion-de-los-trabajadores-de-pollolin\/","title":{"rendered":"UATRE reclama por la regularizaci\u00f3n de los trabajadores de Pollol\u00edn"},"content":{"rendered":"<div class=\"wp-block-image\">\n<figure class=\"aligncenter size-full\"><a href=\"https:\/\/www.elsindical.com.ar\/notas\/var\/www\/html\/notas\/wp-content\/uploads\/2023\/04\/Trabajadores-de-Pollolin-1.jpeg\"><img loading=\"lazy\" decoding=\"async\" width=\"735\" height=\"424\" src=\"https:\/\/www.elsindical.com.ar\/notas\/var\/www\/html\/notas\/wp-content\/uploads\/2023\/04\/Trabajadores-de-Pollolin-1.jpeg\" alt=\"\" class=\"wp-image-121789\" srcset=\"https:\/\/www.elsindical.com.ar\/notas\/var\/www\/html\/notas\/wp-content\/uploads\/2023\/04\/Trabajadores-de-Pollolin-1.jpeg 735w, https:\/\/www.elsindical.com.ar\/notas\/var\/www\/html\/notas\/wp-content\/uploads\/2023\/04\/Trabajadores-de-Pollolin-1-300x173.jpeg 300w, https:\/\/www.elsindical.com.ar\/notas\/var\/www\/html\/notas\/wp-content\/uploads\/2023\/04\/Trabajadores-de-Pollolin-1-500x288.jpeg 500w, https:\/\/www.elsindical.com.ar\/notas\/var\/www\/html\/notas\/wp-content\/uploads\/2023\/04\/Trabajadores-de-Pollolin-1-220x126.jpeg 220w\" sizes=\"auto, (max-width: 735px) 100vw, 735px\" \/><\/a><\/figure>\n<\/div>\n\n\n<p>La Uni\u00f3n Argentina de Trabajadores Rurales y Estibadores (UATRE), liderada por Jos\u00e9 Voytenco reclama la regularizaci\u00f3n de los salarios y el resguardo de los puestos de trabajo de los compa\u00f1eros que realizan sus actividades en la empresa Pollol\u00edn de Cipolleti, R\u00edo Negro.<\/p>\n\n\n\n<p>\u201cVemos la alarmante situaci\u00f3n que sufren los compa\u00f1eros que trabajan en Pollol\u00edn. Sabemos que los compa\u00f1eros est\u00e1n atravesando el delicado momento de recibir el pago de sus salarios en cuotas y que ven la posibilidad de perder su fuente de trabajo. UATRE est\u00e1 con ustedes e iremos hasta las \u00faltimas consecuencias para cuidar el salario y la manutenci\u00f3n de los compa\u00f1eros\u201d, manifest\u00f3 Jos\u00e9 Voytenco sobre el conflicto.<\/p>\n\n\n\n<p>As\u00ed, desde la UATRE aseguraron que acompa\u00f1an el justo reclamo junto a los compa\u00f1eros del Sindicato de Trabajadores de Industrias de la Alimentaci\u00f3n (STIA) y del Sindicato de Trabajadores de la Industria del Hielo y Mercados Particulares de la Rep\u00fablica Argentina (STIHMPRA).<\/p>\n\n\n\n<p>Cabe recordar que los trabajadores de la empresa Pollol\u00edn realizaron hoy un corte en los puentes carreteros de Cipolletti y Neuqu\u00e9n denunciando que la empresa est\u00e1 pagando los sueldos en cuotas y hay riesgo de reducir el personal. Si bien el corte fue levantado, el paro contin\u00faa por tiempo indeterminado.<\/p>\n\n\n\n<p>As\u00ed, los trabajadores explicaron que los casos de gripe aviar complicaron la situaci\u00f3n econ\u00f3mica de la empresa y ahora temen por sus puestos laborales. Aseguran que actualmente hay m\u00e1s de 900 empleados que dependen de la misma.<\/p>\n\n\n\n<p>Por otro lado, manifestaron que Pollol\u00edn present\u00f3 un documento que refleja la crisis que atraviesa la firma, y solicit\u00f3 la ayuda del gobierno provincial. En caso de no recibir ayuda, desde la compa\u00f1\u00eda les ofrecieron tres opciones; reducir las horas de trabajo y pagar solo las horas trabajadas, suspender personal temporalmente e ir rotando a los trabajadores o reducir la planta de trabajadores a la mitad. De esta manera, los trabajadores en las \u00faltimas semanas debieron bajar el rendimiento productivo al 50%.<\/p>\n\n\n\n<figure class=\"wp-block-gallery has-nested-images columns-1 is-cropped wp-block-gallery-1 is-layout-flex wp-block-gallery-is-layout-flex\">\n<figure class=\"wp-block-image size-large\"><a href=\"https:\/\/www.elsindical.com.ar\/notas\/var\/www\/html\/notas\/wp-content\/uploads\/2023\/04\/Trabajadores-de-Pollolin-2.jpeg\"><img loading=\"lazy\" decoding=\"async\" width=\"567\" height=\"419\" data-id=\"121790\" src=\"https:\/\/www.elsindical.com.ar\/notas\/var\/www\/html\/notas\/wp-content\/uploads\/2023\/04\/Trabajadores-de-Pollolin-2.jpeg\" alt=\"\" class=\"wp-image-121790\" srcset=\"https:\/\/www.elsindical.com.ar\/notas\/var\/www\/html\/notas\/wp-content\/uploads\/2023\/04\/Trabajadores-de-Pollolin-2.jpeg 567w, https:\/\/www.elsindical.com.ar\/notas\/var\/www\/html\/notas\/wp-content\/uploads\/2023\/04\/Trabajadores-de-Pollolin-2-300x222.jpeg 300w, https:\/\/www.elsindical.com.ar\/notas\/var\/www\/html\/notas\/wp-content\/uploads\/2023\/04\/Trabajadores-de-Pollolin-2-406x300.jpeg 406w\" sizes=\"auto, (max-width: 567px) 100vw, 567px\" \/><\/a><\/figure>\n\n\n\n<figure class=\"wp-block-image size-large\"><a href=\"https:\/\/www.elsindical.com.ar\/notas\/var\/www\/html\/notas\/wp-content\/uploads\/2023\/04\/Trabajadores-de-Pollolin-3.jpeg\"><img loading=\"lazy\" decoding=\"async\" width=\"720\" height=\"540\" data-id=\"121791\" src=\"https:\/\/www.elsindical.com.ar\/notas\/var\/www\/html\/notas\/wp-content\/uploads\/2023\/04\/Trabajadores-de-Pollolin-3.jpeg\" alt=\"\" class=\"wp-image-121791\" srcset=\"https:\/\/www.elsindical.com.ar\/notas\/var\/www\/html\/notas\/wp-content\/uploads\/2023\/04\/Trabajadores-de-Pollolin-3.jpeg 720w, https:\/\/www.elsindical.com.ar\/notas\/var\/www\/html\/notas\/wp-content\/uploads\/2023\/04\/Trabajadores-de-Pollolin-3-300x225.jpeg 300w, https:\/\/www.elsindical.com.ar\/notas\/var\/www\/html\/notas\/wp-content\/uploads\/2023\/04\/Trabajadores-de-Pollolin-3-400x300.jpeg 400w\" sizes=\"auto, (max-width: 720px) 100vw, 720px\" \/><\/a><\/figure>\n<\/figure>\n","protected":false},"excerpt":{"rendered":"<p>La Uni\u00f3n Argentina de Trabajadores Rurales y Estibadores (UATRE), liderada por Jos\u00e9 Voytenco reclama la regularizaci\u00f3n de los salarios y el resguardo de los puestos de trabajo de los compa\u00f1eros que realizan sus actividades en la empresa Pollol\u00edn de Cipolleti, R\u00edo Negro. \u201cVemos la alarmante situaci\u00f3n que sufren los compa\u00f1eros que trabajan en Pollol\u00edn. Sabemos&hellip;<\/p>\n","protected":false},"author":1,"featured_media":121789,"comment_status":"open","ping_status":"open","sticky":false,"template":"","format":"standard","meta":{"footnotes":""},"categories":[16],"tags":[39946,2450,39945,3743,125,5642],"class_list":["post-121788","post","type-post","status-publish","format-standard","has-post-thumbnail","hentry","category-gremiales","tag-cipolleti","tag-diario-el-sindical","tag-pollolin","tag-rio-negro","tag-trabajadores","tag-uatre"],"_links":{"self":[{"href":"https:\/\/www.elsindical.com.ar\/notas\/wp-json\/wp\/v2\/posts\/121788","targetHints":{"allow":["GET"]}}],"collection":[{"href":"https:\/\/www.elsindical.com.ar\/notas\/wp-json\/wp\/v2\/posts"}],"about":[{"href":"https:\/\/www.elsindical.com.ar\/notas\/wp-json\/wp\/v2\/types\/post"}],"author":[{"embeddable":true,"href":"https:\/\/www.elsindical.com.ar\/notas\/wp-json\/wp\/v2\/users\/1"}],"replies":[{"embeddable":true,"href":"https:\/\/www.elsindical.com.ar\/notas\/wp-json\/wp\/v2\/comments?post=121788"}],"version-history":[{"count":1,"href":"https:\/\/www.elsindical.com.ar\/notas\/wp-json\/wp\/v2\/posts\/121788\/revisions"}],"predecessor-version":[{"id":121792,"href":"https:\/\/www.elsindical.com.ar\/notas\/wp-json\/wp\/v2\/posts\/121788\/revisions\/121792"}],"wp:featuredmedia":[{"embeddable":true,"href":"https:\/\/www.elsindical.com.ar\/notas\/wp-json\/wp\/v2\/media\/121789"}],"wp:attachment":[{"href":"https:\/\/www.elsindical.com.ar\/notas\/wp-json\/wp\/v2\/media?parent=121788"}],"wp:term":[{"taxonomy":"category","embeddable":true,"href":"https:\/\/www.elsindical.com.ar\/notas\/wp-json\/wp\/v2\/categories?post=121788"},{"taxonomy":"post_tag","embeddable":true,"href":"https:\/\/www.elsindical.com.ar\/notas\/wp-json\/wp\/v2\/tags?post=121788"}],"curies":[{"name":"wp","href":"https:\/\/api.w.org\/{rel}","templated":true}]}}