{"id":121742,"date":"2023-04-11T00:36:18","date_gmt":"2023-04-11T03:36:18","guid":{"rendered":"https:\/\/www.elsindical.com.ar\/notas\/?p=121742"},"modified":"2023-04-11T00:36:18","modified_gmt":"2023-04-11T03:36:18","slug":"lanus-asaltan-una-panaderia-frente-a-ninos","status":"publish","type":"post","link":"https:\/\/www.elsindical.com.ar\/notas\/lanus-asaltan-una-panaderia-frente-a-ninos\/","title":{"rendered":"Lan\u00fas: Asaltan una panader\u00eda frente a ni\u00f1os"},"content":{"rendered":"<div class=\"wp-block-image\">\n<figure class=\"aligncenter size-full\"><a href=\"https:\/\/www.elsindical.com.ar\/notas\/var\/www\/html\/notas\/wp-content\/uploads\/2023\/04\/robo-panaderia-de-Lanus.jpg\"><img loading=\"lazy\" decoding=\"async\" width=\"689\" height=\"391\" src=\"https:\/\/www.elsindical.com.ar\/notas\/var\/www\/html\/notas\/wp-content\/uploads\/2023\/04\/robo-panaderia-de-Lanus.jpg\" alt=\"\" class=\"wp-image-121743\" srcset=\"https:\/\/www.elsindical.com.ar\/notas\/var\/www\/html\/notas\/wp-content\/uploads\/2023\/04\/robo-panaderia-de-Lanus.jpg 689w, https:\/\/www.elsindical.com.ar\/notas\/var\/www\/html\/notas\/wp-content\/uploads\/2023\/04\/robo-panaderia-de-Lanus-300x170.jpg 300w, https:\/\/www.elsindical.com.ar\/notas\/var\/www\/html\/notas\/wp-content\/uploads\/2023\/04\/robo-panaderia-de-Lanus-500x284.jpg 500w, https:\/\/www.elsindical.com.ar\/notas\/var\/www\/html\/notas\/wp-content\/uploads\/2023\/04\/robo-panaderia-de-Lanus-220x126.jpg 220w, https:\/\/www.elsindical.com.ar\/notas\/var\/www\/html\/notas\/wp-content\/uploads\/2023\/04\/robo-panaderia-de-Lanus-460x260.jpg 460w\" sizes=\"auto, (max-width: 689px) 100vw, 689px\" \/><\/a><\/figure>\n<\/div>\n\n\n<p class=\"wp-block-paragraph\">En apenas minutos robaron dos carteras en Valent\u00edn Alsina y se escaparon corriendo.<\/p>\n\n\n\n<p class=\"wp-block-paragraph\">Dos j\u00f3venes delincuentes armados <strong>les robaron las carteras a las clientas de una panader\u00eda ante la mirada aterrada de una ni\u00f1a que fue testigo involuntaria <\/strong>del suceso que tuvo lugar en un comercio de Humberto Primo entre Jean Jaur\u00e9s y Alfredo Palacios de Valent\u00edn Alsina, partido de Lan\u00fas.<\/p>\n\n\n\n<p class=\"wp-block-paragraph\">El violento incidente fue grabado por tres c\u00e1maras de vigilancia instaladas en el interior y exterior del local <strong>este domingo de Pascua, minutos despu\u00e9s de las 11<\/strong>.<\/p>\n\n\n\n<p class=\"wp-block-paragraph\">En las im\u00e1genes se observa <strong>la llegada de los dos malvivientes que amenazaron a dos mujeres <\/strong>que aguardaban en la vereda para ingresar a comprar.<\/p>\n\n\n\n<p class=\"wp-block-paragraph\"><strong>Una adolescente, que estaba acompa\u00f1ada por una nena de 7 a\u00f1os, es atacada por el sujeto armado <\/strong>que no pudo robar nada.<\/p>\n\n\n\n<p class=\"wp-block-paragraph\">Al mismo tiempo, el c\u00f3mplice abord\u00f3 a quien estaba m\u00e1s cerca de la puerta, que <strong>no se resisti\u00f3, y le quit\u00f3 la cartera que llevaba en bandolera.<\/strong><\/p>\n\n\n\n<p class=\"wp-block-paragraph\">La situaci\u00f3n no fue advertida por el matrimonio y otra clienta que estaban en el interior de la panader\u00eda, una <strong>situaci\u00f3n que fue aprovechada por los delincuentes que abrieron la puerta y de un tir\u00f3n le sacaron el bolso de mano a la mujer <\/strong>que se estaba por retirar.<\/p>\n\n\n\n<p class=\"wp-block-paragraph\">Al instante <strong>el marido reaccion\u00f3 y los corri\u00f3 unos metros<\/strong>, pero los j\u00f3venes lograron huir a la carrera para, al menos hasta el momento, continuar pr\u00f3fugos.<\/p>\n\n\n\n<figure class=\"wp-block-video\"><video height=\"480\" style=\"aspect-ratio: 848 \/ 480;\" width=\"848\" controls src=\"https:\/\/www.elsindical.com.ar\/notas\/var\/www\/html\/notas\/wp-content\/uploads\/2023\/04\/robo-panaderia-de-Lanus.mp4\"><\/video><\/figure>\n","protected":false},"excerpt":{"rendered":"<p>En apenas minutos robaron dos carteras en Valent\u00edn Alsina y se escaparon corriendo. Dos j\u00f3venes delincuentes armados les robaron las carteras a las clientas de una panader\u00eda ante la mirada aterrada de una ni\u00f1a que fue testigo involuntaria del suceso que tuvo lugar en un comercio de Humberto Primo entre Jean Jaur\u00e9s y Alfredo Palacios&hellip;<\/p>\n","protected":false},"author":1,"featured_media":121743,"comment_status":"open","ping_status":"open","sticky":false,"template":"","format":"standard","meta":{"footnotes":""},"categories":[22],"tags":[154,2450,23470,984,252,5025,3987,116,325],"class_list":["post-121742","post","type-post","status-publish","format-standard","has-post-thumbnail","hentry","category-policiales","tag-buenos-aires","tag-diario-el-sindical","tag-diego-kravetz","tag-inseguridad","tag-menores","tag-nestor-grindetti","tag-panaderia","tag-robo","tag-valentin-alsina"],"_links":{"self":[{"href":"https:\/\/www.elsindical.com.ar\/notas\/wp-json\/wp\/v2\/posts\/121742","targetHints":{"allow":["GET"]}}],"collection":[{"href":"https:\/\/www.elsindical.com.ar\/notas\/wp-json\/wp\/v2\/posts"}],"about":[{"href":"https:\/\/www.elsindical.com.ar\/notas\/wp-json\/wp\/v2\/types\/post"}],"author":[{"embeddable":true,"href":"https:\/\/www.elsindical.com.ar\/notas\/wp-json\/wp\/v2\/users\/1"}],"replies":[{"embeddable":true,"href":"https:\/\/www.elsindical.com.ar\/notas\/wp-json\/wp\/v2\/comments?post=121742"}],"version-history":[{"count":1,"href":"https:\/\/www.elsindical.com.ar\/notas\/wp-json\/wp\/v2\/posts\/121742\/revisions"}],"predecessor-version":[{"id":121745,"href":"https:\/\/www.elsindical.com.ar\/notas\/wp-json\/wp\/v2\/posts\/121742\/revisions\/121745"}],"wp:featuredmedia":[{"embeddable":true,"href":"https:\/\/www.elsindical.com.ar\/notas\/wp-json\/wp\/v2\/media\/121743"}],"wp:attachment":[{"href":"https:\/\/www.elsindical.com.ar\/notas\/wp-json\/wp\/v2\/media?parent=121742"}],"wp:term":[{"taxonomy":"category","embeddable":true,"href":"https:\/\/www.elsindical.com.ar\/notas\/wp-json\/wp\/v2\/categories?post=121742"},{"taxonomy":"post_tag","embeddable":true,"href":"https:\/\/www.elsindical.com.ar\/notas\/wp-json\/wp\/v2\/tags?post=121742"}],"curies":[{"name":"wp","href":"https:\/\/api.w.org\/{rel}","templated":true}]}}