{"id":121723,"date":"2023-04-10T17:25:05","date_gmt":"2023-04-10T20:25:05","guid":{"rendered":"https:\/\/www.elsindical.com.ar\/notas\/?p=121723"},"modified":"2023-04-10T17:25:10","modified_gmt":"2023-04-10T20:25:10","slug":"fallecio-nicolas-eduardo-becerra-uno-de-los-mejores-procuradores-de-la-nacion","status":"publish","type":"post","link":"https:\/\/www.elsindical.com.ar\/notas\/fallecio-nicolas-eduardo-becerra-uno-de-los-mejores-procuradores-de-la-nacion\/","title":{"rendered":"Falleci\u00f3 Nicol\u00e1s Eduardo Becerra uno de los mejores Procuradores de la Naci\u00f3n"},"content":{"rendered":"<div class=\"wp-block-image\">\n<figure class=\"aligncenter size-full\"><a href=\"https:\/\/www.elsindical.com.ar\/notas\/var\/www\/html\/notas\/wp-content\/uploads\/2023\/04\/Nicolas-Becerra.jpg\"><img loading=\"lazy\" decoding=\"async\" width=\"696\" height=\"513\" src=\"https:\/\/www.elsindical.com.ar\/notas\/var\/www\/html\/notas\/wp-content\/uploads\/2023\/04\/Nicolas-Becerra.jpg\" alt=\"\" class=\"wp-image-121724\" srcset=\"https:\/\/www.elsindical.com.ar\/notas\/var\/www\/html\/notas\/wp-content\/uploads\/2023\/04\/Nicolas-Becerra.jpg 696w, https:\/\/www.elsindical.com.ar\/notas\/var\/www\/html\/notas\/wp-content\/uploads\/2023\/04\/Nicolas-Becerra-300x221.jpg 300w, https:\/\/www.elsindical.com.ar\/notas\/var\/www\/html\/notas\/wp-content\/uploads\/2023\/04\/Nicolas-Becerra-407x300.jpg 407w\" sizes=\"auto, (max-width: 696px) 100vw, 696px\" \/><\/a><\/figure>\n<\/div>\n\n\n<p class=\"wp-block-paragraph\">   Falleci\u00f3 este domingo, a los 80 a\u00f1os, el ex procurador general de la Naci\u00f3n <strong>Nicol\u00e1s Eduardo Becerra<\/strong>, quien ocup\u00f3 ese cargo desde 1997 hasta 2004. Fue designado como jefe de los fiscales por el entonces presidente <strong>Carlos Menem <\/strong>y su renuncia la present\u00f3 en los albores de la presidencia de <strong>N\u00e9stor Kirchner<\/strong>, tras considerar que su ciclo estaba cumplido.<\/p>\n\n\n\n<p class=\"wp-block-paragraph\">A su vez, se desempe\u00f1\u00f3 durante un mandato como<strong> diputado nacional <\/strong>por el Partido Justicialista y como <strong>Defensor General de la Naci\u00f3n<\/strong>, entre otros cargos p\u00fablicos de relevancia institucional.<\/p>\n\n\n\n<p class=\"wp-block-paragraph\">Nicol\u00e1s Eduardo Becerra tuvo una importante trayectoria en el mundo del derecho y de los asuntos p\u00fablicos en general. Naci\u00f3 el 25 de enero de 1943 y curs\u00f3 su educaci\u00f3n secundaria en el <strong>Liceo Militar de Mendoza<\/strong>, provincia para la cual luego de estudiar abogac\u00eda trabajar\u00eda como Subsecretario de la Gobernaci\u00f3n.<\/p>\n\n\n\n<p class=\"wp-block-paragraph\">Despu\u00e9s de esa experiencia y durante alg\u00fan tiempo se dedic\u00f3 a litigar en el \u00e1mbito privado como abogado especialista en la rama penal hasta que, ligado al<strong> Partido Justicialista<\/strong>, asumi\u00f3 una banca como Diputado Nacional en el Congreso de la Naci\u00f3n, en donde estuvo desde abril de 1991 hasta diciembre de 1995.<\/p>\n\n\n\n<p class=\"wp-block-paragraph\">Al finalizar su mandato como parlamentario, sigui\u00f3 ligado al sector p\u00fablico: trabaj\u00f3 como secretario de Estado de la Jefatura de Gabinete de Ministros durante la gesti\u00f3n de quien fue su padrino pol\u00edtico<strong>, Eduardo Bauz\u00e1<\/strong>, el primer dirigente en ocupar esa figura institucional tras la reforma constitucional llevada a cabo en 1994.<\/p>\n\n\n\n<p class=\"wp-block-paragraph\">Luego se desempe\u00f1\u00f3 como Defensor General de la Naci\u00f3n hasta que se produjo su nombramiento por parte del entonces presidente Menem como Procurador General de la Naci\u00f3n, cargo en el que estuvo desde el 23 de abril de 1997 hasta el 5 de febrero de 2004, cuando present\u00f3 su <strong>renuncia indeclinable en los inicios del kirchnerismo<\/strong> por considerar que lo suyo era un ciclo cumplido. Desde junio de ese a\u00f1o lo suceder\u00eda en el rol<strong> Esteban Righi<\/strong>.<\/p>\n\n\n\n<p class=\"wp-block-paragraph\">Como jefe de los fiscales, Becerra dedic\u00f3 sus esfuerzos a delinear a gran escala la pol\u00edtica criminal del pa\u00eds y particip\u00f3 en distintos expedientes de gran relevancia p\u00fablica e institucional. En ese marco<strong> elabor\u00f3 dict\u00e1menes de trascendencia cr\u00edtica <\/strong>como el referido a la invalidez de las leyes de <strong>Obediencia Debida y Punto Final <\/strong>y su pronunciamiento sobre la <strong>imprescriptibilidad <\/strong>de delitos como el robo de beb\u00e9s de desaparecidos durante la \u00faltima dictadura militar.<\/p>\n\n\n\n<p class=\"wp-block-paragraph\">Tambi\u00e9n <strong>dictamin\u00f3 a favor de los ahorristas<\/strong> en casos surgidos bajo el contexto de la crisis social que desencaden\u00f3 el \u201c<em>corralito<\/em>\u201d durante el a\u00f1o 2001.<\/p>\n\n\n\n<p class=\"wp-block-paragraph\">Asimismo, y luego de atravesar en el cargo las presidencias de Menem, <strong>Fernando de la R\u00faa<\/strong>, <strong>Eduardo Duhalde<\/strong> y Kirchner, fue propuesto por el gobierno nacional como \u00e1rbitro titular en el <strong>Tribunal Arbitral del Mercosur<\/strong>, donde se dedic\u00f3 a dirimir conflictos de \u00edndole regional hasta la finalizaci\u00f3n de su periodo fijado en 2008.<\/p>\n\n\n\n<p class=\"wp-block-paragraph\">A su t\u00e9rmino, regres\u00f3 a la ciudad de Mendoza para desempe\u00f1arse como uno de los dirigentes de referencia dentro de la comisi\u00f3n del club<strong> Independiente Rivadavia<\/strong>, con el cual siempre estuvo vinculado y fue hincha.<\/p>\n","protected":false},"excerpt":{"rendered":"<p>Falleci\u00f3 este domingo, a los 80 a\u00f1os, el ex procurador general de la Naci\u00f3n Nicol\u00e1s Eduardo Becerra, quien ocup\u00f3 ese cargo desde 1997 hasta 2004. Fue designado como jefe de los fiscales por el entonces presidente Carlos Menem y su renuncia la present\u00f3 en los albores de la presidencia de N\u00e9stor Kirchner, tras considerar que&hellip;<\/p>\n","protected":false},"author":1,"featured_media":121724,"comment_status":"open","ping_status":"open","sticky":false,"template":"","format":"standard","meta":{"footnotes":""},"categories":[24],"tags":[6879,39930,2450,39929,1203],"class_list":["post-121723","post","type-post","status-publish","format-standard","has-post-thumbnail","hentry","category-sociales","tag-carlos-menem","tag-defensor-general-de-la-nacion","tag-diario-el-sindical","tag-nicolas-eduardo-becerra","tag-procurador-general-de-la-nacion"],"_links":{"self":[{"href":"https:\/\/www.elsindical.com.ar\/notas\/wp-json\/wp\/v2\/posts\/121723","targetHints":{"allow":["GET"]}}],"collection":[{"href":"https:\/\/www.elsindical.com.ar\/notas\/wp-json\/wp\/v2\/posts"}],"about":[{"href":"https:\/\/www.elsindical.com.ar\/notas\/wp-json\/wp\/v2\/types\/post"}],"author":[{"embeddable":true,"href":"https:\/\/www.elsindical.com.ar\/notas\/wp-json\/wp\/v2\/users\/1"}],"replies":[{"embeddable":true,"href":"https:\/\/www.elsindical.com.ar\/notas\/wp-json\/wp\/v2\/comments?post=121723"}],"version-history":[{"count":1,"href":"https:\/\/www.elsindical.com.ar\/notas\/wp-json\/wp\/v2\/posts\/121723\/revisions"}],"predecessor-version":[{"id":121725,"href":"https:\/\/www.elsindical.com.ar\/notas\/wp-json\/wp\/v2\/posts\/121723\/revisions\/121725"}],"wp:featuredmedia":[{"embeddable":true,"href":"https:\/\/www.elsindical.com.ar\/notas\/wp-json\/wp\/v2\/media\/121724"}],"wp:attachment":[{"href":"https:\/\/www.elsindical.com.ar\/notas\/wp-json\/wp\/v2\/media?parent=121723"}],"wp:term":[{"taxonomy":"category","embeddable":true,"href":"https:\/\/www.elsindical.com.ar\/notas\/wp-json\/wp\/v2\/categories?post=121723"},{"taxonomy":"post_tag","embeddable":true,"href":"https:\/\/www.elsindical.com.ar\/notas\/wp-json\/wp\/v2\/tags?post=121723"}],"curies":[{"name":"wp","href":"https:\/\/api.w.org\/{rel}","templated":true}]}}