{"id":121716,"date":"2023-04-10T09:47:42","date_gmt":"2023-04-10T12:47:42","guid":{"rendered":"https:\/\/www.elsindical.com.ar\/notas\/?p=121716"},"modified":"2023-04-10T09:47:42","modified_gmt":"2023-04-10T12:47:42","slug":"avellaneda-marcha-y-protesta-al-polo-judicial","status":"publish","type":"post","link":"https:\/\/www.elsindical.com.ar\/notas\/avellaneda-marcha-y-protesta-al-polo-judicial\/","title":{"rendered":"Avellaneda: Marcha y protesta al Polo Judicial"},"content":{"rendered":"<div class=\"wp-block-image\">\n<figure class=\"aligncenter size-full\"><a href=\"https:\/\/www.elsindical.com.ar\/notas\/var\/www\/html\/notas\/wp-content\/uploads\/2023\/04\/protesta-en-el-Polo-Judicial-de-Avellaneda.jpg\"><img loading=\"lazy\" decoding=\"async\" width=\"650\" height=\"685\" src=\"https:\/\/www.elsindical.com.ar\/notas\/var\/www\/html\/notas\/wp-content\/uploads\/2023\/04\/protesta-en-el-Polo-Judicial-de-Avellaneda.jpg\" alt=\"\" class=\"wp-image-121717\" srcset=\"https:\/\/www.elsindical.com.ar\/notas\/var\/www\/html\/notas\/wp-content\/uploads\/2023\/04\/protesta-en-el-Polo-Judicial-de-Avellaneda.jpg 650w, https:\/\/www.elsindical.com.ar\/notas\/var\/www\/html\/notas\/wp-content\/uploads\/2023\/04\/protesta-en-el-Polo-Judicial-de-Avellaneda-285x300.jpg 285w\" sizes=\"auto, (max-width: 650px) 100vw, 650px\" \/><\/a><\/figure>\n<\/div>\n\n\n<p class=\"wp-block-paragraph\">El lunes a las 10 hs marchamos al polo judicial para reclamar por la devoluci\u00f3n de la herramienta de trabajo y solicitamos una reuni\u00f3n de maneja urgente con el secretario de seguridad para que de explicaciones no solo del por qu\u00e9 sostiene en su cargo polic\u00edas corruptos si no tambi\u00e9n para denunciar nuevamente la persecuci\u00f3n que vivimos los trabajadores de pedido ya de Wilde, que hace 20 d\u00edas sufrimos la detenci\u00f3n de 10 compa\u00f1eros en un intento de criminalizar la protesta por la muerte de un compa\u00f1ero en la zona de Quilmes y hacemos responsable a la polic\u00eda (5ta de Wilde) y todos sus jefes pol\u00edticos si a nuestro compa\u00f1ero Pablo alegr\u00e9 le pasa algo en el barrio donde vive , ya que vive amenazas varias.<br>Convocamos a los medios de comunicaci\u00f3n para que se hagan presente .<br><br>Trabajadores de pedido ya zona wilde-sarandi.<\/p>\n","protected":false},"excerpt":{"rendered":"<p>El lunes a las 10 hs marchamos al polo judicial para reclamar por la devoluci\u00f3n de la herramienta de trabajo y solicitamos una reuni\u00f3n de maneja urgente con el secretario de seguridad para que de explicaciones no solo del por qu\u00e9 sostiene en su cargo polic\u00edas corruptos si no tambi\u00e9n para denunciar nuevamente la persecuci\u00f3n&hellip;<\/p>\n","protected":false},"author":1,"featured_media":121717,"comment_status":"open","ping_status":"open","sticky":false,"template":"","format":"standard","meta":{"footnotes":""},"categories":[25],"tags":[30014,461,31586,2450,156,292,39927],"class_list":["post-121716","post","type-post","status-publish","format-standard","has-post-thumbnail","hentry","category-sociedad","tag-alejo-chornobroff","tag-avellaneda","tag-comisaria-5ta-avellaneda","tag-diario-el-sindical","tag-marcha","tag-protesta","tag-trabajadores-pedidos-ya"],"_links":{"self":[{"href":"https:\/\/www.elsindical.com.ar\/notas\/wp-json\/wp\/v2\/posts\/121716","targetHints":{"allow":["GET"]}}],"collection":[{"href":"https:\/\/www.elsindical.com.ar\/notas\/wp-json\/wp\/v2\/posts"}],"about":[{"href":"https:\/\/www.elsindical.com.ar\/notas\/wp-json\/wp\/v2\/types\/post"}],"author":[{"embeddable":true,"href":"https:\/\/www.elsindical.com.ar\/notas\/wp-json\/wp\/v2\/users\/1"}],"replies":[{"embeddable":true,"href":"https:\/\/www.elsindical.com.ar\/notas\/wp-json\/wp\/v2\/comments?post=121716"}],"version-history":[{"count":1,"href":"https:\/\/www.elsindical.com.ar\/notas\/wp-json\/wp\/v2\/posts\/121716\/revisions"}],"predecessor-version":[{"id":121718,"href":"https:\/\/www.elsindical.com.ar\/notas\/wp-json\/wp\/v2\/posts\/121716\/revisions\/121718"}],"wp:featuredmedia":[{"embeddable":true,"href":"https:\/\/www.elsindical.com.ar\/notas\/wp-json\/wp\/v2\/media\/121717"}],"wp:attachment":[{"href":"https:\/\/www.elsindical.com.ar\/notas\/wp-json\/wp\/v2\/media?parent=121716"}],"wp:term":[{"taxonomy":"category","embeddable":true,"href":"https:\/\/www.elsindical.com.ar\/notas\/wp-json\/wp\/v2\/categories?post=121716"},{"taxonomy":"post_tag","embeddable":true,"href":"https:\/\/www.elsindical.com.ar\/notas\/wp-json\/wp\/v2\/tags?post=121716"}],"curies":[{"name":"wp","href":"https:\/\/api.w.org\/{rel}","templated":true}]}}