{"id":121703,"date":"2023-04-09T11:48:50","date_gmt":"2023-04-09T14:48:50","guid":{"rendered":"https:\/\/www.elsindical.com.ar\/notas\/?p=121703"},"modified":"2023-04-09T11:48:51","modified_gmt":"2023-04-09T14:48:51","slug":"sigue-el-conflicto-en-el-subte-que-lineas-paran-este-lunes","status":"publish","type":"post","link":"https:\/\/www.elsindical.com.ar\/notas\/sigue-el-conflicto-en-el-subte-que-lineas-paran-este-lunes\/","title":{"rendered":"Sigue\u00a0el conflicto en el subte: qu\u00e9 l\u00edneas paran este lunes"},"content":{"rendered":"\n<figure class=\"wp-block-image size-full\"><a href=\"https:\/\/www.elsindical.com.ar\/notas\/var\/www\/html\/notas\/wp-content\/uploads\/2022\/11\/paro-de-subtes-CABA.jpg\"><img loading=\"lazy\" decoding=\"async\" width=\"769\" height=\"432\" src=\"https:\/\/www.elsindical.com.ar\/notas\/var\/www\/html\/notas\/wp-content\/uploads\/2022\/11\/paro-de-subtes-CABA.jpg\" alt=\"\" class=\"wp-image-118074\" srcset=\"https:\/\/www.elsindical.com.ar\/notas\/var\/www\/html\/notas\/wp-content\/uploads\/2022\/11\/paro-de-subtes-CABA.jpg 769w, https:\/\/www.elsindical.com.ar\/notas\/var\/www\/html\/notas\/wp-content\/uploads\/2022\/11\/paro-de-subtes-CABA-300x169.jpg 300w, https:\/\/www.elsindical.com.ar\/notas\/var\/www\/html\/notas\/wp-content\/uploads\/2022\/11\/paro-de-subtes-CABA-500x281.jpg 500w\" sizes=\"auto, (max-width: 769px) 100vw, 769px\" \/><\/a><\/figure>\n\n\n\n<p>Las medidas son en reclamo de la reducci\u00f3n de las horas de trabajo. Todo lo que ten\u00e9s que saber.<\/p>\n\n\n\n<p>Integrantes de Asociaci\u00f3n gremial de trabajadores del Subterr\u00e1neo y Premetro (AGTSyP) anunciaron que ma\u00f1ana<strong> lunes llevar\u00e1n a cabo una medida de fuerza que paralizar\u00e1 el servicio de las l\u00edneas B y C del subterr\u00e1neo<\/strong> de la Ciudad de Buenos Aires <strong>entre las 14 y las 16<\/strong>, en reclamo de una \u00abreducci\u00f3n de la jornada semanal para obtener dos francos semanales con el objetivo de reducir la exposici\u00f3n de los trabajadores a m\u00faltiples factores insalubres y nocivos\u00bb.<\/p>\n\n\n\n<p>A trav\u00e9s de un comunicado, el gremio inform\u00f3 que <strong>desde las 13, se liberar\u00e1n los accesos a esas l\u00edneas y recibir\u00e1n a los medios de prensa en la estaci\u00f3n Juan Manuel de Rosas de la l\u00ednea B<\/strong> para detallar el alcance de la medida de fuerza.<\/p>\n\n\n\n<p>\u00abA las condiciones da\u00f1inas para la salud inherentes a nuestro \u00e1mbito de trabajo (alteraci\u00f3n de ritmos circadianos, microondas, electromagnetismo, microparticulados minerales y met\u00e1licos en suspensi\u00f3n, enrarecimiento del aire y falta de oxigeno entre otros) se le suma la presencia del cancer\u00edgeno asbesto en toda la red\u00bb, se\u00f1alaron desde la organizaci\u00f3n sindical.<\/p>\n\n\n\n<p>En ese sentido, indicaron que \u00abel asbesto es un elemento prohibido por ley, en su venta y comercializaci\u00f3n, y que tiene consecuencias fatales para el cuerpo humano que resulta expuesto a este mineral\u00bb.<\/p>\n\n\n\n<p>Los trabajadores anticiparon que continuar\u00e1n con las medidas de fuerza \u00abhasta obtener la respuesta que permita salvaguardar\u00bb la salud de los empleados del subterr\u00e1neo y los usuarios\u00bb.<\/p>\n\n\n\n<p>Por su parte, la empresa Emova, a cargo de la concesi\u00f3n del servicio de subterr\u00e1neos de la Ciudad de Buenos Aires, emiti\u00f3 un comunicado ante el anuncio de esta medida de fuerza en el que asegura que en las l\u00edneas de este medio de transporte \u00abse realizan permanentes mediciones de calidad de aire en todos los \u00e1mbitos, cuyos registros arrojan resultados muy por debajo de los niveles admitidos en las normas iguales o inferiores a los que se detectan en la v\u00eda p\u00fablica\u00bb.<\/p>\n\n\n\n<p>\u00abNo hay ninguna medici\u00f3n ambiental de las m\u00e1s de 2.500 realizadas que haya arrojado un resultado negativo en los \u00faltimos cinco a\u00f1os, es decir nunca se detect\u00f3 contaminaci\u00f3n por asbesto. En el Subte no hay declaraci\u00f3n de insalubridad que sustente la necesidad de una jornada laboral reducida, tal como lo determin\u00f3 la Sala II de la C\u00e1mara de Apelaciones del Trabajo\u00bb, se\u00f1al\u00f3 la empresa.<\/p>\n\n\n\n<p>Adem\u00e1s, se\u00f1alaron que \u00abno existe antecedente alguno en metros de Latinoam\u00e9rica y del mundo de una jornada semanal como la que est\u00e1 demandando el gremio\u00bb.<\/p>\n","protected":false},"excerpt":{"rendered":"<p>Las medidas son en reclamo de la reducci\u00f3n de las horas de trabajo. Todo lo que ten\u00e9s que saber. Integrantes de Asociaci\u00f3n gremial de trabajadores del Subterr\u00e1neo y Premetro (AGTSyP) anunciaron que ma\u00f1ana lunes llevar\u00e1n a cabo una medida de fuerza que paralizar\u00e1 el servicio de las l\u00edneas B y C del subterr\u00e1neo de la&hellip;<\/p>\n","protected":false},"author":1,"featured_media":118074,"comment_status":"open","ping_status":"open","sticky":false,"template":"","format":"standard","meta":{"footnotes":""},"categories":[16],"tags":[7721,436,2450,39925,11371],"class_list":["post-121703","post","type-post","status-publish","format-standard","has-post-thumbnail","hentry","category-gremiales","tag-agtsyp","tag-conflicto","tag-diario-el-sindical","tag-lineas-b-y-c","tag-paro-subterraneos"],"_links":{"self":[{"href":"https:\/\/www.elsindical.com.ar\/notas\/wp-json\/wp\/v2\/posts\/121703","targetHints":{"allow":["GET"]}}],"collection":[{"href":"https:\/\/www.elsindical.com.ar\/notas\/wp-json\/wp\/v2\/posts"}],"about":[{"href":"https:\/\/www.elsindical.com.ar\/notas\/wp-json\/wp\/v2\/types\/post"}],"author":[{"embeddable":true,"href":"https:\/\/www.elsindical.com.ar\/notas\/wp-json\/wp\/v2\/users\/1"}],"replies":[{"embeddable":true,"href":"https:\/\/www.elsindical.com.ar\/notas\/wp-json\/wp\/v2\/comments?post=121703"}],"version-history":[{"count":1,"href":"https:\/\/www.elsindical.com.ar\/notas\/wp-json\/wp\/v2\/posts\/121703\/revisions"}],"predecessor-version":[{"id":121704,"href":"https:\/\/www.elsindical.com.ar\/notas\/wp-json\/wp\/v2\/posts\/121703\/revisions\/121704"}],"wp:featuredmedia":[{"embeddable":true,"href":"https:\/\/www.elsindical.com.ar\/notas\/wp-json\/wp\/v2\/media\/118074"}],"wp:attachment":[{"href":"https:\/\/www.elsindical.com.ar\/notas\/wp-json\/wp\/v2\/media?parent=121703"}],"wp:term":[{"taxonomy":"category","embeddable":true,"href":"https:\/\/www.elsindical.com.ar\/notas\/wp-json\/wp\/v2\/categories?post=121703"},{"taxonomy":"post_tag","embeddable":true,"href":"https:\/\/www.elsindical.com.ar\/notas\/wp-json\/wp\/v2\/tags?post=121703"}],"curies":[{"name":"wp","href":"https:\/\/api.w.org\/{rel}","templated":true}]}}