{"id":121513,"date":"2023-03-31T00:29:58","date_gmt":"2023-03-31T03:29:58","guid":{"rendered":"https:\/\/www.elsindical.com.ar\/notas\/?p=121513"},"modified":"2023-03-31T00:29:59","modified_gmt":"2023-03-31T03:29:59","slug":"los-nuevos-aumentos-en-abril","status":"publish","type":"post","link":"https:\/\/www.elsindical.com.ar\/notas\/los-nuevos-aumentos-en-abril\/","title":{"rendered":"Los nuevos aumentos en abril"},"content":{"rendered":"<div class=\"wp-block-image\">\n<figure class=\"aligncenter size-full\"><a href=\"https:\/\/www.elsindical.com.ar\/notas\/var\/www\/html\/notas\/wp-content\/uploads\/2023\/03\/billetes-que-se-queman.jpg\"><img loading=\"lazy\" decoding=\"async\" width=\"750\" height=\"401\" src=\"https:\/\/www.elsindical.com.ar\/notas\/var\/www\/html\/notas\/wp-content\/uploads\/2023\/03\/billetes-que-se-queman.jpg\" alt=\"\" class=\"wp-image-121514\" srcset=\"https:\/\/www.elsindical.com.ar\/notas\/var\/www\/html\/notas\/wp-content\/uploads\/2023\/03\/billetes-que-se-queman.jpg 750w, https:\/\/www.elsindical.com.ar\/notas\/var\/www\/html\/notas\/wp-content\/uploads\/2023\/03\/billetes-que-se-queman-300x160.jpg 300w, https:\/\/www.elsindical.com.ar\/notas\/var\/www\/html\/notas\/wp-content\/uploads\/2023\/03\/billetes-que-se-queman-500x267.jpg 500w\" sizes=\"auto, (max-width: 750px) 100vw, 750px\" \/><\/a><\/figure>\n<\/div>\n\n\n<p>Como cada inicio de mes, varios servicios llegan con un aumento que le mete presi\u00f3n a la inflaci\u00f3n.<\/p>\n\n\n\n<p>Tarifas de servicios, el transporte o los alquileres, son algunos de los segmentos que <strong>tendr\u00e1n un nuevo ajuste en abril<\/strong> y que, como suele suceder, le meten presi\u00f3n a la inflaci\u00f3n que ronda el 100% en los \u00faltimos doce meses.<\/p>\n\n\n\n<h2 class=\"wp-block-heading\">Transporte<\/h2>\n\n\n\n<p>Desde marzo las tarifas para colectivos y trenes en el AMBA se actualizan mensualmente de acuerdo al \u00edndice de inflaci\u00f3n que informa el INDEC, correspondiente a dos meses antes.<\/p>\n\n\n\n<p>En abril, las tarifas de transporte aumentar\u00e1n 6,6%. De esta forma, el boleto m\u00ednimo de colectivo -viajes de menos de 3 kil\u00f3metros- <strong>pasar\u00e1 de $37,10 a $39,54. Mientras que el boleto m\u00e1s alto -viajes de 27 a 44 kil\u00f3metros- pasar\u00e1 de $50,88 a $54,23<\/strong>.<\/p>\n\n\n\n<p>En el caso del boleto de tren, <strong>el m\u00ednimo subir\u00e1 de $18,02 a $19,20 <\/strong>para las l\u00edneas Roca, Belgrano Sur, Belgrano Norte y Urquiza. Y de $23,32 a $24,85 para las l\u00edneas Mitre, Sarmiento y San Mart\u00edn y el Tren de la Costa.<\/p>\n\n\n\n<h2 class=\"wp-block-heading\">Prepagas<\/h2>\n\n\n\n<p>A fines de marzo venci\u00f3 la posibilidad de cargar el formulario que permite a los usuarios de medicina prepaga pagar -si cumplen con los requisitos- una cuota m\u00e1s baja, que se ajustan seg\u00fan la variaci\u00f3n del \u00edndice de costos de salud que mide los gastos en recursos humanos, medicamentos e insumos.<\/p>\n\n\n\n<p>Todos los meses deber\u00e1n revalidar el tr\u00e1mite. <strong>En abril, la suba ser\u00e1 de 2,36% para todos los usuarios de acuerdo al \u00edndice de costos de salud.<\/strong><\/p>\n\n\n\n<h2 class=\"wp-block-heading\">Colegios privados<\/h2>\n\n\n\n<p>El Gobierno de Axel Kicillof y representantes de las c\u00e1maras de los colegios privados de la provincia de Buenos Aires establecieron topes a las subas en los establecimientos hasta el 31 de julio. En ese sentido, se fijaron porcentajes de aumentos acumulados seg\u00fan los meses incluidos dentro del acuerdo. <strong>En abril el ajuste de abril ser\u00e1 de 3,35%. Luego seguir\u00e1n mayo con 3,35%, junio igual porcentaje y julio con 4%.<\/strong><\/p>\n\n\n\n<h2 class=\"wp-block-heading\">Tarifa de electricidad<\/h2>\n\n\n\n<p>Los usuarios de energ\u00eda el\u00e9ctrica del AMBA tendr\u00e1 una suba en las tarifas en abril, a la que <strong>se sumar\u00e1 luego una m\u00e1s a partir de junio<\/strong>. Seg\u00fan precis\u00f3 la secretaria de Energ\u00eda, Flavia Roy\u00f3n el aumento no superar\u00e1 $400 para la mayor\u00eda de los hogares con consumos promedio de 300 Kwh por mes.<\/p>\n\n\n\n<p>Sin embargo, un c\u00e1lculo hecho por la consultora Econom\u00eda &amp; Energ\u00eda arroja que <strong>los aumentos ser\u00e1n del 19% al 48%, dependiendo de la categor\u00eda <\/strong>que tengan los hogares en el registro de subsidios.<\/p>\n\n\n\n<h2 class=\"wp-block-heading\">Alquileres<\/h2>\n\n\n\n<p>Los inquilinos cuyos contratos cumplan un a\u00f1o desde la \u00faltima actualizaci\u00f3n, <strong>percibir\u00e1n un ajuste de alrededor del 92,5%, <\/strong>seg\u00fan el c\u00e1lculo de la f\u00f3rmula establecida por la Ley de Alquileres vigentes, que se rige por un \u00edndice que elabora el Banco Central en funci\u00f3n de la evoluci\u00f3n de la inflaci\u00f3n y los salarios.<\/p>\n\n\n\n<p>De esta manera, <strong>una persona que, por ejemplo, pag\u00f3 $ 50.000 en el inicio de su contrato, ahora abonar\u00e1 $ 96.250.<\/strong><\/p>\n\n\n\n<p>Combustibles<\/p>\n\n\n\n<p>En marzo venci\u00f3 el acuerdo de precios entre la Secretar\u00eda de Energ\u00eda y las empresas petroleras que contempl\u00f3 cuatro meses de ajuste. Aun no hay definiciones oficiales sobre una posible renovaci\u00f3n del convenio ni sobre las pr\u00f3ximas subas.<\/p>\n\n\n\n<p>Un tema clave es que el 1\u00b0 de abril se vence la postergaci\u00f3n de la aplicaci\u00f3n de los impuestos a los combustibles l\u00edquidos, que se actualiza por inflaci\u00f3n en forma trimestral. Desde 2020, hubo varias suspensiones y aun no se aplicaron las actualizaciones correspondientes a los \u00faltimos trimestres de 2021 y del primero, segundo y tercero de 2022.<\/p>\n","protected":false},"excerpt":{"rendered":"<p>Como cada inicio de mes, varios servicios llegan con un aumento que le mete presi\u00f3n a la inflaci\u00f3n. Tarifas de servicios, el transporte o los alquileres, son algunos de los segmentos que tendr\u00e1n un nuevo ajuste en abril y que, como suele suceder, le meten presi\u00f3n a la inflaci\u00f3n que ronda el 100% en los&hellip;<\/p>\n","protected":false},"author":1,"featured_media":121514,"comment_status":"open","ping_status":"open","sticky":false,"template":"","format":"standard","meta":{"footnotes":""},"categories":[9],"tags":[2115,1754,2457,2450,22023,22194,28686,11564],"class_list":["post-121513","post","type-post","status-publish","format-standard","has-post-thumbnail","hentry","category-economia","tag-alquileres","tag-aumentos","tag-colegios-privados","tag-diario-el-sindical","tag-economia","tag-prepaga","tag-tarifa-electrica","tag-transporte"],"_links":{"self":[{"href":"https:\/\/www.elsindical.com.ar\/notas\/wp-json\/wp\/v2\/posts\/121513","targetHints":{"allow":["GET"]}}],"collection":[{"href":"https:\/\/www.elsindical.com.ar\/notas\/wp-json\/wp\/v2\/posts"}],"about":[{"href":"https:\/\/www.elsindical.com.ar\/notas\/wp-json\/wp\/v2\/types\/post"}],"author":[{"embeddable":true,"href":"https:\/\/www.elsindical.com.ar\/notas\/wp-json\/wp\/v2\/users\/1"}],"replies":[{"embeddable":true,"href":"https:\/\/www.elsindical.com.ar\/notas\/wp-json\/wp\/v2\/comments?post=121513"}],"version-history":[{"count":1,"href":"https:\/\/www.elsindical.com.ar\/notas\/wp-json\/wp\/v2\/posts\/121513\/revisions"}],"predecessor-version":[{"id":121515,"href":"https:\/\/www.elsindical.com.ar\/notas\/wp-json\/wp\/v2\/posts\/121513\/revisions\/121515"}],"wp:featuredmedia":[{"embeddable":true,"href":"https:\/\/www.elsindical.com.ar\/notas\/wp-json\/wp\/v2\/media\/121514"}],"wp:attachment":[{"href":"https:\/\/www.elsindical.com.ar\/notas\/wp-json\/wp\/v2\/media?parent=121513"}],"wp:term":[{"taxonomy":"category","embeddable":true,"href":"https:\/\/www.elsindical.com.ar\/notas\/wp-json\/wp\/v2\/categories?post=121513"},{"taxonomy":"post_tag","embeddable":true,"href":"https:\/\/www.elsindical.com.ar\/notas\/wp-json\/wp\/v2\/tags?post=121513"}],"curies":[{"name":"wp","href":"https:\/\/api.w.org\/{rel}","templated":true}]}}