{"id":121492,"date":"2023-03-30T12:47:19","date_gmt":"2023-03-30T15:47:19","guid":{"rendered":"https:\/\/www.elsindical.com.ar\/notas\/?p=121492"},"modified":"2023-03-30T12:47:20","modified_gmt":"2023-03-30T15:47:20","slug":"alertan-sobre-un-posible-faltante-de-stock-de-repelentes-y-temen-aumentos-de-precios-por-el-brote-de-dengue","status":"publish","type":"post","link":"https:\/\/www.elsindical.com.ar\/notas\/alertan-sobre-un-posible-faltante-de-stock-de-repelentes-y-temen-aumentos-de-precios-por-el-brote-de-dengue\/","title":{"rendered":"Alertan sobre un posible faltante de stock de repelentes y temen aumentos de precios por el brote de dengue"},"content":{"rendered":"<div class=\"wp-block-image\">\n<figure class=\"aligncenter size-full is-resized\"><a href=\"https:\/\/www.elsindical.com.ar\/notas\/var\/www\/html\/notas\/wp-content\/uploads\/2023\/03\/repelente-de-insectos.jpg\"><img loading=\"lazy\" decoding=\"async\" src=\"https:\/\/www.elsindical.com.ar\/notas\/var\/www\/html\/notas\/wp-content\/uploads\/2023\/03\/repelente-de-insectos.jpg\" alt=\"\" class=\"wp-image-121493\" width=\"712\" height=\"395\" srcset=\"https:\/\/www.elsindical.com.ar\/notas\/var\/www\/html\/notas\/wp-content\/uploads\/2023\/03\/repelente-de-insectos.jpg 654w, https:\/\/www.elsindical.com.ar\/notas\/var\/www\/html\/notas\/wp-content\/uploads\/2023\/03\/repelente-de-insectos-300x167.jpg 300w, https:\/\/www.elsindical.com.ar\/notas\/var\/www\/html\/notas\/wp-content\/uploads\/2023\/03\/repelente-de-insectos-500x278.jpg 500w\" sizes=\"auto, (max-width: 712px) 100vw, 712px\" \/><\/a><\/figure>\n<\/div>\n\n\n<p>Isabel Reinoso, la presidenta de la Confederaci\u00f3n Farmac\u00e9utica Argentina (Cofa), explic\u00f3 que estos productos podr\u00edan escasear \u00abtemporariamente\u00bb.<\/p>\n\n\n\n<p>En medio del\u00a0<strong>brote de dengue<\/strong> que afecta a <strong>muchas provincias<\/strong>, los <strong>repelentes<\/strong> contra los mosquitos est\u00e1n\u00a0siendo <strong>muy solicitados<\/strong> por las personas, lo que <strong>gener\u00f3 faltante en algunos comercios<\/strong> y miedo que <strong>aumente<\/strong> el precio.<\/p>\n\n\n\n<p>\u201cHay stock cr\u00edtico, es decir que reponemos y por la gran demanda que hay <strong>podemos quedarnos sin stock<\/strong> temporariamente\u201d, dijo<strong> Isabel Reinoso<\/strong>, la presidenta de la Confederaci\u00f3n Farmac\u00e9utica Argentina (Cofa).<\/p>\n\n\n\n<p>En di\u00e1logo con el programa \u00abNosotros a la Ma\u00f1ana\u00bb, por eltrece, la dirigente dijo que hay un <strong>\u00abbrote importante\u00bb<\/strong> del dengue y agreg\u00f3 que \u00abuna de las medidas es la prevenci\u00f3n, usando repelentes\u00bb, como tambi\u00e9n es importante eliminar sitios donde se pueda acumular agua.<\/p>\n\n\n\n<p>La mujer dijo que hay una \u00abgran demanda\u00bb de repelentes y que podr\u00eda ocasionar faltante, aunque afirm\u00f3 que \u00abno es que el stock haya llegado a cero\u00bb.<\/p>\n\n\n\n<p>Luego, cuando le preguntaron sobre la posibilidad de que aumente el precio del producto, dijo: \u00abEsperemos que no, para que&nbsp;<strong>no haya un aprovechamiento<\/strong>&nbsp;de esta situaci\u00f3n\u00bb.<\/p>\n\n\n\n<h2 class=\"wp-block-heading\">Prevenci\u00f3n y cuidados<\/h2>\n\n\n\n<p>El dengue es una enfermedad grave que puede <strong>llevar a la muerte<\/strong> en casos extremos. Los s\u00edntomas incluyen<strong> fiebre alta, dolor de cabeza, dolor detr\u00e1s de los ojos, dolor muscular y articular, y erupciones en la piel.<\/strong><\/p>\n\n\n\n<p>La prevenci\u00f3n es la mejor defensa contra el dengue y otros virus transmitidos por mosquitos.<\/p>\n\n\n\n<p>La <strong>eliminaci\u00f3n de los criaderos de mosquitos<\/strong> en el hogar y el uso de repelente de insectos son algunas medidas que la gente puede tomar para reducir el riesgo de contraer la enfermedad.<\/p>\n","protected":false},"excerpt":{"rendered":"<p>Isabel Reinoso, la presidenta de la Confederaci\u00f3n Farmac\u00e9utica Argentina (Cofa), explic\u00f3 que estos productos podr\u00edan escasear \u00abtemporariamente\u00bb. En medio del\u00a0brote de dengue que afecta a muchas provincias, los repelentes contra los mosquitos est\u00e1n\u00a0siendo muy solicitados por las personas, lo que gener\u00f3 faltante en algunos comercios y miedo que aumente el precio. \u201cHay stock cr\u00edtico, es&hellip;<\/p>\n","protected":false},"author":1,"featured_media":121493,"comment_status":"open","ping_status":"open","sticky":false,"template":"","format":"standard","meta":{"footnotes":""},"categories":[23],"tags":[8611,8683,2450,3791,39877],"class_list":["post-121492","post","type-post","status-publish","format-standard","has-post-thumbnail","hentry","category-salud","tag-cofa","tag-dengue","tag-diario-el-sindical","tag-mosquito","tag-repelentes"],"_links":{"self":[{"href":"https:\/\/www.elsindical.com.ar\/notas\/wp-json\/wp\/v2\/posts\/121492","targetHints":{"allow":["GET"]}}],"collection":[{"href":"https:\/\/www.elsindical.com.ar\/notas\/wp-json\/wp\/v2\/posts"}],"about":[{"href":"https:\/\/www.elsindical.com.ar\/notas\/wp-json\/wp\/v2\/types\/post"}],"author":[{"embeddable":true,"href":"https:\/\/www.elsindical.com.ar\/notas\/wp-json\/wp\/v2\/users\/1"}],"replies":[{"embeddable":true,"href":"https:\/\/www.elsindical.com.ar\/notas\/wp-json\/wp\/v2\/comments?post=121492"}],"version-history":[{"count":1,"href":"https:\/\/www.elsindical.com.ar\/notas\/wp-json\/wp\/v2\/posts\/121492\/revisions"}],"predecessor-version":[{"id":121494,"href":"https:\/\/www.elsindical.com.ar\/notas\/wp-json\/wp\/v2\/posts\/121492\/revisions\/121494"}],"wp:featuredmedia":[{"embeddable":true,"href":"https:\/\/www.elsindical.com.ar\/notas\/wp-json\/wp\/v2\/media\/121493"}],"wp:attachment":[{"href":"https:\/\/www.elsindical.com.ar\/notas\/wp-json\/wp\/v2\/media?parent=121492"}],"wp:term":[{"taxonomy":"category","embeddable":true,"href":"https:\/\/www.elsindical.com.ar\/notas\/wp-json\/wp\/v2\/categories?post=121492"},{"taxonomy":"post_tag","embeddable":true,"href":"https:\/\/www.elsindical.com.ar\/notas\/wp-json\/wp\/v2\/tags?post=121492"}],"curies":[{"name":"wp","href":"https:\/\/api.w.org\/{rel}","templated":true}]}}