{"id":121489,"date":"2023-03-30T12:36:13","date_gmt":"2023-03-30T15:36:13","guid":{"rendered":"https:\/\/www.elsindical.com.ar\/notas\/?p=121489"},"modified":"2023-03-30T12:36:14","modified_gmt":"2023-03-30T15:36:14","slug":"viernes-con-nuevo-paro-de-transportes-no-funcionaran-los-subtes-linea-d-e-y-premetro","status":"publish","type":"post","link":"https:\/\/www.elsindical.com.ar\/notas\/viernes-con-nuevo-paro-de-transportes-no-funcionaran-los-subtes-linea-d-e-y-premetro\/","title":{"rendered":"Viernes con nuevo paro de transportes: no funcionar\u00e1n los subtes l\u00ednea D, E y Premetro"},"content":{"rendered":"<div class=\"wp-block-image\">\n<figure class=\"aligncenter size-full\"><a href=\"https:\/\/www.elsindical.com.ar\/notas\/var\/www\/html\/notas\/wp-content\/uploads\/2023\/03\/subtes-parados.jpg\"><img loading=\"lazy\" decoding=\"async\" width=\"750\" height=\"428\" src=\"https:\/\/www.elsindical.com.ar\/notas\/var\/www\/html\/notas\/wp-content\/uploads\/2023\/03\/subtes-parados.jpg\" alt=\"\" class=\"wp-image-121490\" srcset=\"https:\/\/www.elsindical.com.ar\/notas\/var\/www\/html\/notas\/wp-content\/uploads\/2023\/03\/subtes-parados.jpg 750w, https:\/\/www.elsindical.com.ar\/notas\/var\/www\/html\/notas\/wp-content\/uploads\/2023\/03\/subtes-parados-300x171.jpg 300w, https:\/\/www.elsindical.com.ar\/notas\/var\/www\/html\/notas\/wp-content\/uploads\/2023\/03\/subtes-parados-500x285.jpg 500w, https:\/\/www.elsindical.com.ar\/notas\/var\/www\/html\/notas\/wp-content\/uploads\/2023\/03\/subtes-parados-220x126.jpg 220w\" sizes=\"auto, (max-width: 750px) 100vw, 750px\" \/><\/a><\/figure>\n<\/div>\n\n\n<p>Metrodelegados de AGTSyP informaron que la medida afectar\u00e1 a los pasajeros entre las 5.30 y las 7.30 h.<\/p>\n\n\n\n<p><strong>Metrodelegados <\/strong>de la Asociaci\u00f3n gremial de trabajadores del Subterr\u00e1neo y Premetro (AGTSyP) anunciaron que <strong>este viernes 31 de marzo<\/strong> habr\u00e1 un nuevo <strong>paro<\/strong> de subte que afectar\u00e1 a las <strong>l\u00edneas D, E y Premetro<\/strong>. Empezar\u00e1&nbsp;5.30 h y finalizar\u00e1 7.30 h<\/p>\n\n\n\n<p>Esto ser\u00e1 para<strong> reclamar la reducci\u00f3n de la jornada<\/strong> con dos francos y la <strong>desabestizaci\u00f3n<\/strong> de la red en su totalidad.<\/p>\n\n\n\n<p>\u00abContinuaremos nuestro plan de lucha reclamando reducci\u00f3n de la jornada con 2 francos, desabestizaci\u00f3n de la red, cambio de flotas contaminadas y reposici\u00f3n de personal faltante\u00bb,\u00a0detallaron delegados del gremio.<\/p>\n\n\n\n<p>En un comunicado&nbsp;que trascendi\u00f3 esta semana, AGTSyP&nbsp;dijo que <strong>ni Emova ni Sbase dan respuestas definitivas<\/strong> a los reclamos que&nbsp;empezaron en el 2018: \u201cLes pedimos disculpas a los usuarios en caso de llegar a afectar su viaje. Les solicitamos que ese d\u00eda opten por medios de transporte alternativos\u201d.<\/p>\n\n\n\n<p>Ante lo expresado, la empresa Emova tambi\u00e9n sac\u00f3 un comunicado en el cual informaron que \u00ab<strong>lamentan<\/strong> que estas medidas sindicales perjudiquen directamente a los usuarios, en una franja horaria muy sensible en que el Subte es utilizado mayormente para trasladarse a sus respectivos trabajos o actividades educativas\u00bb.<\/p>\n\n\n\n<p>\u00ab<strong>No existe antecedente alguno en metros de Latinoam\u00e9rica y del mundo<\/strong> de una jornada semanal como la que est\u00e1 demandando el gremio. La jornada actual de 6 horas diarias incluye refrigerio y descanso, siendo el tiempo efectivo de trabajo a\u00fan menor, con casos como el \u00e1rea de Tr\u00e1fico (conductores y guardas) en que<strong> la jornada oscila entre 4 y media y 5 horas<\/strong> de operaci\u00f3n efectiva\u00bb, explicaron.<\/p>\n","protected":false},"excerpt":{"rendered":"<p>Metrodelegados de AGTSyP informaron que la medida afectar\u00e1 a los pasajeros entre las 5.30 y las 7.30 h. Metrodelegados de la Asociaci\u00f3n gremial de trabajadores del Subterr\u00e1neo y Premetro (AGTSyP) anunciaron que este viernes 31 de marzo habr\u00e1 un nuevo paro de subte que afectar\u00e1 a las l\u00edneas D, E y Premetro. Empezar\u00e1&nbsp;5.30 h y&hellip;<\/p>\n","protected":false},"author":1,"featured_media":121490,"comment_status":"open","ping_status":"open","sticky":false,"template":"","format":"standard","meta":{"footnotes":""},"categories":[16],"tags":[7721,2450,4711,67,8283],"class_list":["post-121489","post","type-post","status-publish","format-standard","has-post-thumbnail","hentry","category-gremiales","tag-agtsyp","tag-diario-el-sindical","tag-metrodelegados","tag-paro","tag-premetro"],"_links":{"self":[{"href":"https:\/\/www.elsindical.com.ar\/notas\/wp-json\/wp\/v2\/posts\/121489","targetHints":{"allow":["GET"]}}],"collection":[{"href":"https:\/\/www.elsindical.com.ar\/notas\/wp-json\/wp\/v2\/posts"}],"about":[{"href":"https:\/\/www.elsindical.com.ar\/notas\/wp-json\/wp\/v2\/types\/post"}],"author":[{"embeddable":true,"href":"https:\/\/www.elsindical.com.ar\/notas\/wp-json\/wp\/v2\/users\/1"}],"replies":[{"embeddable":true,"href":"https:\/\/www.elsindical.com.ar\/notas\/wp-json\/wp\/v2\/comments?post=121489"}],"version-history":[{"count":1,"href":"https:\/\/www.elsindical.com.ar\/notas\/wp-json\/wp\/v2\/posts\/121489\/revisions"}],"predecessor-version":[{"id":121491,"href":"https:\/\/www.elsindical.com.ar\/notas\/wp-json\/wp\/v2\/posts\/121489\/revisions\/121491"}],"wp:featuredmedia":[{"embeddable":true,"href":"https:\/\/www.elsindical.com.ar\/notas\/wp-json\/wp\/v2\/media\/121490"}],"wp:attachment":[{"href":"https:\/\/www.elsindical.com.ar\/notas\/wp-json\/wp\/v2\/media?parent=121489"}],"wp:term":[{"taxonomy":"category","embeddable":true,"href":"https:\/\/www.elsindical.com.ar\/notas\/wp-json\/wp\/v2\/categories?post=121489"},{"taxonomy":"post_tag","embeddable":true,"href":"https:\/\/www.elsindical.com.ar\/notas\/wp-json\/wp\/v2\/tags?post=121489"}],"curies":[{"name":"wp","href":"https:\/\/api.w.org\/{rel}","templated":true}]}}