{"id":121410,"date":"2023-03-27T14:59:39","date_gmt":"2023-03-27T17:59:39","guid":{"rendered":"https:\/\/www.elsindical.com.ar\/notas\/?p=121410"},"modified":"2023-03-27T16:12:42","modified_gmt":"2023-03-27T19:12:42","slug":"alejandra-sobrado-la-jueza-multidenunciada","status":"publish","type":"post","link":"https:\/\/www.elsindical.com.ar\/notas\/alejandra-sobrado-la-jueza-multidenunciada\/","title":{"rendered":"Alejandra Sobrado la jueza multidenunciada"},"content":{"rendered":"<div class=\"wp-block-image\">\n<figure class=\"aligncenter size-full\"><a href=\"https:\/\/www.elsindical.com.ar\/notas\/var\/www\/html\/notas\/wp-content\/uploads\/2023\/03\/Alejandra-Sobrado-rostro-2023.jpg\"><img loading=\"lazy\" decoding=\"async\" width=\"500\" height=\"606\" src=\"https:\/\/www.elsindical.com.ar\/notas\/var\/www\/html\/notas\/wp-content\/uploads\/2023\/03\/Alejandra-Sobrado-rostro-2023.jpg\" alt=\"\" class=\"wp-image-121411\" srcset=\"https:\/\/www.elsindical.com.ar\/notas\/var\/www\/html\/notas\/wp-content\/uploads\/2023\/03\/Alejandra-Sobrado-rostro-2023.jpg 500w, https:\/\/www.elsindical.com.ar\/notas\/var\/www\/html\/notas\/wp-content\/uploads\/2023\/03\/Alejandra-Sobrado-rostro-2023-248x300.jpg 248w\" sizes=\"auto, (max-width: 500px) 100vw, 500px\" \/><\/a><\/figure>\n<\/div>\n\n\n<p>    Una nueva denuncia p\u00fablica se conoci\u00f3 en Cr\u00f3nica TV donde un hombre identificado como<strong> Rodolfo<\/strong>, fue entrevistado y describi\u00f3 la grave situaci\u00f3n en la que se encuentran su hija que no llega a los 2 a\u00f1os y otro menor al que crio desde los 6 a\u00f1os como propio por parte de su ex pareja identificada como Gabriela, una mujer con problemas de consumo de bebidas y violencia, mostrando videos de los golpes que reciben constantemente.<\/p>\n\n\n\n<p>La jueza que lo priv\u00f3 de ver a sus hijos desde hace casi 2 a\u00f1os es la <strong>Jueza de Familia N\u00b0 2 de Avellaneda<\/strong> <strong>Alejandra Mar\u00eda Jorgelina Sobrado<\/strong>, una jueza que arrastra varias denuncias en su contra y que en exclusiva desde el diario El Sindical hemos advertido sobre la conducta y la deficiente actividad del juzgado a su cargo, tal vez la denuncia m\u00e1s grave por el resultado final, es la del homicidio ocurrido en la localidad de Wilde, donde <strong>Dami\u00e1n Tello<\/strong> (35) asesin\u00f3 a su abuelo <strong>Antonio Carrano <\/strong>(84), el asesino ten\u00eda una causa en tr\u00e1mite en el juzgado de Sobrado y los informes eran desfavorables, pero no se hizo nada al respecto.<\/p>\n\n\n\n<p>En el programa no solo repudiaron la decisi\u00f3n de la jueza de no revincular al padre con sus hijos y de investigar a la madre de quien existen videos de como le da cerveza a la peque\u00f1a ni\u00f1a O. atentando contra la salud f\u00edsica y ps\u00edquica de los menores a los que adem\u00e1s somete a golpes.<\/p>\n\n\n\n<p>En el estudio inmediatamente comenzaron a llegar miles de mensajes de televidentes alarmados por el hecho y que ped\u00edan que no sea esto otro caso Lucio y los periodistas detallaron la cantidad de denuncias que desde el 2017 hay de la jueza en su contra en redes sociales. <\/p>\n\n\n\n<p>No es la primera vez que Sobrado o no hace o falla en contra de los Derechos de Los Ni\u00f1os, rara conducta de una jueza de familia. Ampliaremos.<\/p>\n\n\n\n<p>Por Marcelo Ricardo Hawrylciw<\/p>\n\n\n\n<figure class=\"wp-block-image size-full\"><a href=\"https:\/\/www.elsindical.com.ar\/notas\/var\/www\/html\/notas\/wp-content\/uploads\/2023\/03\/denuncian-a-madre-golpeadorea-jueza-Sobrado.jpg\"><img loading=\"lazy\" decoding=\"async\" width=\"850\" height=\"489\" src=\"https:\/\/www.elsindical.com.ar\/notas\/var\/www\/html\/notas\/wp-content\/uploads\/2023\/03\/denuncian-a-madre-golpeadorea-jueza-Sobrado.jpg\" alt=\"\" class=\"wp-image-121412\" srcset=\"https:\/\/www.elsindical.com.ar\/notas\/var\/www\/html\/notas\/wp-content\/uploads\/2023\/03\/denuncian-a-madre-golpeadorea-jueza-Sobrado.jpg 850w, https:\/\/www.elsindical.com.ar\/notas\/var\/www\/html\/notas\/wp-content\/uploads\/2023\/03\/denuncian-a-madre-golpeadorea-jueza-Sobrado-300x173.jpg 300w, https:\/\/www.elsindical.com.ar\/notas\/var\/www\/html\/notas\/wp-content\/uploads\/2023\/03\/denuncian-a-madre-golpeadorea-jueza-Sobrado-768x442.jpg 768w, https:\/\/www.elsindical.com.ar\/notas\/var\/www\/html\/notas\/wp-content\/uploads\/2023\/03\/denuncian-a-madre-golpeadorea-jueza-Sobrado-500x288.jpg 500w, https:\/\/www.elsindical.com.ar\/notas\/var\/www\/html\/notas\/wp-content\/uploads\/2023\/03\/denuncian-a-madre-golpeadorea-jueza-Sobrado-220x126.jpg 220w\" sizes=\"auto, (max-width: 850px) 100vw, 850px\" \/><\/a><\/figure>\n","protected":false},"excerpt":{"rendered":"<p>Una nueva denuncia p\u00fablica se conoci\u00f3 en Cr\u00f3nica TV donde un hombre identificado como Rodolfo, fue entrevistado y describi\u00f3 la grave situaci\u00f3n en la que se encuentran su hija que no llega a los 2 a\u00f1os y otro menor al que crio desde los 6 a\u00f1os como propio por parte de su ex pareja identificada&hellip;<\/p>\n","protected":false},"author":1,"featured_media":121411,"comment_status":"open","ping_status":"open","sticky":false,"template":"","format":"standard","meta":{"footnotes":""},"categories":[6],"tags":[39857,39860,39859,2450,39858,39861],"class_list":["post-121410","post","type-post","status-publish","format-standard","has-post-thumbnail","hentry","category-denuncias","tag-alejandra-maria-jorgelina-sobrado","tag-antonio-carrano","tag-damian-tello","tag-diario-el-sindical","tag-jueza-de-familia-2-de-avellaneda","tag-rodolfo"],"_links":{"self":[{"href":"https:\/\/www.elsindical.com.ar\/notas\/wp-json\/wp\/v2\/posts\/121410","targetHints":{"allow":["GET"]}}],"collection":[{"href":"https:\/\/www.elsindical.com.ar\/notas\/wp-json\/wp\/v2\/posts"}],"about":[{"href":"https:\/\/www.elsindical.com.ar\/notas\/wp-json\/wp\/v2\/types\/post"}],"author":[{"embeddable":true,"href":"https:\/\/www.elsindical.com.ar\/notas\/wp-json\/wp\/v2\/users\/1"}],"replies":[{"embeddable":true,"href":"https:\/\/www.elsindical.com.ar\/notas\/wp-json\/wp\/v2\/comments?post=121410"}],"version-history":[{"count":3,"href":"https:\/\/www.elsindical.com.ar\/notas\/wp-json\/wp\/v2\/posts\/121410\/revisions"}],"predecessor-version":[{"id":121417,"href":"https:\/\/www.elsindical.com.ar\/notas\/wp-json\/wp\/v2\/posts\/121410\/revisions\/121417"}],"wp:featuredmedia":[{"embeddable":true,"href":"https:\/\/www.elsindical.com.ar\/notas\/wp-json\/wp\/v2\/media\/121411"}],"wp:attachment":[{"href":"https:\/\/www.elsindical.com.ar\/notas\/wp-json\/wp\/v2\/media?parent=121410"}],"wp:term":[{"taxonomy":"category","embeddable":true,"href":"https:\/\/www.elsindical.com.ar\/notas\/wp-json\/wp\/v2\/categories?post=121410"},{"taxonomy":"post_tag","embeddable":true,"href":"https:\/\/www.elsindical.com.ar\/notas\/wp-json\/wp\/v2\/tags?post=121410"}],"curies":[{"name":"wp","href":"https:\/\/api.w.org\/{rel}","templated":true}]}}