{"id":121344,"date":"2023-03-24T09:37:51","date_gmt":"2023-03-24T12:37:51","guid":{"rendered":"https:\/\/www.elsindical.com.ar\/notas\/?p=121344"},"modified":"2023-03-24T09:37:52","modified_gmt":"2023-03-24T12:37:52","slug":"moreno-30-presos-tomaron-de-rehen-a-un-policia-durante-un-motin-en-una-comisaria","status":"publish","type":"post","link":"https:\/\/www.elsindical.com.ar\/notas\/moreno-30-presos-tomaron-de-rehen-a-un-policia-durante-un-motin-en-una-comisaria\/","title":{"rendered":"Moreno: 30 presos tomaron de reh\u00e9n a un polic\u00eda durante un mot\u00edn en una comisar\u00eda"},"content":{"rendered":"<div class=\"wp-block-image\">\n<figure class=\"aligncenter size-full is-resized\"><a href=\"https:\/\/www.elsindical.com.ar\/notas\/var\/www\/html\/notas\/wp-content\/uploads\/2023\/03\/comisaria-4ta-Moreno.jpeg\"><img loading=\"lazy\" decoding=\"async\" src=\"https:\/\/www.elsindical.com.ar\/notas\/var\/www\/html\/notas\/wp-content\/uploads\/2023\/03\/comisaria-4ta-Moreno.jpeg\" alt=\"\" class=\"wp-image-121345\" width=\"715\" height=\"476\" srcset=\"https:\/\/www.elsindical.com.ar\/notas\/var\/www\/html\/notas\/wp-content\/uploads\/2023\/03\/comisaria-4ta-Moreno.jpeg 470w, https:\/\/www.elsindical.com.ar\/notas\/var\/www\/html\/notas\/wp-content\/uploads\/2023\/03\/comisaria-4ta-Moreno-300x200.jpeg 300w, https:\/\/www.elsindical.com.ar\/notas\/var\/www\/html\/notas\/wp-content\/uploads\/2023\/03\/comisaria-4ta-Moreno-450x300.jpeg 450w\" sizes=\"auto, (max-width: 715px) 100vw, 715px\" \/><\/a><\/figure>\n<\/div>\n\n\n<p>Al menos 30 presos de una comisar\u00eda del partido bonaerense de <strong>Moreno permanec\u00edan esta tarde amotinados y manten\u00edan de reh\u00e9n a un polic\u00eda de dicha seccional, en reclamo de mejores condiciones alojamiento<\/strong> y del traslado a otras dependencias..<\/p>\n\n\n\n<p>El hecho se inici\u00f3 minutos antes de las 17 en la comisar\u00eda Moreno 4ta. de Cuartel V, <strong>ubicada en Colectora Hip\u00f3lito Yrigoyen y Gutemberg, en la zona oeste del Gran Buenos Aires.<\/strong><\/p>\n\n\n\n<p>Voceros judiciales y policiales informaron a T\u00e9lam que alrededor de 30 presos de dicha seccional se encontraban amotinados y con un efectivo de reh\u00e9n, en reclamo de mejores condiciones de alojamiento y exig\u00edan ser trasladados a otras dependencias.<\/p>\n\n\n\n<p>En un video enviado a los familiares de los internos, y publicado por el portal Semanarioactualidad.com.ar, el polic\u00eda de reh\u00e9n asegur\u00f3 que estaba \u00abtodo bien\u00bb y que no le hac\u00edan \u00abnada\u00bb.<\/p>\n\n\n\n<p>En tanto, en otro video publicado por el mismo portal zonal, los presos mostraron la situaci\u00f3n de hacinamiento en una celda con capacidad para nueve personas.<\/p>\n\n\n\n<p>Interviene en la causa la fiscal Carina Saucedo, a cargo de la Unidad Funcional de Instrucci\u00f3n (UFI) 2 del<strong> Departamento Judicial de Moreno-General Rodr\u00edguez, quien esta noche supervisaba las negociaciones en el lugar del hecho.<\/strong><\/p>\n","protected":false},"excerpt":{"rendered":"<p>Al menos 30 presos de una comisar\u00eda del partido bonaerense de Moreno permanec\u00edan esta tarde amotinados y manten\u00edan de reh\u00e9n a un polic\u00eda de dicha seccional, en reclamo de mejores condiciones alojamiento y del traslado a otras dependencias.. El hecho se inici\u00f3 minutos antes de las 17 en la comisar\u00eda Moreno 4ta. de Cuartel V,&hellip;<\/p>\n","protected":false},"author":1,"featured_media":121345,"comment_status":"open","ping_status":"open","sticky":false,"template":"","format":"standard","meta":{"footnotes":""},"categories":[22],"tags":[1227,2450,1232,1226],"class_list":["post-121344","post","type-post","status-publish","format-standard","has-post-thumbnail","hentry","category-policiales","tag-comisaria","tag-diario-el-sindical","tag-moreno","tag-presos"],"_links":{"self":[{"href":"https:\/\/www.elsindical.com.ar\/notas\/wp-json\/wp\/v2\/posts\/121344","targetHints":{"allow":["GET"]}}],"collection":[{"href":"https:\/\/www.elsindical.com.ar\/notas\/wp-json\/wp\/v2\/posts"}],"about":[{"href":"https:\/\/www.elsindical.com.ar\/notas\/wp-json\/wp\/v2\/types\/post"}],"author":[{"embeddable":true,"href":"https:\/\/www.elsindical.com.ar\/notas\/wp-json\/wp\/v2\/users\/1"}],"replies":[{"embeddable":true,"href":"https:\/\/www.elsindical.com.ar\/notas\/wp-json\/wp\/v2\/comments?post=121344"}],"version-history":[{"count":1,"href":"https:\/\/www.elsindical.com.ar\/notas\/wp-json\/wp\/v2\/posts\/121344\/revisions"}],"predecessor-version":[{"id":121346,"href":"https:\/\/www.elsindical.com.ar\/notas\/wp-json\/wp\/v2\/posts\/121344\/revisions\/121346"}],"wp:featuredmedia":[{"embeddable":true,"href":"https:\/\/www.elsindical.com.ar\/notas\/wp-json\/wp\/v2\/media\/121345"}],"wp:attachment":[{"href":"https:\/\/www.elsindical.com.ar\/notas\/wp-json\/wp\/v2\/media?parent=121344"}],"wp:term":[{"taxonomy":"category","embeddable":true,"href":"https:\/\/www.elsindical.com.ar\/notas\/wp-json\/wp\/v2\/categories?post=121344"},{"taxonomy":"post_tag","embeddable":true,"href":"https:\/\/www.elsindical.com.ar\/notas\/wp-json\/wp\/v2\/tags?post=121344"}],"curies":[{"name":"wp","href":"https:\/\/api.w.org\/{rel}","templated":true}]}}