{"id":121317,"date":"2023-03-22T21:57:23","date_gmt":"2023-03-23T00:57:23","guid":{"rendered":"https:\/\/www.elsindical.com.ar\/notas\/?p=121317"},"modified":"2023-03-22T21:57:24","modified_gmt":"2023-03-23T00:57:24","slug":"colegios-privados-bonaerenses-reclaman-aumentar-las-cuotas","status":"publish","type":"post","link":"https:\/\/www.elsindical.com.ar\/notas\/colegios-privados-bonaerenses-reclaman-aumentar-las-cuotas\/","title":{"rendered":"Colegios privados bonaerenses reclaman aumentar las cuotas"},"content":{"rendered":"\n<figure class=\"wp-block-image size-large\"><a href=\"https:\/\/www.elsindical.com.ar\/notas\/var\/www\/html\/notas\/wp-content\/uploads\/2023\/03\/colegios-privados.jpg\"><img loading=\"lazy\" decoding=\"async\" width=\"1024\" height=\"696\" src=\"https:\/\/www.elsindical.com.ar\/notas\/var\/www\/html\/notas\/wp-content\/uploads\/2023\/03\/colegios-privados-1024x696.jpg\" alt=\"\" class=\"wp-image-121318\" srcset=\"https:\/\/www.elsindical.com.ar\/notas\/var\/www\/html\/notas\/wp-content\/uploads\/2023\/03\/colegios-privados-1024x696.jpg 1024w, https:\/\/www.elsindical.com.ar\/notas\/var\/www\/html\/notas\/wp-content\/uploads\/2023\/03\/colegios-privados-300x204.jpg 300w, https:\/\/www.elsindical.com.ar\/notas\/var\/www\/html\/notas\/wp-content\/uploads\/2023\/03\/colegios-privados-768x522.jpg 768w, https:\/\/www.elsindical.com.ar\/notas\/var\/www\/html\/notas\/wp-content\/uploads\/2023\/03\/colegios-privados-441x300.jpg 441w, https:\/\/www.elsindical.com.ar\/notas\/var\/www\/html\/notas\/wp-content\/uploads\/2023\/03\/colegios-privados.jpg 1200w\" sizes=\"auto, (max-width: 1024px) 100vw, 1024px\" \/><\/a><\/figure>\n\n\n\n<p>Los colegios privados explicaron que, para que los n\u00fameros cierren, las cuotas deber\u00edan tener un incremento de entre el 5 y el 8%<\/p>\n\n\n\n<p>Colegios privados de la provincia de Buenos Aires le <strong>reclamaron al Gobierno una revisi\u00f3n sobre el tope de aumento de las cuotas que fue acordado<\/strong> en el marco del plan Precios Justos, impulsado por el ministro de Econom\u00eda de la Naci\u00f3n, Sergio Massa.<\/p>\n\n\n\n<p>En ese entonces, el ministro de Econom\u00eda, Sergio Massa, le hab\u00eda pedido a los gobernadores que se adhieran al plan de incorporaci\u00f3n de los colegios privados a Precios Justos para <strong>darle \u201cprevisibilidad a las familias\u201d, <\/strong>pero luego de que cerraran el trato en la provincia de Buenos Aires, <strong>las paritarias docentes superaron el porcentaje de aumento del sueldo en relaci\u00f3n a las cuotas mensuales <\/strong>que recibir\u00e1n los establecimientos.<\/p>\n\n\n\n<p>En este marco, los colegios privados le solicitaron a la Direcci\u00f3n General de Escuelas la posibilidad de <strong>revisar el plan de aumento en las cuotas que las familias pagan <\/strong>de manera mensual, con el argumento de que los ingresos no les alcanzan para pagar las mejoras salariales acordadas entre el Gobierno y los docentes.<\/p>\n\n\n\n<p>El acuerdo firmado por los colegios privados de la provincia de Buenos Aires y el Gobierno para incorporar a los establecimientos a Precios Justos, <strong>establec\u00eda un tope de incremento en las cuotas de 16,8% para marzo, y de 3,5% para abril y junio.<\/strong><\/p>\n\n\n\n<p>Por su parte, las paritarias docentes bonaerenses, que incluyen a los educadores nucleados en los gremios de los colegios privados, <strong>cerraron con un acuerdo que implica un aumento del sueldo de 18% en marzo, 10% en mayo y 10% en julio<\/strong>, es decir, superan ampliamente los incrementos en las cuotas.<\/p>\n\n\n\n<p>De esta manera, <strong>los colegios privados le explicaron al Gobierno que, para que los n\u00fameros cierren, las cuotas deber\u00edan tener un incremento de entre el 5% y el 8% <\/strong>en los establecimientos educativos de la provincia de Buenos Aires, pero por el momento, la Direcci\u00f3n de Escuelas no les brind\u00f3 una respuesta.<\/p>\n","protected":false},"excerpt":{"rendered":"<p>Los colegios privados explicaron que, para que los n\u00fameros cierren, las cuotas deber\u00edan tener un incremento de entre el 5 y el 8% Colegios privados de la provincia de Buenos Aires le reclamaron al Gobierno una revisi\u00f3n sobre el tope de aumento de las cuotas que fue acordado en el marco del plan Precios Justos,&hellip;<\/p>\n","protected":false},"author":1,"featured_media":121318,"comment_status":"open","ping_status":"open","sticky":false,"template":"","format":"standard","meta":{"footnotes":""},"categories":[9],"tags":[1754,2457,2458,2450,3918],"class_list":["post-121317","post","type-post","status-publish","format-standard","has-post-thumbnail","hentry","category-economia","tag-aumentos","tag-colegios-privados","tag-cuotas","tag-diario-el-sindical","tag-sergio-massa"],"_links":{"self":[{"href":"https:\/\/www.elsindical.com.ar\/notas\/wp-json\/wp\/v2\/posts\/121317","targetHints":{"allow":["GET"]}}],"collection":[{"href":"https:\/\/www.elsindical.com.ar\/notas\/wp-json\/wp\/v2\/posts"}],"about":[{"href":"https:\/\/www.elsindical.com.ar\/notas\/wp-json\/wp\/v2\/types\/post"}],"author":[{"embeddable":true,"href":"https:\/\/www.elsindical.com.ar\/notas\/wp-json\/wp\/v2\/users\/1"}],"replies":[{"embeddable":true,"href":"https:\/\/www.elsindical.com.ar\/notas\/wp-json\/wp\/v2\/comments?post=121317"}],"version-history":[{"count":1,"href":"https:\/\/www.elsindical.com.ar\/notas\/wp-json\/wp\/v2\/posts\/121317\/revisions"}],"predecessor-version":[{"id":121319,"href":"https:\/\/www.elsindical.com.ar\/notas\/wp-json\/wp\/v2\/posts\/121317\/revisions\/121319"}],"wp:featuredmedia":[{"embeddable":true,"href":"https:\/\/www.elsindical.com.ar\/notas\/wp-json\/wp\/v2\/media\/121318"}],"wp:attachment":[{"href":"https:\/\/www.elsindical.com.ar\/notas\/wp-json\/wp\/v2\/media?parent=121317"}],"wp:term":[{"taxonomy":"category","embeddable":true,"href":"https:\/\/www.elsindical.com.ar\/notas\/wp-json\/wp\/v2\/categories?post=121317"},{"taxonomy":"post_tag","embeddable":true,"href":"https:\/\/www.elsindical.com.ar\/notas\/wp-json\/wp\/v2\/tags?post=121317"}],"curies":[{"name":"wp","href":"https:\/\/api.w.org\/{rel}","templated":true}]}}