{"id":121314,"date":"2023-03-22T12:20:05","date_gmt":"2023-03-22T15:20:05","guid":{"rendered":"https:\/\/www.elsindical.com.ar\/notas\/?p=121314"},"modified":"2023-03-22T12:20:07","modified_gmt":"2023-03-22T15:20:07","slug":"fopea-pide-la-sancion-de-un-abogado-de-rosario-que-expreso-que-los-periodistas-son-el-cancer-de-la-humanidad","status":"publish","type":"post","link":"https:\/\/www.elsindical.com.ar\/notas\/fopea-pide-la-sancion-de-un-abogado-de-rosario-que-expreso-que-los-periodistas-son-el-cancer-de-la-humanidad\/","title":{"rendered":"FOPEA pide la sanci\u00f3n de un abogado de Rosario que expres\u00f3 que \u00ablos periodistas son el c\u00e1ncer de la humanidad\u00bb"},"content":{"rendered":"<div class=\"wp-block-image\">\n<figure class=\"aligncenter size-full is-resized\"><a href=\"https:\/\/www.elsindical.com.ar\/notas\/var\/www\/html\/notas\/wp-content\/uploads\/2023\/03\/twitt-Leonel-Monteil.jpg\"><img loading=\"lazy\" decoding=\"async\" src=\"https:\/\/www.elsindical.com.ar\/notas\/var\/www\/html\/notas\/wp-content\/uploads\/2023\/03\/twitt-Leonel-Monteil.jpg\" alt=\"\" class=\"wp-image-121315\" width=\"814\" height=\"193\" srcset=\"https:\/\/www.elsindical.com.ar\/notas\/var\/www\/html\/notas\/wp-content\/uploads\/2023\/03\/twitt-Leonel-Monteil.jpg 600w, https:\/\/www.elsindical.com.ar\/notas\/var\/www\/html\/notas\/wp-content\/uploads\/2023\/03\/twitt-Leonel-Monteil-300x71.jpg 300w, https:\/\/www.elsindical.com.ar\/notas\/var\/www\/html\/notas\/wp-content\/uploads\/2023\/03\/twitt-Leonel-Monteil-500x118.jpg 500w\" sizes=\"auto, (max-width: 814px) 100vw, 814px\" \/><\/a><\/figure>\n<\/div>\n\n\n<p>El pasado lunes 20 de febrero de 2023 FOPEA tuvo la<strong> primera audiencia en el Colegio P\u00fablico de Abogados de Rosario<\/strong> por la denuncia realizada ante el Tribunal de Disciplina contra el abogado Leopoldo Monteil por una publicaci\u00f3n que hizo en Twitter.<br><br>Se trata del letrado que escribi\u00f3 en su cuenta el 25 de septiembre pasado un temerario pronunciamiento<strong>: \u00abEl mundo ser\u00e1 un lugar vivible cuando todos los d\u00edas se ejecute un periodista; son el c\u00e1ncer de la humanidad\u00bb<\/strong>. \u00a0A las pocas horas, ese mensaje fue borrado.\u00a0<\/p>\n\n\n\n<p>Vale destacar que<strong> Monteil representa legalmente en diferentes causas judiciales a jefes narcos de Rosario<\/strong> como Esteban Alvarado y Alan Funes.<br><br>Monteil asisti\u00f3 a la audiencia y tuvo una actitud sumamente agresiva hacia nuestra tarea, lo que de alguna manera ratific\u00f3 sus dichos. El abogado intent\u00f3 desconocer el tweet aunque luego el resto de <strong>sus expresiones ratificaron lo plasmado originalmente<\/strong>. Inclusive se\u00f1al\u00f3 su amistad con algunos de los jefes narcos m\u00e1s conocidos de Santa Fe.<br><br>A partir de ahora se abre la etapa de prueba donde tenemos que sostener nuestra postura.\u00a0<strong>La definici\u00f3n es avanzar y que sea el Tribunal de Disciplina quien merit\u00fae el volumen de la sanci\u00f3n a aplicar<\/strong>. Independientemente de esto, estamos atentos al curso de la causa judicial.<br><br>Estamos convencidos de que <strong>la democracia se fortalece con mayor libertad de expresi\u00f3n y con m\u00e1s respeto hacia el trabajo de la prensa.<\/strong> Para ello es clave diferenciar las leg\u00edtimas cr\u00edticas de los se\u00f1alamientos y acusaciones contra los periodistas, que pueden derivar en situaciones de violencia.<\/p>\n\n\n\n<figure class=\"wp-block-embed is-type-video is-provider-youtube wp-block-embed-youtube wp-embed-aspect-16-9 wp-has-aspect-ratio\"><div class=\"wp-block-embed__wrapper\">\n<iframe loading=\"lazy\" title=\"El periodismo, acorralado por el poder narco en Rosario\" width=\"700\" height=\"394\" src=\"https:\/\/www.youtube.com\/embed\/RzITmtURqyM?start=5&#038;feature=oembed\" frameborder=\"0\" allow=\"accelerometer; autoplay; clipboard-write; encrypted-media; gyroscope; picture-in-picture; web-share\" allowfullscreen><\/iframe>\n<\/div><\/figure>\n","protected":false},"excerpt":{"rendered":"<p>El pasado lunes 20 de febrero de 2023 FOPEA tuvo la primera audiencia en el Colegio P\u00fablico de Abogados de Rosario por la denuncia realizada ante el Tribunal de Disciplina contra el abogado Leopoldo Monteil por una publicaci\u00f3n que hizo en Twitter. Se trata del letrado que escribi\u00f3 en su cuenta el 25 de septiembre&hellip;<\/p>\n","protected":false},"author":1,"featured_media":121315,"comment_status":"open","ping_status":"open","sticky":false,"template":"","format":"standard","meta":{"footnotes":""},"categories":[6],"tags":[501,175,2450,3335,39826,256,2208,609],"class_list":["post-121314","post","type-post","status-publish","format-standard","has-post-thumbnail","hentry","category-denuncias","tag-abogado","tag-denuncia","tag-diario-el-sindical","tag-fopea","tag-leopoldo-monteil","tag-periodistas","tag-rosario","tag-santa-fe"],"_links":{"self":[{"href":"https:\/\/www.elsindical.com.ar\/notas\/wp-json\/wp\/v2\/posts\/121314","targetHints":{"allow":["GET"]}}],"collection":[{"href":"https:\/\/www.elsindical.com.ar\/notas\/wp-json\/wp\/v2\/posts"}],"about":[{"href":"https:\/\/www.elsindical.com.ar\/notas\/wp-json\/wp\/v2\/types\/post"}],"author":[{"embeddable":true,"href":"https:\/\/www.elsindical.com.ar\/notas\/wp-json\/wp\/v2\/users\/1"}],"replies":[{"embeddable":true,"href":"https:\/\/www.elsindical.com.ar\/notas\/wp-json\/wp\/v2\/comments?post=121314"}],"version-history":[{"count":1,"href":"https:\/\/www.elsindical.com.ar\/notas\/wp-json\/wp\/v2\/posts\/121314\/revisions"}],"predecessor-version":[{"id":121316,"href":"https:\/\/www.elsindical.com.ar\/notas\/wp-json\/wp\/v2\/posts\/121314\/revisions\/121316"}],"wp:featuredmedia":[{"embeddable":true,"href":"https:\/\/www.elsindical.com.ar\/notas\/wp-json\/wp\/v2\/media\/121315"}],"wp:attachment":[{"href":"https:\/\/www.elsindical.com.ar\/notas\/wp-json\/wp\/v2\/media?parent=121314"}],"wp:term":[{"taxonomy":"category","embeddable":true,"href":"https:\/\/www.elsindical.com.ar\/notas\/wp-json\/wp\/v2\/categories?post=121314"},{"taxonomy":"post_tag","embeddable":true,"href":"https:\/\/www.elsindical.com.ar\/notas\/wp-json\/wp\/v2\/tags?post=121314"}],"curies":[{"name":"wp","href":"https:\/\/api.w.org\/{rel}","templated":true}]}}