{"id":121310,"date":"2023-03-22T01:14:06","date_gmt":"2023-03-22T04:14:06","guid":{"rendered":"https:\/\/www.elsindical.com.ar\/notas\/?p=121310"},"modified":"2023-03-22T01:14:07","modified_gmt":"2023-03-22T04:14:07","slug":"villa-luro-una-mujer-tiro-a-una-perrita-a-un-basural-y-todo-quedo-registrado-en-camaras","status":"publish","type":"post","link":"https:\/\/www.elsindical.com.ar\/notas\/villa-luro-una-mujer-tiro-a-una-perrita-a-un-basural-y-todo-quedo-registrado-en-camaras\/","title":{"rendered":"Villa Luro: una mujer tir\u00f3 a una perrita a un basural y todo qued\u00f3 registrado en c\u00e1maras"},"content":{"rendered":"\n<figure class=\"wp-block-image size-full\"><a href=\"https:\/\/www.elsindical.com.ar\/notas\/var\/www\/html\/notas\/wp-content\/uploads\/2023\/03\/mujer-arroja-perro-a-la-basura.jpg\"><img loading=\"lazy\" decoding=\"async\" width=\"768\" height=\"471\" src=\"https:\/\/www.elsindical.com.ar\/notas\/var\/www\/html\/notas\/wp-content\/uploads\/2023\/03\/mujer-arroja-perro-a-la-basura.jpg\" alt=\"\" class=\"wp-image-121311\" srcset=\"https:\/\/www.elsindical.com.ar\/notas\/var\/www\/html\/notas\/wp-content\/uploads\/2023\/03\/mujer-arroja-perro-a-la-basura.jpg 768w, https:\/\/www.elsindical.com.ar\/notas\/var\/www\/html\/notas\/wp-content\/uploads\/2023\/03\/mujer-arroja-perro-a-la-basura-300x184.jpg 300w, https:\/\/www.elsindical.com.ar\/notas\/var\/www\/html\/notas\/wp-content\/uploads\/2023\/03\/mujer-arroja-perro-a-la-basura-489x300.jpg 489w\" sizes=\"auto, (max-width: 768px) 100vw, 768px\" \/><\/a><\/figure>\n\n\n\n<p>Una vecina que vio la situaci\u00f3n llam\u00f3 a la polic\u00eda y pudieron rescatar al animal.<\/p>\n\n\n\n<p>Un&nbsp;c\u00e1mara de seguridad registr\u00f3 el momento en el que <strong>una mujer&nbsp;tir\u00f3 a su perra a&nbsp;un basural<\/strong> y luego se&nbsp;fue del lugar<strong> como si nada<\/strong> hubiese pasado.<\/p>\n\n\n\n<p>Las im\u00e1genes muestran cuando\u00a0la se\u00f1ora se acerca junto a su mascota\u00a0al tacho de basura ubicado en la calle Leopardi al 300, en el barrio de <strong>Villa Luro.<\/strong> En tan solo segundos se\u00a0ve como la due\u00f1a <strong>mira los alrededores y luego tira y abandona al canino<\/strong>.<\/p>\n\n\n\n<p>Ante este hecho que gener\u00f3 <strong>repudio<\/strong>, una vecina que vio la situaci\u00f3n&nbsp;alert\u00f3 al 911. Acto seguido, el Personal de la Comisar\u00eda Vecinal 10 C de la Polic\u00eda de la Ciudad fue hasta el lugar y <strong>confirm\u00f3<\/strong> que dentro de contenedor&nbsp;estaba la perrita.<\/p>\n\n\n\n<p>En consecuencia, y luego de hablar con la denunciante, un oficial<strong> ingres\u00f3 al&nbsp;basural<\/strong> y&nbsp;<strong>salv\u00f3 al animal<\/strong> de manera exitosa.<\/p>\n\n\n\n<p>La perra fue bautizada como <strong>Ellie<\/strong> y todo termin\u00f3 con un <strong>final feliz<\/strong>: fue<strong> adoptada<\/strong> por uno de los efectivos\u00a0que participaron en su rescate.<\/p>\n\n\n\n<p>Fuentes policiales confirmaron que la causa qued\u00f3 en manos de la Unidad Fiscal de Flagrancia Oeste, a cargo del doctor Federico Gotusso.<\/p>\n\n\n\n<p>Ante el hecho&nbsp;aberrante,&nbsp;Gotusso dispuso hacer un <strong>relevamiento de las c\u00e1maras de seguridad<\/strong> de la zona y darle intervenci\u00f3n a un m\u00e9dico veterinario para que revise el estado de salud del animal.<\/p>\n\n\n<div class=\"wp-block-image\">\n<figure class=\"aligncenter size-full\"><a href=\"https:\/\/www.elsindical.com.ar\/notas\/var\/www\/html\/notas\/wp-content\/uploads\/2023\/03\/perro-a-la-basura.jpg\"><img loading=\"lazy\" decoding=\"async\" width=\"540\" height=\"776\" src=\"https:\/\/www.elsindical.com.ar\/notas\/var\/www\/html\/notas\/wp-content\/uploads\/2023\/03\/perro-a-la-basura.jpg\" alt=\"\" class=\"wp-image-121312\" srcset=\"https:\/\/www.elsindical.com.ar\/notas\/var\/www\/html\/notas\/wp-content\/uploads\/2023\/03\/perro-a-la-basura.jpg 540w, https:\/\/www.elsindical.com.ar\/notas\/var\/www\/html\/notas\/wp-content\/uploads\/2023\/03\/perro-a-la-basura-209x300.jpg 209w\" sizes=\"auto, (max-width: 540px) 100vw, 540px\" \/><\/a><\/figure>\n<\/div>","protected":false},"excerpt":{"rendered":"<p>Una vecina que vio la situaci\u00f3n llam\u00f3 a la polic\u00eda y pudieron rescatar al animal. Un&nbsp;c\u00e1mara de seguridad registr\u00f3 el momento en el que una mujer&nbsp;tir\u00f3 a su perra a&nbsp;un basural y luego se&nbsp;fue del lugar como si nada hubiese pasado. Las im\u00e1genes muestran cuando\u00a0la se\u00f1ora se acerca junto a su mascota\u00a0al tacho de basura&hellip;<\/p>\n","protected":false},"author":1,"featured_media":121311,"comment_status":"open","ping_status":"open","sticky":false,"template":"","format":"standard","meta":{"footnotes":""},"categories":[22],"tags":[1536,2450,39824,39825,8010,24537,3491],"class_list":["post-121310","post","type-post","status-publish","format-standard","has-post-thumbnail","hentry","category-policiales","tag-basura","tag-diario-el-sindical","tag-ellie","tag-maribel-llauca-guaroco","tag-perrita","tag-policia-de-la-ciudad","tag-villa-luro"],"_links":{"self":[{"href":"https:\/\/www.elsindical.com.ar\/notas\/wp-json\/wp\/v2\/posts\/121310","targetHints":{"allow":["GET"]}}],"collection":[{"href":"https:\/\/www.elsindical.com.ar\/notas\/wp-json\/wp\/v2\/posts"}],"about":[{"href":"https:\/\/www.elsindical.com.ar\/notas\/wp-json\/wp\/v2\/types\/post"}],"author":[{"embeddable":true,"href":"https:\/\/www.elsindical.com.ar\/notas\/wp-json\/wp\/v2\/users\/1"}],"replies":[{"embeddable":true,"href":"https:\/\/www.elsindical.com.ar\/notas\/wp-json\/wp\/v2\/comments?post=121310"}],"version-history":[{"count":1,"href":"https:\/\/www.elsindical.com.ar\/notas\/wp-json\/wp\/v2\/posts\/121310\/revisions"}],"predecessor-version":[{"id":121313,"href":"https:\/\/www.elsindical.com.ar\/notas\/wp-json\/wp\/v2\/posts\/121310\/revisions\/121313"}],"wp:featuredmedia":[{"embeddable":true,"href":"https:\/\/www.elsindical.com.ar\/notas\/wp-json\/wp\/v2\/media\/121311"}],"wp:attachment":[{"href":"https:\/\/www.elsindical.com.ar\/notas\/wp-json\/wp\/v2\/media?parent=121310"}],"wp:term":[{"taxonomy":"category","embeddable":true,"href":"https:\/\/www.elsindical.com.ar\/notas\/wp-json\/wp\/v2\/categories?post=121310"},{"taxonomy":"post_tag","embeddable":true,"href":"https:\/\/www.elsindical.com.ar\/notas\/wp-json\/wp\/v2\/tags?post=121310"}],"curies":[{"name":"wp","href":"https:\/\/api.w.org\/{rel}","templated":true}]}}