{"id":121286,"date":"2023-03-20T23:45:29","date_gmt":"2023-03-21T02:45:29","guid":{"rendered":"https:\/\/www.elsindical.com.ar\/notas\/?p=121286"},"modified":"2023-03-20T23:45:30","modified_gmt":"2023-03-21T02:45:30","slug":"el-gobierno-interviene-edesur-por-180-dias-y-ferraresi-estara-a-cargo-de-la-nueva-gestion","status":"publish","type":"post","link":"https:\/\/www.elsindical.com.ar\/notas\/el-gobierno-interviene-edesur-por-180-dias-y-ferraresi-estara-a-cargo-de-la-nueva-gestion\/","title":{"rendered":"El Gobierno interviene Edesur por 180 d\u00edas y Ferraresi estar\u00e1 a cargo de la nueva gesti\u00f3n"},"content":{"rendered":"\n<figure class=\"wp-block-image size-large\"><a href=\"https:\/\/www.elsindical.com.ar\/notas\/var\/www\/html\/notas\/wp-content\/uploads\/2023\/03\/intervencion-de-Edesur.jpg\"><img loading=\"lazy\" decoding=\"async\" width=\"1024\" height=\"602\" src=\"https:\/\/www.elsindical.com.ar\/notas\/var\/www\/html\/notas\/wp-content\/uploads\/2023\/03\/intervencion-de-Edesur-1024x602.jpg\" alt=\"\" class=\"wp-image-121287\" srcset=\"https:\/\/www.elsindical.com.ar\/notas\/var\/www\/html\/notas\/wp-content\/uploads\/2023\/03\/intervencion-de-Edesur-1024x602.jpg 1024w, https:\/\/www.elsindical.com.ar\/notas\/var\/www\/html\/notas\/wp-content\/uploads\/2023\/03\/intervencion-de-Edesur-300x176.jpg 300w, https:\/\/www.elsindical.com.ar\/notas\/var\/www\/html\/notas\/wp-content\/uploads\/2023\/03\/intervencion-de-Edesur-768x452.jpg 768w, https:\/\/www.elsindical.com.ar\/notas\/var\/www\/html\/notas\/wp-content\/uploads\/2023\/03\/intervencion-de-Edesur-500x294.jpg 500w, https:\/\/www.elsindical.com.ar\/notas\/var\/www\/html\/notas\/wp-content\/uploads\/2023\/03\/intervencion-de-Edesur-1536x903.jpg 1536w, https:\/\/www.elsindical.com.ar\/notas\/var\/www\/html\/notas\/wp-content\/uploads\/2023\/03\/intervencion-de-Edesur.jpg 1600w\" sizes=\"auto, (max-width: 1024px) 100vw, 1024px\" \/><\/a><\/figure>\n\n\n\n<p>El ministro de Econom\u00eda, Sergio Massa, anunci\u00f3 hoy la \u00abintervenci\u00f3n por 180 d\u00edas\u00bb de la distribuidora el\u00e9ctrica Edesur \u00aba los efectos de la fiscalizaci\u00f3n del cumplimiento de las obras y de la mejora en el servicio\u00bb que debe prestar en su zona de concesi\u00f3n del \u00c1rea Metropolitana Buenos Aires (AMBA), como respuesta a los cortes del servicio que en las \u00faltimas semanas dej\u00f3 sin luz a miles de usuarios.<\/p>\n\n\n\n<p><strong>Massa tambi\u00e9n dio a conocer que Jorge Ferraresi fue designado al frente de la intervenci\u00f3n y como tal se presentar\u00e1 en las pr\u00f3ximas horas en las oficinas de la compa\u00f1\u00eda.<\/strong><\/p>\n\n\n\n<p>Tambi\u00e9n anticip\u00f3 la decisi\u00f3n de ejecutar los $2700 millones de multas aplicadas a la empresa por parte del Estado para devolver a los usuarios el servicio no prestado por la compa\u00f1\u00eda.<\/p>\n\n\n\n<p>\u00abLas situaciones que les toc\u00f3 vivir a miles de argentinos en los \u00faltimos 15 d\u00edas no se pueden tolerar m\u00e1s\u00bb, dijo el ministro en un mensaje desde el Microcine del Palacio de Hacienda, en el que estuvo acompa\u00f1ado por la secretaria de Energ\u00eda, Flavia Royon; el secretario Legal y Administrativo, Ricardo Casal, y el interventor del Ente Nacional Regulador de la Electricidad (ENRE), Walter Martello.<\/p>\n\n\n\n<p>La intervenci\u00f3n se adopt\u00f3 luego de que en las \u00faltimas dos semanas, en ocasi\u00f3n de una in\u00e9dita ola de calor, se agravar\u00e1n los cortes de servicio el\u00e9ctrico a miles de usuarios de los barrios de la Capital Federal y de los partidos del Conurbano bonaerense que abarcan el \u00e1rea de concesi\u00f3n de Edesur, que cuenta all\u00ed con 2,5 millones de clientes.<\/p>\n\n\n\n<p>El ministro aclar\u00f3 que con la intervenci\u00f3n \u00abno se afecta la propiedad de los accionistas\u00bb y remarc\u00f3 que \u00abel Estado va a llevar adelante la fiscalizaci\u00f3n efectiva del cumplimiento del contrato porque no se puede permitir que un servicio p\u00fablico b\u00e1sico que debe garantizar para electrodependientes y ciudadanos comunes, se vea afectado por inclumplimiento de las empresas\u00bb.<\/p>\n\n\n\n<p><strong>\u00abA lo largo de los \u00faltimos 15 d\u00edas vivimos situaciones que a todos nos golpearon y nos dolieron. Claramente ver comercios tirar mercader\u00eda, hogares sin luz y sin agua a lo largo y ancho de la concesi\u00f3n de Edesur marcaron la agenda\u00bb, argument\u00f3 Massa al dar a conocer la decisi\u00f3n.<\/strong><\/p>\n\n\n\n<p>El ministro tambi\u00e9n mencion\u00f3 la decisi\u00f3n de la empresa italiana Enel -principal accionista de la distribuidora- de poner en venta sus activos en el pa\u00eds, entre ellos Edesur, lo que entendi\u00f3 \u00abaparece como una situaci\u00f3n que genera incertidumbre respecto de la prestaci\u00f3n del servicio\u00bb.<\/p>\n\n\n\n<p>En este sentido, la cartera econ\u00f3mica a trav\u00e9s de la Secretar\u00eda de Energ\u00eda tambi\u00e9n relev\u00f3 \u00abincumplimientos, y operaciones de mantenimiento y servicios no cumplidos\u00bb del denominado Plan Verano al que las distribuidoras se comprometen para mejorar la prestaci\u00f3n del servicio en las jornadas de &nbsp;pico de demanda estival.<\/p>\n\n\n\n<p>A partir de estas distintas consideraciones, Massa anunci\u00f3 que el Ministerio de Econom\u00eda instruy\u00f3 al ENRE a que \u00abproceda con la intervenci\u00f3n por 180 d\u00edas de la empresa Edesur a los efectos de la fiscalizaci\u00f3n del cumplimiento de las obras y de la mejora en el servicio\u00bb.<\/p>\n\n\n\n<p>\u00abLa prestaci\u00f3n de servicios en un contrato de concesi\u00f3n es principio b\u00e1sico de la relaci\u00f3n entre el Estado y el concesionario hacia el usuario final, por lo que es fundamental que se preserve el principio de cumplimiento de las normas de concesi\u00f3n y de las normas jur\u00eddicas entre el Estado como concedente y la concesionaria\u00bb, agreg\u00f3 el ministro.<\/p>\n\n\n\n<p>Por tratarse Edesur de una empresa privada que cotiza en el mercado de capitales local, la Secretar\u00eda de Energ\u00eda va a informar en breve a la Bolsa de Comercio los incumplimientos detectados, entendiendo que su controlante tambi\u00e9n es una compa\u00f1\u00eda que cotiza en el \u00e1mbito internacional.<\/p>\n\n\n\n<p>La decisi\u00f3n de intervenir la distribuidora el\u00e9ctrica se produce luego de que la semana pasada el ENRE presentara una denuncia penal contra las autoridades de la empresa Edesur para que se los investigue por defraudaci\u00f3n, desbaratamiento de los derechos acordados, abandono de persona y entorpecimiento de los servicios p\u00fablicos.<\/p>\n\n\n\n<p>Massa, finalmente, anticip\u00f3 que \u00aben las pr\u00f3ximas horas\u00bb el jefe comunal de Avellaneda y ex ministro de Habitat y Vivienda Jorge Ferraresi y la secretaria de Energ\u00eda, Flavia Royon, van a tener a su cargo la comunicaci\u00f3n de \u00abcada una de las medidas a tomar, adem\u00e1s de presentarse f\u00edsicamente en la empresa a los efectos de poner en marcha la intervenci\u00f3n\u00bb.<\/p>\n","protected":false},"excerpt":{"rendered":"<p>El ministro de Econom\u00eda, Sergio Massa, anunci\u00f3 hoy la \u00abintervenci\u00f3n por 180 d\u00edas\u00bb de la distribuidora el\u00e9ctrica Edesur \u00aba los efectos de la fiscalizaci\u00f3n del cumplimiento de las obras y de la mejora en el servicio\u00bb que debe prestar en su zona de concesi\u00f3n del \u00c1rea Metropolitana Buenos Aires (AMBA), como respuesta a los cortes&hellip;<\/p>\n","protected":false},"author":1,"featured_media":121287,"comment_status":"open","ping_status":"open","sticky":false,"template":"","format":"standard","meta":{"footnotes":""},"categories":[13],"tags":[3468,2450,374,3764,158,1062,3918],"class_list":["post-121286","post","type-post","status-publish","format-standard","has-post-thumbnail","hentry","category-politica","tag-amba","tag-diario-el-sindical","tag-edesur","tag-enre","tag-intervencion","tag-jorge-ferraresi","tag-sergio-massa"],"_links":{"self":[{"href":"https:\/\/www.elsindical.com.ar\/notas\/wp-json\/wp\/v2\/posts\/121286","targetHints":{"allow":["GET"]}}],"collection":[{"href":"https:\/\/www.elsindical.com.ar\/notas\/wp-json\/wp\/v2\/posts"}],"about":[{"href":"https:\/\/www.elsindical.com.ar\/notas\/wp-json\/wp\/v2\/types\/post"}],"author":[{"embeddable":true,"href":"https:\/\/www.elsindical.com.ar\/notas\/wp-json\/wp\/v2\/users\/1"}],"replies":[{"embeddable":true,"href":"https:\/\/www.elsindical.com.ar\/notas\/wp-json\/wp\/v2\/comments?post=121286"}],"version-history":[{"count":1,"href":"https:\/\/www.elsindical.com.ar\/notas\/wp-json\/wp\/v2\/posts\/121286\/revisions"}],"predecessor-version":[{"id":121288,"href":"https:\/\/www.elsindical.com.ar\/notas\/wp-json\/wp\/v2\/posts\/121286\/revisions\/121288"}],"wp:featuredmedia":[{"embeddable":true,"href":"https:\/\/www.elsindical.com.ar\/notas\/wp-json\/wp\/v2\/media\/121287"}],"wp:attachment":[{"href":"https:\/\/www.elsindical.com.ar\/notas\/wp-json\/wp\/v2\/media?parent=121286"}],"wp:term":[{"taxonomy":"category","embeddable":true,"href":"https:\/\/www.elsindical.com.ar\/notas\/wp-json\/wp\/v2\/categories?post=121286"},{"taxonomy":"post_tag","embeddable":true,"href":"https:\/\/www.elsindical.com.ar\/notas\/wp-json\/wp\/v2\/tags?post=121286"}],"curies":[{"name":"wp","href":"https:\/\/api.w.org\/{rel}","templated":true}]}}