{"id":12127,"date":"2011-01-31T14:11:45","date_gmt":"2011-01-31T17:11:45","guid":{"rendered":"http:\/\/www.elsindical.com.ar\/notas\/?p=12127"},"modified":"2011-01-31T14:11:45","modified_gmt":"2011-01-31T17:11:45","slug":"ricardo-barreda-continuara-en-prision","status":"publish","type":"post","link":"https:\/\/www.elsindical.com.ar\/notas\/ricardo-barreda-continuara-en-prision\/","title":{"rendered":"Ricardo Barreda continuar\u00e1 en prisi\u00f3n"},"content":{"rendered":"<p style=\"text-align: justify;\"><em><a href=\"http:\/\/www.elsindical.com.ar\/notas\/var\/www\/html\/notas\/wp-content\/uploads\/2011\/01\/Ricardo-Barreda.jpg\"><img loading=\"lazy\" decoding=\"async\" class=\"alignleft size-full wp-image-11675\" title=\"Ricardo-Barreda\" src=\"http:\/\/www.elsindical.com.ar\/notas\/var\/www\/html\/notas\/wp-content\/uploads\/2011\/01\/Ricardo-Barreda.jpg\" alt=\"\" width=\"295\" height=\"194\" \/><\/a>La Justicia penal platense rechaz\u00f3 hoy un pedido de libertad definitiva y, uno subsidiario de libertad condicional, solicitado por la defensa del odont\u00f3logo Ricardo Barreda, quien continuar\u00e1 cumpliendo en la c\u00e1rcel la condena a prisi\u00f3n perpetua por cu\u00e1druple homicidio.<\/em><\/p>\n<p style=\"text-align: justify;\"><strong>As\u00ed lo inform\u00f3 esta tarde el camarista platense Ra\u00fal Dalto, quien dijo que si bien el c\u00f3mputo de tiempo cumplido de prisi\u00f3n de Barreda da m\u00e1s de 30 a\u00f1os, hubo otras circunstancias negativas que lo llevaron a rechazar los planteos, como los informes penitenciarios, que \u00abno fueron favorables\u00bb.<\/strong><\/p>\n<p style=\"text-align: justify;\">El viernes, el odont\u00f3logo que cumpl\u00eda arresto domiciliario en el barrio porte\u00f1o de Belgrano qued\u00f3 alojado en una unidad carcelaria de la localidad de Olmos, con r\u00e9gimen \u00absemicerrado\u00bb, luego de que la justicia le revocara ese beneficio porque sali\u00f3 sin autorizaci\u00f3n a la calle y camin\u00f3 varias cuadras.<\/p>\n<p style=\"text-align: justify;\"><strong>El juez penal platense Ra\u00fal Dalto le revoc\u00f3 el lunes pasado el beneficio de prisi\u00f3n domiciliaria y luego dispuso su reingreso a un penal de Gorina y posterior traslado a Olmos.<\/strong><\/p>\n<p style=\"text-align: justify;\">El magistrado se\u00f1al\u00f3 que hab\u00eda tomado esa decisi\u00f3n \u00abante el pedido del Servicio Penitenciario Bonaerense\u00bb porque la c\u00e1rcel de Gorina \u00abpas\u00f3 a tener r\u00e9gimen semiabierto\u00bb.<\/p>\n<p style=\"text-align: justify;\">Barreda fue condenado en 1995 a perpetua por matar el 15 de noviembre de 1992 a escopetazos en su casa de La Plata a su esposa, Gladys McDonald, de 57 a\u00f1os, a sus hijas Cecilia, de 26, y Adriana, de 24, y a su suegra Elena Arreche, de 86.<\/p>\n<p style=\"text-align: justify;\">El odont\u00f3logo relat\u00f3 que esa ma\u00f1ana su mujer le pidi\u00f3 que limpiara telara\u00f1as del techo, para lo cual fue a buscar los elementos y encontr\u00f3 la escopeta con la que comenz\u00f3 la matanza.<\/p>\n<p style=\"text-align: justify;\">En 2008 la Justicia le permiti\u00f3 arresto domiciliario en la casa de su nueva pareja, Berta Andr\u00e9, en Belgrano.<\/p>\n","protected":false},"excerpt":{"rendered":"<p>La Justicia penal platense rechaz\u00f3 hoy un pedido de libertad definitiva y, uno subsidiario de libertad condicional, solicitado por la defensa del odont\u00f3logo Ricardo Barreda, quien continuar\u00e1 cumpliendo en la c\u00e1rcel la condena a prisi\u00f3n perpetua por cu\u00e1druple homicidio. As\u00ed lo inform\u00f3 esta tarde el camarista platense Ra\u00fal Dalto, quien dijo que si bien el&hellip;<\/p>\n","protected":false},"author":1,"featured_media":0,"comment_status":"open","ping_status":"open","sticky":false,"template":"","format":"standard","meta":{"footnotes":""},"categories":[20],"tags":[1930,239,629,5551,5549],"class_list":["post-12127","post","type-post","status-publish","format-standard","hentry","category-judiciales","tag-asesino","tag-la-plata","tag-prision","tag-raul-dalto","tag-ricardo-barreda"],"_links":{"self":[{"href":"https:\/\/www.elsindical.com.ar\/notas\/wp-json\/wp\/v2\/posts\/12127","targetHints":{"allow":["GET"]}}],"collection":[{"href":"https:\/\/www.elsindical.com.ar\/notas\/wp-json\/wp\/v2\/posts"}],"about":[{"href":"https:\/\/www.elsindical.com.ar\/notas\/wp-json\/wp\/v2\/types\/post"}],"author":[{"embeddable":true,"href":"https:\/\/www.elsindical.com.ar\/notas\/wp-json\/wp\/v2\/users\/1"}],"replies":[{"embeddable":true,"href":"https:\/\/www.elsindical.com.ar\/notas\/wp-json\/wp\/v2\/comments?post=12127"}],"version-history":[{"count":1,"href":"https:\/\/www.elsindical.com.ar\/notas\/wp-json\/wp\/v2\/posts\/12127\/revisions"}],"predecessor-version":[{"id":12128,"href":"https:\/\/www.elsindical.com.ar\/notas\/wp-json\/wp\/v2\/posts\/12127\/revisions\/12128"}],"wp:attachment":[{"href":"https:\/\/www.elsindical.com.ar\/notas\/wp-json\/wp\/v2\/media?parent=12127"}],"wp:term":[{"taxonomy":"category","embeddable":true,"href":"https:\/\/www.elsindical.com.ar\/notas\/wp-json\/wp\/v2\/categories?post=12127"},{"taxonomy":"post_tag","embeddable":true,"href":"https:\/\/www.elsindical.com.ar\/notas\/wp-json\/wp\/v2\/tags?post=12127"}],"curies":[{"name":"wp","href":"https:\/\/api.w.org\/{rel}","templated":true}]}}