{"id":121256,"date":"2023-03-20T02:16:17","date_gmt":"2023-03-20T05:16:17","guid":{"rendered":"https:\/\/www.elsindical.com.ar\/notas\/?p=121256"},"modified":"2023-03-20T02:16:18","modified_gmt":"2023-03-20T05:16:18","slug":"lanus-la-comunidad-del-cpa-cortara-el-puente-de-escalada-para-visibilizar-sus-reclamos","status":"publish","type":"post","link":"https:\/\/www.elsindical.com.ar\/notas\/lanus-la-comunidad-del-cpa-cortara-el-puente-de-escalada-para-visibilizar-sus-reclamos\/","title":{"rendered":"Lan\u00fas: La comunidad del CPA cortar\u00e1 el Puente de Escalada para visibilizar sus reclamos"},"content":{"rendered":"<div class=\"wp-block-image\">\n<figure class=\"aligncenter size-large\"><a href=\"https:\/\/www.elsindical.com.ar\/notas\/var\/www\/html\/notas\/wp-content\/uploads\/2023\/03\/CPA-Lanus.jpeg\"><img loading=\"lazy\" decoding=\"async\" width=\"1024\" height=\"768\" src=\"https:\/\/www.elsindical.com.ar\/notas\/var\/www\/html\/notas\/wp-content\/uploads\/2023\/03\/CPA-Lanus-1024x768.jpeg\" alt=\"\" class=\"wp-image-121257\" srcset=\"https:\/\/www.elsindical.com.ar\/notas\/var\/www\/html\/notas\/wp-content\/uploads\/2023\/03\/CPA-Lanus-1024x768.jpeg 1024w, https:\/\/www.elsindical.com.ar\/notas\/var\/www\/html\/notas\/wp-content\/uploads\/2023\/03\/CPA-Lanus-300x225.jpeg 300w, https:\/\/www.elsindical.com.ar\/notas\/var\/www\/html\/notas\/wp-content\/uploads\/2023\/03\/CPA-Lanus-768x576.jpeg 768w, https:\/\/www.elsindical.com.ar\/notas\/var\/www\/html\/notas\/wp-content\/uploads\/2023\/03\/CPA-Lanus-400x300.jpeg 400w, https:\/\/www.elsindical.com.ar\/notas\/var\/www\/html\/notas\/wp-content\/uploads\/2023\/03\/CPA-Lanus.jpeg 1280w\" sizes=\"auto, (max-width: 1024px) 100vw, 1024px\" \/><\/a><\/figure>\n<\/div>\n\n\n<p>Trabajadores e integrantes de la comunidad del Centro de Prevenci\u00f3n de Adicciones (CPA) de Lan\u00fas resolvieron marcha al Puente de Remedios de Escalada para visibilizar sus reclamos entre los que se encuentran el nombramiento y pase a planta de personal y el otorgamiento de medicaci\u00f3n para una atenci\u00f3n acorde.<\/p>\n\n\n\n<p>La decisi\u00f3n se tom\u00f3 en el marco de una asamblea de la comunidad del CPA de Lan\u00fas de la que participaron consultantes, familiares, organizaciones sociales, trabajadores del centro asistencial y en representaci\u00f3n de la Seccional de ATE Lan\u00fas su Secretario General, Walter Pintos y el Secretario Gremial, Marcelo Scolari.<\/p>\n\n\n\n<p><strong>En la reuni\u00f3n se analiz\u00f3 los problemas del CPA, entre ellos la necesidad del inmediato nombramiento de personal en \u00c1rea Cr\u00edtica de m\u00e9dico psiquiatra. Actualmente hay 160 pacientes sin tratamiento psiqui\u00e1trico.<\/strong><\/p>\n\n\n\n<p>Por otro lado, se viene reclamando el otorgamiento de medicaci\u00f3n psicofarmacol\u00f3gica acorde a las necesidades de los pacientes. \u201cLa Provincia de Buenos Aires a trav\u00e9s del Programa PURCI y el Municipio de Lan\u00fas ofrecen psicof\u00e1rmacos alternativos, lo que redunda en signosintomatolog\u00eda psiqui\u00e1trica con consecuencias de riesgo.<\/p>\n\n\n\n<p>A esos pedidos se suman los de nombramiento de personal cooperativista a Programa de Becas de Contingencia y el ingreso a Planta Permanente de 9 trabajadoras becarias en la Ley 10430.<\/p>\n\n\n\n<p>La comunidad del CPA de Lan\u00fas determin\u00f3 en la asamblea que ante la falta de respuesta a los reclamos se movilizar\u00e1 el 27 de marzo pr\u00f3ximo por la ma\u00f1ana y realizar\u00e1 una asamblea en la intersecci\u00f3n de M\u00e1spero y la avenida Yrigoyen y luego un corte del Puente Remedios de Escalada.<\/p>\n\n\n\n<p>Tambi\u00e9n se prev\u00e9 una movilizaci\u00f3n al Municipio de Lan\u00fas en el marco de la visibilizaci\u00f3n de los mismos reclamos.<\/p>\n","protected":false},"excerpt":{"rendered":"<p>Trabajadores e integrantes de la comunidad del Centro de Prevenci\u00f3n de Adicciones (CPA) de Lan\u00fas resolvieron marcha al Puente de Remedios de Escalada para visibilizar sus reclamos entre los que se encuentran el nombramiento y pase a planta de personal y el otorgamiento de medicaci\u00f3n para una atenci\u00f3n acorde. La decisi\u00f3n se tom\u00f3 en el&hellip;<\/p>\n","protected":false},"author":1,"featured_media":121257,"comment_status":"open","ping_status":"open","sticky":false,"template":"","format":"standard","meta":{"footnotes":""},"categories":[25],"tags":[290,3313,2450,209,39798,4078,6272,24948],"class_list":["post-121256","post","type-post","status-publish","format-standard","has-post-thumbnail","hentry","category-sociedad","tag-ate","tag-cpa","tag-diario-el-sindical","tag-lanus","tag-marcelo-scolari","tag-nombramientos","tag-remedios-de-escalada","tag-walter-pintos"],"_links":{"self":[{"href":"https:\/\/www.elsindical.com.ar\/notas\/wp-json\/wp\/v2\/posts\/121256","targetHints":{"allow":["GET"]}}],"collection":[{"href":"https:\/\/www.elsindical.com.ar\/notas\/wp-json\/wp\/v2\/posts"}],"about":[{"href":"https:\/\/www.elsindical.com.ar\/notas\/wp-json\/wp\/v2\/types\/post"}],"author":[{"embeddable":true,"href":"https:\/\/www.elsindical.com.ar\/notas\/wp-json\/wp\/v2\/users\/1"}],"replies":[{"embeddable":true,"href":"https:\/\/www.elsindical.com.ar\/notas\/wp-json\/wp\/v2\/comments?post=121256"}],"version-history":[{"count":1,"href":"https:\/\/www.elsindical.com.ar\/notas\/wp-json\/wp\/v2\/posts\/121256\/revisions"}],"predecessor-version":[{"id":121258,"href":"https:\/\/www.elsindical.com.ar\/notas\/wp-json\/wp\/v2\/posts\/121256\/revisions\/121258"}],"wp:featuredmedia":[{"embeddable":true,"href":"https:\/\/www.elsindical.com.ar\/notas\/wp-json\/wp\/v2\/media\/121257"}],"wp:attachment":[{"href":"https:\/\/www.elsindical.com.ar\/notas\/wp-json\/wp\/v2\/media?parent=121256"}],"wp:term":[{"taxonomy":"category","embeddable":true,"href":"https:\/\/www.elsindical.com.ar\/notas\/wp-json\/wp\/v2\/categories?post=121256"},{"taxonomy":"post_tag","embeddable":true,"href":"https:\/\/www.elsindical.com.ar\/notas\/wp-json\/wp\/v2\/tags?post=121256"}],"curies":[{"name":"wp","href":"https:\/\/api.w.org\/{rel}","templated":true}]}}