{"id":121243,"date":"2023-03-19T01:46:42","date_gmt":"2023-03-19T04:46:42","guid":{"rendered":"https:\/\/www.elsindical.com.ar\/notas\/?p=121243"},"modified":"2023-03-19T01:46:43","modified_gmt":"2023-03-19T04:46:43","slug":"aumento-el-saldo-negativo-de-la-sube","status":"publish","type":"post","link":"https:\/\/www.elsindical.com.ar\/notas\/aumento-el-saldo-negativo-de-la-sube\/","title":{"rendered":"Aument\u00f3 el saldo negativo de la SUBE"},"content":{"rendered":"\n<figure class=\"wp-block-image size-large\"><a href=\"https:\/\/www.elsindical.com.ar\/notas\/var\/www\/html\/notas\/wp-content\/uploads\/2022\/05\/Tarjeta-SUBE-gen.webp\"><img loading=\"lazy\" decoding=\"async\" width=\"1024\" height=\"576\" src=\"https:\/\/www.elsindical.com.ar\/notas\/var\/www\/html\/notas\/wp-content\/uploads\/2022\/05\/Tarjeta-SUBE-gen-1024x576.webp\" alt=\"\" class=\"wp-image-113890\" srcset=\"https:\/\/www.elsindical.com.ar\/notas\/var\/www\/html\/notas\/wp-content\/uploads\/2022\/05\/Tarjeta-SUBE-gen-1024x576.webp 1024w, https:\/\/www.elsindical.com.ar\/notas\/var\/www\/html\/notas\/wp-content\/uploads\/2022\/05\/Tarjeta-SUBE-gen-300x169.webp 300w, https:\/\/www.elsindical.com.ar\/notas\/var\/www\/html\/notas\/wp-content\/uploads\/2022\/05\/Tarjeta-SUBE-gen-768x432.webp 768w, https:\/\/www.elsindical.com.ar\/notas\/var\/www\/html\/notas\/wp-content\/uploads\/2022\/05\/Tarjeta-SUBE-gen-500x281.webp 500w, https:\/\/www.elsindical.com.ar\/notas\/var\/www\/html\/notas\/wp-content\/uploads\/2022\/05\/Tarjeta-SUBE-gen-460x260.webp 460w, https:\/\/www.elsindical.com.ar\/notas\/var\/www\/html\/notas\/wp-content\/uploads\/2022\/05\/Tarjeta-SUBE-gen.webp 1170w\" sizes=\"auto, (max-width: 1024px) 100vw, 1024px\" \/><\/a><\/figure>\n\n\n\n<p>A partir de ahora, el saldo negativo de la SUBE ser\u00e1 del equivalente a cuatro boletos m\u00ednimos de colectivo.<\/p>\n\n\n\n<p>El Ministerio de Transporte de la Naci\u00f3n dispuso aumentar el l\u00edmite de saldo m\u00e1ximo de la tarjeta SUBE as\u00ed como tambi\u00e9n el negativo por lo que <strong>comenzaron a regir los nuevos topes que un usuario puede tener a favor y en contra en su pl\u00e1stico<\/strong>.<\/p>\n\n\n\n<p>De esta manera, la tarjeta SUBE pasa de tener <strong>un saldo m\u00e1ximo de $1.800, lo cual generaba quejas en muchos usuarios, a $4.800, <\/strong>seg\u00fan precisaron desde Transporte en un comunicado.<\/p>\n\n\n\n<p>En cuanto <strong>al saldo negativo de la tarjeta SUBE, ahora ser\u00e1 de $148,40, que equivale a cuatro boletos m\u00ednimos de colectivo <\/strong>en el \u00c1rea Metropolitana de Buenos Aires (AMBA).<\/p>\n\n\n\n<p>La tarjeta SUBE puede cargarse de manera presencial o electr\u00f3nica a trav\u00e9s de la app Carga SUBE, homebanking o cajeros autom\u00e1ticos. Una vez realizada la carga virtual,<strong> se debe acreditar el saldo mediante la <a href=\"https:\/\/www.argentina.gob.ar\/sube\/carga-sube-beta\" target=\"_blank\" rel=\"noreferrer noopener\">app Carga SUBE<\/a> o una Terminal Autom\u00e1tica.<\/strong><\/p>\n\n\n\n<h2 class=\"wp-block-heading\">Descuentos en SUBE y Tarifa Social<\/h2>\n\n\n\n<p>En el \u00c1rea Metropolitana de Buenos Aires (AMBA) seguir\u00e1 vigente el beneficio del <strong>sistema de Red SUBE<\/strong>, que abarca hasta cinco combinaciones en el transporte p\u00fablico durante dos horas y aplica un descuento del 50 por ciento en el segundo viaje y un 75% a partir del tercero.<\/p>\n\n\n\n<p>Tambi\u00e9n contin\u00faa la Tarifa Social, el beneficio que <strong>entrega hasta un 55 por ciento de descuento a titulares de Anses u otros programas sociales<\/strong>. Para tramitarla, habr\u00e1 que <a href=\"https:\/\/www.anses.gob.ar\/tarifa-social-federal-de-transporte#:~:text=C%C3%B3mo%20realizar%20el%20tr%C3%A1mite&amp;text=Entr%C3%A1%20a%20mi%20ANSES%20con,registrar%20en%20tu%20tarjeta%20SUBE.\" target=\"_blank\" rel=\"noreferrer noopener\">crear un PIN SUBE<\/a> en el apartado \u201cProgramas y beneficios\u201d de Mi ANSES, y desde all\u00ed registrar la tarjeta desde la web.<\/p>\n","protected":false},"excerpt":{"rendered":"<p>A partir de ahora, el saldo negativo de la SUBE ser\u00e1 del equivalente a cuatro boletos m\u00ednimos de colectivo. El Ministerio de Transporte de la Naci\u00f3n dispuso aumentar el l\u00edmite de saldo m\u00e1ximo de la tarjeta SUBE as\u00ed como tambi\u00e9n el negativo por lo que comenzaron a regir los nuevos topes que un usuario puede&hellip;<\/p>\n","protected":false},"author":1,"featured_media":113890,"comment_status":"open","ping_status":"open","sticky":false,"template":"","format":"standard","meta":{"footnotes":""},"categories":[9],"tags":[2450,25137,10858,8186],"class_list":["post-121243","post","type-post","status-publish","format-standard","has-post-thumbnail","hentry","category-economia","tag-diario-el-sindical","tag-ministerio-de-transporte-de-la-nacion","tag-saldo","tag-sube"],"_links":{"self":[{"href":"https:\/\/www.elsindical.com.ar\/notas\/wp-json\/wp\/v2\/posts\/121243","targetHints":{"allow":["GET"]}}],"collection":[{"href":"https:\/\/www.elsindical.com.ar\/notas\/wp-json\/wp\/v2\/posts"}],"about":[{"href":"https:\/\/www.elsindical.com.ar\/notas\/wp-json\/wp\/v2\/types\/post"}],"author":[{"embeddable":true,"href":"https:\/\/www.elsindical.com.ar\/notas\/wp-json\/wp\/v2\/users\/1"}],"replies":[{"embeddable":true,"href":"https:\/\/www.elsindical.com.ar\/notas\/wp-json\/wp\/v2\/comments?post=121243"}],"version-history":[{"count":1,"href":"https:\/\/www.elsindical.com.ar\/notas\/wp-json\/wp\/v2\/posts\/121243\/revisions"}],"predecessor-version":[{"id":121244,"href":"https:\/\/www.elsindical.com.ar\/notas\/wp-json\/wp\/v2\/posts\/121243\/revisions\/121244"}],"wp:featuredmedia":[{"embeddable":true,"href":"https:\/\/www.elsindical.com.ar\/notas\/wp-json\/wp\/v2\/media\/113890"}],"wp:attachment":[{"href":"https:\/\/www.elsindical.com.ar\/notas\/wp-json\/wp\/v2\/media?parent=121243"}],"wp:term":[{"taxonomy":"category","embeddable":true,"href":"https:\/\/www.elsindical.com.ar\/notas\/wp-json\/wp\/v2\/categories?post=121243"},{"taxonomy":"post_tag","embeddable":true,"href":"https:\/\/www.elsindical.com.ar\/notas\/wp-json\/wp\/v2\/tags?post=121243"}],"curies":[{"name":"wp","href":"https:\/\/api.w.org\/{rel}","templated":true}]}}