{"id":121121,"date":"2023-03-13T14:10:00","date_gmt":"2023-03-13T17:10:00","guid":{"rendered":"https:\/\/www.elsindical.com.ar\/notas\/?p=121121"},"modified":"2023-03-13T14:10:01","modified_gmt":"2023-03-13T17:10:01","slug":"alerta-mundial-el-credit-suisse-se-desploma-en-la-bolsa-por-la-quiebra-de-silicon-valley-bank","status":"publish","type":"post","link":"https:\/\/www.elsindical.com.ar\/notas\/alerta-mundial-el-credit-suisse-se-desploma-en-la-bolsa-por-la-quiebra-de-silicon-valley-bank\/","title":{"rendered":"Alerta mundial el Credit Suisse se desploma en la bolsa por la quiebra de Silicon Valley Bank"},"content":{"rendered":"\n<figure class=\"wp-block-image size-large\"><a href=\"https:\/\/www.elsindical.com.ar\/notas\/var\/www\/html\/notas\/wp-content\/uploads\/2023\/03\/Credit-Suisse.jpg\"><img loading=\"lazy\" decoding=\"async\" width=\"1024\" height=\"683\" src=\"https:\/\/www.elsindical.com.ar\/notas\/var\/www\/html\/notas\/wp-content\/uploads\/2023\/03\/Credit-Suisse-1024x683.jpg\" alt=\"\" class=\"wp-image-121122\" srcset=\"https:\/\/www.elsindical.com.ar\/notas\/var\/www\/html\/notas\/wp-content\/uploads\/2023\/03\/Credit-Suisse-1024x683.jpg 1024w, https:\/\/www.elsindical.com.ar\/notas\/var\/www\/html\/notas\/wp-content\/uploads\/2023\/03\/Credit-Suisse-300x200.jpg 300w, https:\/\/www.elsindical.com.ar\/notas\/var\/www\/html\/notas\/wp-content\/uploads\/2023\/03\/Credit-Suisse-768x512.jpg 768w, https:\/\/www.elsindical.com.ar\/notas\/var\/www\/html\/notas\/wp-content\/uploads\/2023\/03\/Credit-Suisse-450x300.jpg 450w, https:\/\/www.elsindical.com.ar\/notas\/var\/www\/html\/notas\/wp-content\/uploads\/2023\/03\/Credit-Suisse.jpg 1170w\" sizes=\"auto, (max-width: 1024px) 100vw, 1024px\" \/><\/a><\/figure>\n\n\n\n<p>La ca\u00edda del SVB y el Signature Bank en los Estados Unidos ya genera su temido efecto domin\u00f3 en otras entidades bancarias del mundo.<\/p>\n\n\n\n<p>La <strong>crisis bancaria<\/strong> y <strong>financiera<\/strong> que golpe\u00f3 a los <strong>Estados Unidos<\/strong> con la quiebra del Silicon Valley Bank (SVB)\u00a0ha generado coletazos que arrastran a otras entidades y <strong>minan la confianza<\/strong>. Inmerso en una situaci\u00f3n casi terminal que lo tiene acorralado por otras cuestiones internas, este lunes tambi\u00e9n el <strong>Credit Suisse<\/strong> acus\u00f3 un duro golpe.<\/p>\n\n\n\n<p>Los <strong>valores bancarios de la entidad suiza<\/strong> han llegado a un<strong> nuevo m\u00ednimo hist\u00f3rico<\/strong> cayendo estrepitosamente hasta los<strong> 2,14 francos suizos (2,19 euros)<\/strong>. Esto equivale a un<strong> 15% menos que al cierre de la \u00faltima jornada burs\u00e1til.<\/strong><\/p>\n\n\n\n<p>As\u00ed, una vez m\u00e1s, <strong>se activaron todas las alarmas<\/strong>. En Estados Unidos, y tambi\u00e9n en Europa, sobrevuela el <strong>fantasma del \u00abcrack\u00bb de 1929<\/strong> y la crisis econ\u00f3mica global.<\/p>\n\n\n\n<p>El <strong>banco suizo<\/strong> y el resto de valores de la<strong> bolsa de Z\u00farich<\/strong> se vieron seriamente afectados como consecuencia directa de la quiebra del banco estadounidense<strong> Silicon Valley Bank (SVB)<\/strong>, que ha supuesto un terremoto bajista para todo el sector burs\u00e1til europeo.<\/p>\n\n\n\n<h2 class=\"wp-block-heading\">Caos en la banca helv\u00e9tica<\/h2>\n\n\n\n<p>Al mismo tiempo, el <strong>Credit Suisse<\/strong> se encuentra inmerso en&nbsp;<a href=\"https:\/\/www.canal26.com\/internacionales\/credit-suisse-la-devolucion-del-dinero-nazi-y-el-fantasma-de-la-quiebra--331272\" target=\"_blank\" rel=\"noreferrer noopener\">m\u00faltiples crisis financieras<\/a> y de imagen que han provocado que el grupo <strong>haya perdido m\u00e1s del 70% de su valor en bolsa<\/strong> en el \u00faltimo a\u00f1o, a causa de su exposici\u00f3n a esc\u00e1ndalos como <strong>Archegos<\/strong> y<strong> Greensill<\/strong>.<\/p>\n\n\n\n<p>Sus dos principales rivales en el sector bancario helv\u00e9tico, <strong>UBS y Julius B\u00e4r<\/strong> tambi\u00e9n registraron p\u00e9rdidas del <strong>6,3 %<\/strong> y el <strong>5,4 %<\/strong>, respectivamente.<\/p>\n\n\n\n<p>El <strong>cierre de SVB<\/strong> por parte de los <strong>reguladores bancarios del estado de California<\/strong> es la ca\u00edda m\u00e1s importante de una entidad bancaria en EEUU desde el <strong>desplome de Lehman Brothers en el a\u00f1o 2008<\/strong>.<\/p>\n\n\n\n<p><strong>Credit Suisse <\/strong>anunci\u00f3 en febrero p\u00e9rdidas de <strong>7.293 millones de francos suizos<\/strong> (aproximadamente <strong>7.400 millones de euros<\/strong>) en 2022, cuando puso en marcha un plan de reestructuraci\u00f3n para sortear sus dificultades.<\/p>\n\n\n\n<p>La operaci\u00f3n de la <strong>entidad suiza<\/strong> supondr\u00e1 el despido de<strong> 9.000 trabajadores<\/strong> en todo el mundo, un recorte del <strong>15 %<\/strong> de sus gastos y una ampliaci\u00f3n de capital valorada en <strong>4.000 millones de francos<\/strong> (<strong>4.060 millones de euros<\/strong>).<\/p>\n\n\n\n<h2 class=\"wp-block-heading\">Las alarmas de Biden<\/h2>\n\n\n\n<p><strong>Joe Biden, presidente de Estados Unidos<\/strong>, pretendi\u00f3 llevar tranquilidad a los mercados y ahorristas, y emiti\u00f3 un discurso despu\u00e9s de la quiebra del <strong>Silicon Valley Bank <\/strong>y del <strong>Signature Bank<\/strong>. Muchos clientes fueron a <strong>retirar sus dep\u00f3sitos<\/strong> despu\u00e9s del colapso por desconfianza, con lo cual el mandatario intent\u00f3 remarcar que el sistema bancario de su pa\u00eds <strong>\u00abes seguro\u00bb<\/strong>.<\/p>\n\n\n\n<p><strong>\u00abSus dep\u00f3sitos estar\u00e1n ah\u00ed cuando los necesiten\u00bb<\/strong>, empez\u00f3 afirmando respecto de las primeras medidas del gobierno para proteger el dinero de los estadounidenses. Luego agreg\u00f3: \u00ab<strong>Estoy firmemente comprometido a hacer que los responsables de este desastre rindan cuentas<\/strong> y a continuar nuestros esfuerzos para reforzar la supervisi\u00f3n y la regulaci\u00f3n de los grandes bancos para que no volvamos a encontrarnos en esta situaci\u00f3n\u00bb.<\/p>\n","protected":false},"excerpt":{"rendered":"<p>La ca\u00edda del SVB y el Signature Bank en los Estados Unidos ya genera su temido efecto domin\u00f3 en otras entidades bancarias del mundo. La crisis bancaria y financiera que golpe\u00f3 a los Estados Unidos con la quiebra del Silicon Valley Bank (SVB)\u00a0ha generado coletazos que arrastran a otras entidades y minan la confianza. Inmerso&hellip;<\/p>\n","protected":false},"author":1,"featured_media":121122,"comment_status":"open","ping_status":"open","sticky":false,"template":"","format":"standard","meta":{"footnotes":""},"categories":[9],"tags":[39754,2450,22023,2429,39742],"class_list":["post-121121","post","type-post","status-publish","format-standard","has-post-thumbnail","hentry","category-economia","tag-credit-suisse","tag-diario-el-sindical","tag-economia","tag-quiebra","tag-silicon-valley-bank"],"_links":{"self":[{"href":"https:\/\/www.elsindical.com.ar\/notas\/wp-json\/wp\/v2\/posts\/121121","targetHints":{"allow":["GET"]}}],"collection":[{"href":"https:\/\/www.elsindical.com.ar\/notas\/wp-json\/wp\/v2\/posts"}],"about":[{"href":"https:\/\/www.elsindical.com.ar\/notas\/wp-json\/wp\/v2\/types\/post"}],"author":[{"embeddable":true,"href":"https:\/\/www.elsindical.com.ar\/notas\/wp-json\/wp\/v2\/users\/1"}],"replies":[{"embeddable":true,"href":"https:\/\/www.elsindical.com.ar\/notas\/wp-json\/wp\/v2\/comments?post=121121"}],"version-history":[{"count":1,"href":"https:\/\/www.elsindical.com.ar\/notas\/wp-json\/wp\/v2\/posts\/121121\/revisions"}],"predecessor-version":[{"id":121123,"href":"https:\/\/www.elsindical.com.ar\/notas\/wp-json\/wp\/v2\/posts\/121121\/revisions\/121123"}],"wp:featuredmedia":[{"embeddable":true,"href":"https:\/\/www.elsindical.com.ar\/notas\/wp-json\/wp\/v2\/media\/121122"}],"wp:attachment":[{"href":"https:\/\/www.elsindical.com.ar\/notas\/wp-json\/wp\/v2\/media?parent=121121"}],"wp:term":[{"taxonomy":"category","embeddable":true,"href":"https:\/\/www.elsindical.com.ar\/notas\/wp-json\/wp\/v2\/categories?post=121121"},{"taxonomy":"post_tag","embeddable":true,"href":"https:\/\/www.elsindical.com.ar\/notas\/wp-json\/wp\/v2\/tags?post=121121"}],"curies":[{"name":"wp","href":"https:\/\/api.w.org\/{rel}","templated":true}]}}