{"id":121115,"date":"2023-03-13T14:03:48","date_gmt":"2023-03-13T17:03:48","guid":{"rendered":"https:\/\/www.elsindical.com.ar\/notas\/?p=121115"},"modified":"2023-03-13T14:03:50","modified_gmt":"2023-03-13T17:03:50","slug":"avellaneda-inauguraron-el-parque-del-rio","status":"publish","type":"post","link":"https:\/\/www.elsindical.com.ar\/notas\/avellaneda-inauguraron-el-parque-del-rio\/","title":{"rendered":"Avellaneda: Inauguraron el Parque del R\u00edo"},"content":{"rendered":"\n<figure class=\"wp-block-image size-large\"><a href=\"https:\/\/www.elsindical.com.ar\/notas\/var\/www\/html\/notas\/wp-content\/uploads\/2023\/03\/Parque-del-Rio-Avellaneda-1.jpeg\"><img loading=\"lazy\" decoding=\"async\" width=\"1024\" height=\"675\" src=\"https:\/\/www.elsindical.com.ar\/notas\/var\/www\/html\/notas\/wp-content\/uploads\/2023\/03\/Parque-del-Rio-Avellaneda-1-1024x675.jpeg\" alt=\"\" class=\"wp-image-121116\" srcset=\"https:\/\/www.elsindical.com.ar\/notas\/var\/www\/html\/notas\/wp-content\/uploads\/2023\/03\/Parque-del-Rio-Avellaneda-1-1024x675.jpeg 1024w, https:\/\/www.elsindical.com.ar\/notas\/var\/www\/html\/notas\/wp-content\/uploads\/2023\/03\/Parque-del-Rio-Avellaneda-1-300x198.jpeg 300w, https:\/\/www.elsindical.com.ar\/notas\/var\/www\/html\/notas\/wp-content\/uploads\/2023\/03\/Parque-del-Rio-Avellaneda-1-768x507.jpeg 768w, https:\/\/www.elsindical.com.ar\/notas\/var\/www\/html\/notas\/wp-content\/uploads\/2023\/03\/Parque-del-Rio-Avellaneda-1-455x300.jpeg 455w, https:\/\/www.elsindical.com.ar\/notas\/var\/www\/html\/notas\/wp-content\/uploads\/2023\/03\/Parque-del-Rio-Avellaneda-1.jpeg 1125w\" sizes=\"auto, (max-width: 1024px) 100vw, 1024px\" \/><\/a><\/figure>\n\n\n\n<p>Seg\u00fan informaron, de esta forma se le da continuidad a un proceso iniciado con la Eco \u00c1rea, una reserva natural abierta como paseo al p\u00fablico en 2018.<\/p>\n\n\n\n<p>La Municipalidad de Avellaneda<strong> inaugur\u00f3 el Parque del R\u00edo<\/strong>, ubicado sobre la costa de Villa Dom\u00ednico, con un festival y la concurrencia de gran cantidad de vecinos.<\/p>\n\n\n\n<p>Este espacio p\u00fablico fue construido sobre un terreno frente a la costa y en el cual se instalaron <strong>espacios recreativos, una plaza de juegos para ni\u00f1as y ni\u00f1os y un estacionamiento<\/strong> para los vecinos que se acerquen a disfrutar el d\u00eda con sus veh\u00edculos.<\/p>\n\n\n\n<p>Seg\u00fan informaron, de esta forma se le da continuidad a un proceso iniciado con la<strong> Eco \u00c1rea<\/strong>, una reserva natural abierta como paseo al p\u00fablico en 2018, que reanud\u00f3 la vinculaci\u00f3n de la ciudad con el r\u00edo.<\/p>\n\n\n\n<p>El acto fue encabezado por el intendente de Avellaneda, Jorge Ferraresi, quien convers\u00f3 con la comunidad y recorri\u00f3 el predio, donde estaban instalados diferentes stands de las \u00e1reas municipales, brindando asesoramiento sobre tr\u00e1mites y servicios que brinda la Comuna.<\/p>\n\n\n\n<p>Adem\u00e1s, hubo micros que trasladaron a los vecinos que no cuentan con transporte propio, que salieron desde Sarand\u00ed y llevaron al p\u00fablico hasta el predio. Y una <strong>bicicleteada <\/strong>que cont\u00f3 con una gran participaci\u00f3n de la comunidad.<\/p>\n\n\n\n<p>Tambi\u00e9n se llev\u00f3 a cabo un festival art\u00edstico con la presentaci\u00f3n de distintos<strong> grupos musicales <\/strong>y una clase de zumba abierta al p\u00fablico.<\/p>\n\n\n\n<p>Asimismo, durante la jornada hicieron entrega de una <strong>vivienda modular sustentable<\/strong>, construida en el lugar.<\/p>\n\n\n\n<p>Estuvieron presentes el titular del HCD, Hugo Barrueco; y los secretarios de Obras P\u00fablicas, Gast\u00f3n Seillan; de Desarrollo Territorial y H\u00e1bitat, M\u00f3nica Ghirelli; de Desarrollo Social, Romina Barreiro; de Deportes, Sebasti\u00e1n Vidal, el subsecretario de Cultura, Federico Bonaldi y otros funcionarios, adem\u00e1s de los bomberos de Dom\u00ednico-Wilde quienes colaboraron para refrescar a los presentes durante la tarde de calor.<\/p>\n\n\n\n<figure class=\"wp-block-image size-large\"><a href=\"https:\/\/www.elsindical.com.ar\/notas\/var\/www\/html\/notas\/wp-content\/uploads\/2023\/03\/Parque-del-Rio-Avellaneda-2.jpeg\"><img loading=\"lazy\" decoding=\"async\" width=\"1024\" height=\"686\" src=\"https:\/\/www.elsindical.com.ar\/notas\/var\/www\/html\/notas\/wp-content\/uploads\/2023\/03\/Parque-del-Rio-Avellaneda-2-1024x686.jpeg\" alt=\"\" class=\"wp-image-121117\" srcset=\"https:\/\/www.elsindical.com.ar\/notas\/var\/www\/html\/notas\/wp-content\/uploads\/2023\/03\/Parque-del-Rio-Avellaneda-2-1024x686.jpeg 1024w, https:\/\/www.elsindical.com.ar\/notas\/var\/www\/html\/notas\/wp-content\/uploads\/2023\/03\/Parque-del-Rio-Avellaneda-2-300x201.jpeg 300w, https:\/\/www.elsindical.com.ar\/notas\/var\/www\/html\/notas\/wp-content\/uploads\/2023\/03\/Parque-del-Rio-Avellaneda-2-768x515.jpeg 768w, https:\/\/www.elsindical.com.ar\/notas\/var\/www\/html\/notas\/wp-content\/uploads\/2023\/03\/Parque-del-Rio-Avellaneda-2-448x300.jpeg 448w, https:\/\/www.elsindical.com.ar\/notas\/var\/www\/html\/notas\/wp-content\/uploads\/2023\/03\/Parque-del-Rio-Avellaneda-2.jpeg 1125w\" sizes=\"auto, (max-width: 1024px) 100vw, 1024px\" \/><\/a><\/figure>\n\n\n\n<h2 class=\"wp-block-heading\">PARQUE DEL R\u00cdO: DE QU\u00c9 SE TRATA<\/h2>\n\n\n\n<p>Se trata de la primera parte de la obra en este proyecto, cuyo objetivo es crear un parque p\u00fablico para la recreaci\u00f3n y el ocio a orillas del R\u00edo de la Plata, que&nbsp;<strong>vincule a la poblaci\u00f3n local con la flora y fauna t\u00edpica<\/strong>&nbsp;de sus ba\u00f1ados. Se prev\u00e9 un recorrido por la naturaleza mediante un sistema de pasarelas y senderos, a lo largo del cual se emplacen equipamientos que favorezcan el descanso y la contemplaci\u00f3n.<\/p>\n\n\n\n<p>El tratamiento paisaj\u00edstico incorpora vegetaci\u00f3n aut\u00f3ctona, buscando intensificar la presencia de flora y fauna y favoreciendo la biodiversidad existente en el parque. \u201cAdem\u00e1s, est\u00e1 previsto agregar plantaci\u00f3n nectar\u00edfera y hospedante para insectos\u201d, se\u00f1alaron al momento de anunciar la obra.<\/p>\n\n\n\n<figure class=\"wp-block-gallery has-nested-images columns-1 is-cropped wp-block-gallery-1 is-layout-flex wp-block-gallery-is-layout-flex\">\n<figure class=\"wp-block-image size-large\"><a href=\"https:\/\/www.elsindical.com.ar\/notas\/var\/www\/html\/notas\/wp-content\/uploads\/2023\/03\/Parque-del-Rio-Avellaneda-3.jpeg\"><img loading=\"lazy\" decoding=\"async\" width=\"1024\" height=\"681\" data-id=\"121118\" src=\"https:\/\/www.elsindical.com.ar\/notas\/var\/www\/html\/notas\/wp-content\/uploads\/2023\/03\/Parque-del-Rio-Avellaneda-3-1024x681.jpeg\" alt=\"\" class=\"wp-image-121118\" srcset=\"https:\/\/www.elsindical.com.ar\/notas\/var\/www\/html\/notas\/wp-content\/uploads\/2023\/03\/Parque-del-Rio-Avellaneda-3-1024x681.jpeg 1024w, https:\/\/www.elsindical.com.ar\/notas\/var\/www\/html\/notas\/wp-content\/uploads\/2023\/03\/Parque-del-Rio-Avellaneda-3-300x199.jpeg 300w, https:\/\/www.elsindical.com.ar\/notas\/var\/www\/html\/notas\/wp-content\/uploads\/2023\/03\/Parque-del-Rio-Avellaneda-3-768x511.jpeg 768w, https:\/\/www.elsindical.com.ar\/notas\/var\/www\/html\/notas\/wp-content\/uploads\/2023\/03\/Parque-del-Rio-Avellaneda-3-451x300.jpeg 451w, https:\/\/www.elsindical.com.ar\/notas\/var\/www\/html\/notas\/wp-content\/uploads\/2023\/03\/Parque-del-Rio-Avellaneda-3.jpeg 1125w\" sizes=\"auto, (max-width: 1024px) 100vw, 1024px\" \/><\/a><\/figure>\n\n\n\n<figure class=\"wp-block-image size-large\"><a href=\"https:\/\/www.elsindical.com.ar\/notas\/var\/www\/html\/notas\/wp-content\/uploads\/2023\/03\/Parque-del-Rio-Avellaneda-4.jpeg\"><img loading=\"lazy\" decoding=\"async\" width=\"1024\" height=\"674\" data-id=\"121119\" src=\"https:\/\/www.elsindical.com.ar\/notas\/var\/www\/html\/notas\/wp-content\/uploads\/2023\/03\/Parque-del-Rio-Avellaneda-4-1024x674.jpeg\" alt=\"\" class=\"wp-image-121119\" srcset=\"https:\/\/www.elsindical.com.ar\/notas\/var\/www\/html\/notas\/wp-content\/uploads\/2023\/03\/Parque-del-Rio-Avellaneda-4-1024x674.jpeg 1024w, https:\/\/www.elsindical.com.ar\/notas\/var\/www\/html\/notas\/wp-content\/uploads\/2023\/03\/Parque-del-Rio-Avellaneda-4-300x198.jpeg 300w, https:\/\/www.elsindical.com.ar\/notas\/var\/www\/html\/notas\/wp-content\/uploads\/2023\/03\/Parque-del-Rio-Avellaneda-4-768x506.jpeg 768w, https:\/\/www.elsindical.com.ar\/notas\/var\/www\/html\/notas\/wp-content\/uploads\/2023\/03\/Parque-del-Rio-Avellaneda-4-455x300.jpeg 455w, https:\/\/www.elsindical.com.ar\/notas\/var\/www\/html\/notas\/wp-content\/uploads\/2023\/03\/Parque-del-Rio-Avellaneda-4.jpeg 1125w\" sizes=\"auto, (max-width: 1024px) 100vw, 1024px\" \/><\/a><\/figure>\n<\/figure>\n","protected":false},"excerpt":{"rendered":"<p>Seg\u00fan informaron, de esta forma se le da continuidad a un proceso iniciado con la Eco \u00c1rea, una reserva natural abierta como paseo al p\u00fablico en 2018. La Municipalidad de Avellaneda inaugur\u00f3 el Parque del R\u00edo, ubicado sobre la costa de Villa Dom\u00ednico, con un festival y la concurrencia de gran cantidad de vecinos. Este&hellip;<\/p>\n","protected":false},"author":1,"featured_media":121116,"comment_status":"open","ping_status":"open","sticky":false,"template":"","format":"standard","meta":{"footnotes":""},"categories":[25],"tags":[461,2450,2879,2455,39753,1106,2330,22032,986,2372],"class_list":["post-121115","post","type-post","status-publish","format-standard","has-post-thumbnail","hentry","category-sociedad","tag-avellaneda","tag-diario-el-sindical","tag-estacionamiento","tag-juegos","tag-parque-del-rio","tag-plaza","tag-sarandi","tag-sociedad","tag-vecinos","tag-villa-dominico"],"_links":{"self":[{"href":"https:\/\/www.elsindical.com.ar\/notas\/wp-json\/wp\/v2\/posts\/121115","targetHints":{"allow":["GET"]}}],"collection":[{"href":"https:\/\/www.elsindical.com.ar\/notas\/wp-json\/wp\/v2\/posts"}],"about":[{"href":"https:\/\/www.elsindical.com.ar\/notas\/wp-json\/wp\/v2\/types\/post"}],"author":[{"embeddable":true,"href":"https:\/\/www.elsindical.com.ar\/notas\/wp-json\/wp\/v2\/users\/1"}],"replies":[{"embeddable":true,"href":"https:\/\/www.elsindical.com.ar\/notas\/wp-json\/wp\/v2\/comments?post=121115"}],"version-history":[{"count":1,"href":"https:\/\/www.elsindical.com.ar\/notas\/wp-json\/wp\/v2\/posts\/121115\/revisions"}],"predecessor-version":[{"id":121120,"href":"https:\/\/www.elsindical.com.ar\/notas\/wp-json\/wp\/v2\/posts\/121115\/revisions\/121120"}],"wp:featuredmedia":[{"embeddable":true,"href":"https:\/\/www.elsindical.com.ar\/notas\/wp-json\/wp\/v2\/media\/121116"}],"wp:attachment":[{"href":"https:\/\/www.elsindical.com.ar\/notas\/wp-json\/wp\/v2\/media?parent=121115"}],"wp:term":[{"taxonomy":"category","embeddable":true,"href":"https:\/\/www.elsindical.com.ar\/notas\/wp-json\/wp\/v2\/categories?post=121115"},{"taxonomy":"post_tag","embeddable":true,"href":"https:\/\/www.elsindical.com.ar\/notas\/wp-json\/wp\/v2\/tags?post=121115"}],"curies":[{"name":"wp","href":"https:\/\/api.w.org\/{rel}","templated":true}]}}