{"id":121112,"date":"2023-03-13T13:58:03","date_gmt":"2023-03-13T16:58:03","guid":{"rendered":"https:\/\/www.elsindical.com.ar\/notas\/?p=121112"},"modified":"2023-03-13T13:58:04","modified_gmt":"2023-03-13T16:58:04","slug":"monte-grande-balean-a-un-comisario-mayor-para-robarle-el-auto","status":"publish","type":"post","link":"https:\/\/www.elsindical.com.ar\/notas\/monte-grande-balean-a-un-comisario-mayor-para-robarle-el-auto\/","title":{"rendered":"Monte Grande: Balean a un Comisario Mayor para robarle el auto"},"content":{"rendered":"\n<figure class=\"wp-block-image size-large\"><a href=\"https:\/\/www.elsindical.com.ar\/notas\/var\/www\/html\/notas\/wp-content\/uploads\/2023\/03\/robo-a-Comisario-Mayor-Contreras-en-Monte-Grande.jpeg\"><img loading=\"lazy\" decoding=\"async\" width=\"1024\" height=\"576\" src=\"https:\/\/www.elsindical.com.ar\/notas\/var\/www\/html\/notas\/wp-content\/uploads\/2023\/03\/robo-a-Comisario-Mayor-Contreras-en-Monte-Grande-1024x576.jpeg\" alt=\"\" class=\"wp-image-121113\" srcset=\"https:\/\/www.elsindical.com.ar\/notas\/var\/www\/html\/notas\/wp-content\/uploads\/2023\/03\/robo-a-Comisario-Mayor-Contreras-en-Monte-Grande-1024x576.jpeg 1024w, https:\/\/www.elsindical.com.ar\/notas\/var\/www\/html\/notas\/wp-content\/uploads\/2023\/03\/robo-a-Comisario-Mayor-Contreras-en-Monte-Grande-300x169.jpeg 300w, https:\/\/www.elsindical.com.ar\/notas\/var\/www\/html\/notas\/wp-content\/uploads\/2023\/03\/robo-a-Comisario-Mayor-Contreras-en-Monte-Grande-768x432.jpeg 768w, https:\/\/www.elsindical.com.ar\/notas\/var\/www\/html\/notas\/wp-content\/uploads\/2023\/03\/robo-a-Comisario-Mayor-Contreras-en-Monte-Grande-500x281.jpeg 500w, https:\/\/www.elsindical.com.ar\/notas\/var\/www\/html\/notas\/wp-content\/uploads\/2023\/03\/robo-a-Comisario-Mayor-Contreras-en-Monte-Grande-1536x864.jpeg 1536w, https:\/\/www.elsindical.com.ar\/notas\/var\/www\/html\/notas\/wp-content\/uploads\/2023\/03\/robo-a-Comisario-Mayor-Contreras-en-Monte-Grande-460x260.jpeg 460w, https:\/\/www.elsindical.com.ar\/notas\/var\/www\/html\/notas\/wp-content\/uploads\/2023\/03\/robo-a-Comisario-Mayor-Contreras-en-Monte-Grande.jpeg 1599w\" sizes=\"auto, (max-width: 1024px) 100vw, 1024px\" \/><\/a><\/figure>\n\n\n\n<p>Un Comisario Mayor retirado de la Polic\u00eda Federal fue gravemente herido cuando al menos dos delincuentes intentaron robarle el auto cuando llegaba a su casa, en la localidad de Monte Grande. La v\u00edctima recibi\u00f3 tres balazos y ahora se encuentra estable.<\/p>\n\n\n\n<p>Fuentes policiales informaron que el hecho ocurri\u00f3 alrededor de las 06:00 hs de este domingo cuando el Comisario Mayor retirado Carlos Alberto Contreras lleg\u00f3 con su auto a su casa ubicada a escasos metros de la esquina de Urquiza y Nuestras Malvinas, en Monte Grande.<\/p>\n\n\n\n<p>Cuando el Comisario retirado estaba sacando elementos de su ba\u00fal fue sorprendido por dos delincuentes que se movilizaban en un auto azul.<\/p>\n\n\n\n<p>Los ladrones le exigieron el auto y sin m\u00e1s, le dispararon al menos en 6 oportunidades. Contreras recibi\u00f3 un balazo en el abdomen, otro en la cadera y el tercero en un brazo.<\/p>\n\n\n\n<p>Los delincuentes escaparon sin poder llevarse el auto del Comisario retirado, mientras que la v\u00edctima fue trasladada al Hospital Santa Marina de Monte Grande.<\/p>\n\n\n\n<p>Contreras fue atendido y actualmente se encuentra fuera de peligro y estabilizado, aunque permanece internado en ese centro asistencial.<\/p>\n\n\n\n<p>La investigaci\u00f3n qued\u00f3 a cargo de la fiscal Ver\u00f3nica Ciffarelli, de la UFI 2 descentralizada de Esteban Echeverr\u00eda.<\/p>\n","protected":false},"excerpt":{"rendered":"<p>Un Comisario Mayor retirado de la Polic\u00eda Federal fue gravemente herido cuando al menos dos delincuentes intentaron robarle el auto cuando llegaba a su casa, en la localidad de Monte Grande. La v\u00edctima recibi\u00f3 tres balazos y ahora se encuentra estable. Fuentes policiales informaron que el hecho ocurri\u00f3 alrededor de las 06:00 hs de este&hellip;<\/p>\n","protected":false},"author":1,"featured_media":121113,"comment_status":"open","ping_status":"open","sticky":false,"template":"","format":"standard","meta":{"footnotes":""},"categories":[22],"tags":[39752,2450,894,12265,1681,116],"class_list":["post-121112","post","type-post","status-publish","format-standard","has-post-thumbnail","hentry","category-policiales","tag-comisario-mayor-carlos-alberto-contreras","tag-diario-el-sindical","tag-disparos","tag-hospital-santa-marina","tag-monte-grande","tag-robo"],"_links":{"self":[{"href":"https:\/\/www.elsindical.com.ar\/notas\/wp-json\/wp\/v2\/posts\/121112","targetHints":{"allow":["GET"]}}],"collection":[{"href":"https:\/\/www.elsindical.com.ar\/notas\/wp-json\/wp\/v2\/posts"}],"about":[{"href":"https:\/\/www.elsindical.com.ar\/notas\/wp-json\/wp\/v2\/types\/post"}],"author":[{"embeddable":true,"href":"https:\/\/www.elsindical.com.ar\/notas\/wp-json\/wp\/v2\/users\/1"}],"replies":[{"embeddable":true,"href":"https:\/\/www.elsindical.com.ar\/notas\/wp-json\/wp\/v2\/comments?post=121112"}],"version-history":[{"count":1,"href":"https:\/\/www.elsindical.com.ar\/notas\/wp-json\/wp\/v2\/posts\/121112\/revisions"}],"predecessor-version":[{"id":121114,"href":"https:\/\/www.elsindical.com.ar\/notas\/wp-json\/wp\/v2\/posts\/121112\/revisions\/121114"}],"wp:featuredmedia":[{"embeddable":true,"href":"https:\/\/www.elsindical.com.ar\/notas\/wp-json\/wp\/v2\/media\/121113"}],"wp:attachment":[{"href":"https:\/\/www.elsindical.com.ar\/notas\/wp-json\/wp\/v2\/media?parent=121112"}],"wp:term":[{"taxonomy":"category","embeddable":true,"href":"https:\/\/www.elsindical.com.ar\/notas\/wp-json\/wp\/v2\/categories?post=121112"},{"taxonomy":"post_tag","embeddable":true,"href":"https:\/\/www.elsindical.com.ar\/notas\/wp-json\/wp\/v2\/tags?post=121112"}],"curies":[{"name":"wp","href":"https:\/\/api.w.org\/{rel}","templated":true}]}}