{"id":121107,"date":"2023-03-13T08:28:51","date_gmt":"2023-03-13T11:28:51","guid":{"rendered":"https:\/\/www.elsindical.com.ar\/notas\/?p=121107"},"modified":"2023-03-13T08:28:52","modified_gmt":"2023-03-13T11:28:52","slug":"lomas-de-zamora-condenaron-a-9-anos-a-tres-gendarmes-que-asaltaron-un-almacen-en-glew","status":"publish","type":"post","link":"https:\/\/www.elsindical.com.ar\/notas\/lomas-de-zamora-condenaron-a-9-anos-a-tres-gendarmes-que-asaltaron-un-almacen-en-glew\/","title":{"rendered":"Lomas de Zamora: Condenaron a 9 a\u00f1os a tres gendarmes que asaltaron un almac\u00e9n en Glew"},"content":{"rendered":"\n<figure class=\"wp-block-image size-full\"><a href=\"https:\/\/www.elsindical.com.ar\/notas\/var\/www\/html\/notas\/wp-content\/uploads\/2023\/03\/gendarmes-ladrones-Glew.jpg\"><img loading=\"lazy\" decoding=\"async\" width=\"1024\" height=\"580\" src=\"https:\/\/www.elsindical.com.ar\/notas\/var\/www\/html\/notas\/wp-content\/uploads\/2023\/03\/gendarmes-ladrones-Glew.jpg\" alt=\"\" class=\"wp-image-121108\" srcset=\"https:\/\/www.elsindical.com.ar\/notas\/var\/www\/html\/notas\/wp-content\/uploads\/2023\/03\/gendarmes-ladrones-Glew.jpg 1024w, https:\/\/www.elsindical.com.ar\/notas\/var\/www\/html\/notas\/wp-content\/uploads\/2023\/03\/gendarmes-ladrones-Glew-300x170.jpg 300w, https:\/\/www.elsindical.com.ar\/notas\/var\/www\/html\/notas\/wp-content\/uploads\/2023\/03\/gendarmes-ladrones-Glew-768x435.jpg 768w, https:\/\/www.elsindical.com.ar\/notas\/var\/www\/html\/notas\/wp-content\/uploads\/2023\/03\/gendarmes-ladrones-Glew-500x283.jpg 500w, https:\/\/www.elsindical.com.ar\/notas\/var\/www\/html\/notas\/wp-content\/uploads\/2023\/03\/gendarmes-ladrones-Glew-220x126.jpg 220w, https:\/\/www.elsindical.com.ar\/notas\/var\/www\/html\/notas\/wp-content\/uploads\/2023\/03\/gendarmes-ladrones-Glew-460x260.jpg 460w\" sizes=\"auto, (max-width: 1024px) 100vw, 1024px\" \/><\/a><\/figure>\n\n\n\n<p>El Tribunal Oral en lo Criminal (TOC) 3 de Lomas de Zamora conden\u00f3 a 9 a\u00f1os de prisi\u00f3n a tres gendarmes que asaltaron con sus armas reglamentaria un almac\u00e9n, en Glew, en 2021.<\/p>\n\n\n\n<p>Fuentes judiciales informaron que el TOC 3 de Lomas de Zamora conden\u00f3 a 9 a\u00f1os de prisi\u00f3n por el delito de \u201crobo calificado por el uso de arma de fuego\u201d a los gendarmes Jos\u00edas Romario Aquino, Ricardo G\u00f3mez y Nicanor Zelarrayan.<\/p>\n\n\n\n<p>El fiscal de juicio, Leonardo Kaszewski, hab\u00eda pedido en su alegato una pena algo m\u00e1s alta para los tres acusados: 11 a\u00f1os de prisi\u00f3n.<\/p>\n\n\n\n<p>Seg\u00fan se determin\u00f3 en el juicio oral, el 6 de setiembre de 2021 los tres gendarmes llegaron a un almac\u00e9n ubicado en la esquina de la avenida Hip\u00f3lito Yrigoyen y Santa F\u00e9, en Glew.<\/p>\n\n\n\n<figure class=\"wp-block-image size-full\"><a href=\"https:\/\/www.elsindical.com.ar\/notas\/var\/www\/html\/notas\/wp-content\/uploads\/2023\/03\/gendarmes-ladrones-Glew-3.jpg\"><img loading=\"lazy\" decoding=\"async\" width=\"768\" height=\"1024\" src=\"https:\/\/www.elsindical.com.ar\/notas\/var\/www\/html\/notas\/wp-content\/uploads\/2023\/03\/gendarmes-ladrones-Glew-3.jpg\" alt=\"\" class=\"wp-image-121109\" srcset=\"https:\/\/www.elsindical.com.ar\/notas\/var\/www\/html\/notas\/wp-content\/uploads\/2023\/03\/gendarmes-ladrones-Glew-3.jpg 768w, https:\/\/www.elsindical.com.ar\/notas\/var\/www\/html\/notas\/wp-content\/uploads\/2023\/03\/gendarmes-ladrones-Glew-3-225x300.jpg 225w\" sizes=\"auto, (max-width: 768px) 100vw, 768px\" \/><\/a><\/figure>\n\n\n\n<p><strong>Los hombres se movilizaban en Citroen C3 al que le hab\u00edan quitado la patente para no ser identificados.<\/strong><\/p>\n\n\n\n<p>Tras ingresar en el almac\u00e9n, amenazaron con un arma de fuego a la empleada y la encerraron en el ba\u00f1o. Luego, robaron 20 mil pesos de la recaudaci\u00f3n del comercio y el tel\u00e9fono celular de la mujer.<\/p>\n\n\n\n<p>En el juicio se determin\u00f3 que los tres gendarmes \u2013 quienes fueron detenidos poco despu\u00e9s del hecho \u2013 usaron sus armas reglamentarias para el robo.<\/p>\n\n\n\n<figure class=\"wp-block-image size-full\"><a href=\"https:\/\/www.elsindical.com.ar\/notas\/var\/www\/html\/notas\/wp-content\/uploads\/2023\/03\/gendarmes-ladrones-Glew-2.jpg\"><img loading=\"lazy\" decoding=\"async\" width=\"1024\" height=\"576\" src=\"https:\/\/www.elsindical.com.ar\/notas\/var\/www\/html\/notas\/wp-content\/uploads\/2023\/03\/gendarmes-ladrones-Glew-2.jpg\" alt=\"\" class=\"wp-image-121110\" srcset=\"https:\/\/www.elsindical.com.ar\/notas\/var\/www\/html\/notas\/wp-content\/uploads\/2023\/03\/gendarmes-ladrones-Glew-2.jpg 1024w, https:\/\/www.elsindical.com.ar\/notas\/var\/www\/html\/notas\/wp-content\/uploads\/2023\/03\/gendarmes-ladrones-Glew-2-300x169.jpg 300w, https:\/\/www.elsindical.com.ar\/notas\/var\/www\/html\/notas\/wp-content\/uploads\/2023\/03\/gendarmes-ladrones-Glew-2-768x432.jpg 768w, https:\/\/www.elsindical.com.ar\/notas\/var\/www\/html\/notas\/wp-content\/uploads\/2023\/03\/gendarmes-ladrones-Glew-2-500x281.jpg 500w, https:\/\/www.elsindical.com.ar\/notas\/var\/www\/html\/notas\/wp-content\/uploads\/2023\/03\/gendarmes-ladrones-Glew-2-460x260.jpg 460w\" sizes=\"auto, (max-width: 1024px) 100vw, 1024px\" \/><\/a><\/figure>\n","protected":false},"excerpt":{"rendered":"<p>El Tribunal Oral en lo Criminal (TOC) 3 de Lomas de Zamora conden\u00f3 a 9 a\u00f1os de prisi\u00f3n a tres gendarmes que asaltaron con sus armas reglamentaria un almac\u00e9n, en Glew, en 2021. Fuentes judiciales informaron que el TOC 3 de Lomas de Zamora conden\u00f3 a 9 a\u00f1os de prisi\u00f3n por el delito de \u201crobo&hellip;<\/p>\n","protected":false},"author":1,"featured_media":121108,"comment_status":"open","ping_status":"open","sticky":false,"template":"","format":"standard","meta":{"footnotes":""},"categories":[20],"tags":[10051,2450,453,1065,744,116],"class_list":["post-121107","post","type-post","status-publish","format-standard","has-post-thumbnail","hentry","category-judiciales","tag-almacen","tag-diario-el-sindical","tag-gendarmes","tag-glew","tag-lomas-de-zamora","tag-robo"],"_links":{"self":[{"href":"https:\/\/www.elsindical.com.ar\/notas\/wp-json\/wp\/v2\/posts\/121107","targetHints":{"allow":["GET"]}}],"collection":[{"href":"https:\/\/www.elsindical.com.ar\/notas\/wp-json\/wp\/v2\/posts"}],"about":[{"href":"https:\/\/www.elsindical.com.ar\/notas\/wp-json\/wp\/v2\/types\/post"}],"author":[{"embeddable":true,"href":"https:\/\/www.elsindical.com.ar\/notas\/wp-json\/wp\/v2\/users\/1"}],"replies":[{"embeddable":true,"href":"https:\/\/www.elsindical.com.ar\/notas\/wp-json\/wp\/v2\/comments?post=121107"}],"version-history":[{"count":1,"href":"https:\/\/www.elsindical.com.ar\/notas\/wp-json\/wp\/v2\/posts\/121107\/revisions"}],"predecessor-version":[{"id":121111,"href":"https:\/\/www.elsindical.com.ar\/notas\/wp-json\/wp\/v2\/posts\/121107\/revisions\/121111"}],"wp:featuredmedia":[{"embeddable":true,"href":"https:\/\/www.elsindical.com.ar\/notas\/wp-json\/wp\/v2\/media\/121108"}],"wp:attachment":[{"href":"https:\/\/www.elsindical.com.ar\/notas\/wp-json\/wp\/v2\/media?parent=121107"}],"wp:term":[{"taxonomy":"category","embeddable":true,"href":"https:\/\/www.elsindical.com.ar\/notas\/wp-json\/wp\/v2\/categories?post=121107"},{"taxonomy":"post_tag","embeddable":true,"href":"https:\/\/www.elsindical.com.ar\/notas\/wp-json\/wp\/v2\/tags?post=121107"}],"curies":[{"name":"wp","href":"https:\/\/api.w.org\/{rel}","templated":true}]}}