{"id":121103,"date":"2023-03-13T00:10:30","date_gmt":"2023-03-13T03:10:30","guid":{"rendered":"https:\/\/www.elsindical.com.ar\/notas\/?p=121103"},"modified":"2023-03-13T00:12:04","modified_gmt":"2023-03-13T03:12:04","slug":"idac-no-te-comas-el-verso","status":"publish","type":"post","link":"https:\/\/www.elsindical.com.ar\/notas\/idac-no-te-comas-el-verso\/","title":{"rendered":"IDAC no te comas el verso"},"content":{"rendered":"\n<figure class=\"wp-block-image size-full\"><a href=\"https:\/\/www.elsindical.com.ar\/notas\/var\/www\/html\/notas\/wp-content\/uploads\/2023\/03\/IDAC-una-mentira-de-pelicula.jpg\"><img loading=\"lazy\" decoding=\"async\" width=\"800\" height=\"504\" src=\"https:\/\/www.elsindical.com.ar\/notas\/var\/www\/html\/notas\/wp-content\/uploads\/2023\/03\/IDAC-una-mentira-de-pelicula.jpg\" alt=\"\" class=\"wp-image-121104\" srcset=\"https:\/\/www.elsindical.com.ar\/notas\/var\/www\/html\/notas\/wp-content\/uploads\/2023\/03\/IDAC-una-mentira-de-pelicula.jpg 800w, https:\/\/www.elsindical.com.ar\/notas\/var\/www\/html\/notas\/wp-content\/uploads\/2023\/03\/IDAC-una-mentira-de-pelicula-300x189.jpg 300w, https:\/\/www.elsindical.com.ar\/notas\/var\/www\/html\/notas\/wp-content\/uploads\/2023\/03\/IDAC-una-mentira-de-pelicula-768x484.jpg 768w, https:\/\/www.elsindical.com.ar\/notas\/var\/www\/html\/notas\/wp-content\/uploads\/2023\/03\/IDAC-una-mentira-de-pelicula-476x300.jpg 476w\" sizes=\"auto, (max-width: 800px) 100vw, 800px\" \/><\/a><\/figure>\n\n\n\n<p>   Todos tienen derecho a ser informados correctamente, sobre las caracter\u00edsticas del lugar donde va a estudiar, desde hace a\u00f1os, quienes conducen el IDAC han transformado una instituci\u00f3n municipal en un \u00abclub de amigos\u00bb donde los que \u00abpertenecen\u00bb a ese n\u00facleo duro egresan y tienen esperanza de ser \u00abdocentes\u00bb, aunque no tengan carrera docente alguna o ni siquiera hayan realizado el trayecto pedag\u00f3gico que los habilite de alguna manera a cumplir funciones de docente aunque no lo sean.<\/p>\n\n\n\n<p>Y es que incluso para poder hacer el trayecto docente es necesario ser graduado de alguna carrera superior, situaci\u00f3n que no ser\u00eda la que ocurre con varios de los docentes del IDAC, que apenas tienen el secundario como m\u00e1xima formaci\u00f3n acad\u00e9mica, ejemplos <strong>Guillermo Fern\u00e1ndez Mor\u00e1n <\/strong>quien es titular de guion con varias horas en las \u00abcarreras\u00bb de cine y animaci\u00f3n, o su amigo y titular de guion <strong>Dami\u00e1n Barrera<\/strong>, ex alumno de Guillermo, se entiende as\u00ed esto del club de amigos.<\/p>\n\n\n\n<p>El hecho m\u00e1s relevante a tener en cuenta por quien quiera estudiar en el IDAC es que las carreras son de 4 a\u00f1os y el t\u00edtulo final<strong> NO ES OFICIAL<\/strong>, solo tiene validez municipal en Avellaneda, es decir, la misma carrera de realizador, en escuelas con t\u00edtulos oficiales es de 3 a\u00f1os o con 4 se obtiene una licenciatura.<\/p>\n\n\n\n<p>Cuando el municipio intent\u00f3 que el t\u00edtulo sea reconocido oficialmente, fueron justamente los NO docentes los que manipularon la informaci\u00f3n y junto a un grupo de estudiantes consiguieron que los alumnos defendieran una mentira, que el municipio quer\u00eda cerrar el IDAC o que lo quer\u00eda regalar a la UNDAV, nada de eso era cierto, as\u00ed, algunos de esos \u00abestudiantes\u00bb de la resistencia lograron ser docentes, algunos hasta falseando datos ante el<strong> Tribunal de Promoci\u00f3n Docente<\/strong>, tal como lo menciono su presidenta Andrea Fabbri, m\u00e1s a\u00fan, el IDAC hoy no tiene rector y su director<strong> Rub\u00e9n Jajdelski<\/strong>, no re\u00fane tampoco los requisitos formales para ser director, as\u00ed, que nada est\u00e1 en orden por el IDAC.<\/p>\n\n\n\n<p>Es un buen lugar si lo tuyo es jugar al bohemio, en primer a\u00f1o vas a encontrar a personajes que llevan a\u00f1os repitiendo y que faltan a las clases a las practicas, pero no se pierden una fumata en la puerta del edificio donde el olor a porro los hace sentirse artistas, el problema no es el porro, sino que luego suben a clase los m\u00e1s tiernos y no dejan de re\u00edrse e interrumpir la clase.<\/p>\n\n\n\n<p>Si uno mira el listado de docentes, lo primero que va a encontrar es que no hay entre el cuerpo gente destacada en el mundo del cine, es decir, no solo no tienen t\u00edtulo que los avale, no poseen tampoco m\u00e9ritos para decir no estudio, pero es un tipo con oficio, algunos hasta dicen ser autodidactas pero renegar de la bibliograf\u00eda porque entienden que est\u00e1n por sobre las definiciones y conceptos generales del cine y al ser de una escuela de la \u00abresistencia\u00bb ellos pueden romper las reglas.<\/p>\n\n\n\n<p>Lo curioso es que pregonan algo que ni ellos mismos sienten, ejemplo, si son artistas, si dicen estar por sobre las universidades que se basan en el cine comercial, si ustedes son rebeldes, promueven el cine independiente, \u00bfpor qu\u00e9 mienten con el t\u00edtulo y su validez?, \u00bfpor qu\u00e9 se enojan cuando uno dice que no son docentes? o peor se ponen agresivos e insultan afirmando que se pasan los t\u00edtulos y las leyes de educaci\u00f3n por el culo.<\/p>\n\n\n\n<p>Ser\u00edan m\u00e1s dignos si ustedes defendieran su forma de ense\u00f1ar cine, si realmente se mostraran en contra de las formas de ense\u00f1anza oficiales y ofrecieran un lugar distinto, donde las reglas sean claras y no donde no son ni chicha ni limonada.<\/p>\n\n\n\n<p>Tienen que adoptar una identidad, pero tambi\u00e9n tienen que renovarse, las ofertas acad\u00e9micas son muchas, as\u00ed, solo se desprestigian, se colocan en una posici\u00f3n poco inteligente y hacen que los pocos alumnos que poseen sean una mentira cuando tienen que hacer un rodaje no saben ni d\u00f3nde est\u00e1n parados, el \u00faltimo Chonflex fue un ejemplo de mala organizaci\u00f3n y cortos fallidos en muchos aspectos t\u00e9cnicos, que se aplaudan entre los participantes no ayuda a mejorar, es seguir fortaleciendo la mentira del club de amigos.<\/p>\n\n\n\n<figure class=\"wp-block-embed is-type-video is-provider-youtube wp-block-embed-youtube wp-embed-aspect-16-9 wp-has-aspect-ratio\"><div class=\"wp-block-embed__wrapper\">\n<iframe loading=\"lazy\" title=\"IDAC no te comas el verso\" width=\"700\" height=\"394\" src=\"https:\/\/www.youtube.com\/embed\/tzoJal259JA?feature=oembed\" frameborder=\"0\" allow=\"accelerometer; autoplay; clipboard-write; encrypted-media; gyroscope; picture-in-picture; web-share\" allowfullscreen><\/iframe>\n<\/div><\/figure>\n\n\n\n<p>Por Marcelo Ricardo Hawrylciw<\/p>\n","protected":false},"excerpt":{"rendered":"<p>Todos tienen derecho a ser informados correctamente, sobre las caracter\u00edsticas del lugar donde va a estudiar, desde hace a\u00f1os, quienes conducen el IDAC han transformado una instituci\u00f3n municipal en un \u00abclub de amigos\u00bb donde los que \u00abpertenecen\u00bb a ese n\u00facleo duro egresan y tienen esperanza de ser \u00abdocentes\u00bb, aunque no tengan carrera docente alguna o&hellip;<\/p>\n","protected":false},"author":1,"featured_media":121104,"comment_status":"open","ping_status":"open","sticky":false,"template":"","format":"standard","meta":{"footnotes":""},"categories":[10],"tags":[19777,461,154,5912,2450,497,277,37156,19775,39750,37331,39751],"class_list":["post-121103","post","type-post","status-publish","format-standard","has-post-thumbnail","hentry","category-editorial","tag-animacion","tag-avellaneda","tag-buenos-aires","tag-cine","tag-diario-el-sindical","tag-docentes","tag-fraude","tag-guion","tag-idac","tag-idac-una-mentira-de-pelicula","tag-instituto-de-arte-cinematografico","tag-realizador-cinematografico"],"_links":{"self":[{"href":"https:\/\/www.elsindical.com.ar\/notas\/wp-json\/wp\/v2\/posts\/121103","targetHints":{"allow":["GET"]}}],"collection":[{"href":"https:\/\/www.elsindical.com.ar\/notas\/wp-json\/wp\/v2\/posts"}],"about":[{"href":"https:\/\/www.elsindical.com.ar\/notas\/wp-json\/wp\/v2\/types\/post"}],"author":[{"embeddable":true,"href":"https:\/\/www.elsindical.com.ar\/notas\/wp-json\/wp\/v2\/users\/1"}],"replies":[{"embeddable":true,"href":"https:\/\/www.elsindical.com.ar\/notas\/wp-json\/wp\/v2\/comments?post=121103"}],"version-history":[{"count":2,"href":"https:\/\/www.elsindical.com.ar\/notas\/wp-json\/wp\/v2\/posts\/121103\/revisions"}],"predecessor-version":[{"id":121106,"href":"https:\/\/www.elsindical.com.ar\/notas\/wp-json\/wp\/v2\/posts\/121103\/revisions\/121106"}],"wp:featuredmedia":[{"embeddable":true,"href":"https:\/\/www.elsindical.com.ar\/notas\/wp-json\/wp\/v2\/media\/121104"}],"wp:attachment":[{"href":"https:\/\/www.elsindical.com.ar\/notas\/wp-json\/wp\/v2\/media?parent=121103"}],"wp:term":[{"taxonomy":"category","embeddable":true,"href":"https:\/\/www.elsindical.com.ar\/notas\/wp-json\/wp\/v2\/categories?post=121103"},{"taxonomy":"post_tag","embeddable":true,"href":"https:\/\/www.elsindical.com.ar\/notas\/wp-json\/wp\/v2\/tags?post=121103"}],"curies":[{"name":"wp","href":"https:\/\/api.w.org\/{rel}","templated":true}]}}