{"id":121096,"date":"2023-03-12T20:53:07","date_gmt":"2023-03-12T23:53:07","guid":{"rendered":"https:\/\/www.elsindical.com.ar\/notas\/?p=121096"},"modified":"2023-03-12T20:53:08","modified_gmt":"2023-03-12T23:53:08","slug":"constitucion-el-barrio-de-la-droga-la-trata-la-corrupcion-y-la-muerte","status":"publish","type":"post","link":"https:\/\/www.elsindical.com.ar\/notas\/constitucion-el-barrio-de-la-droga-la-trata-la-corrupcion-y-la-muerte\/","title":{"rendered":"Constituci\u00f3n: El barrio de la droga, la trata, la corrupci\u00f3n y la muerte"},"content":{"rendered":"<div class=\"wp-block-image\">\n<figure class=\"aligncenter size-full\"><a href=\"https:\/\/www.elsindical.com.ar\/notas\/var\/www\/html\/notas\/wp-content\/uploads\/2023\/03\/drogas-en-Constitucion-1.jpg\"><img loading=\"lazy\" decoding=\"async\" width=\"850\" height=\"558\" src=\"https:\/\/www.elsindical.com.ar\/notas\/var\/www\/html\/notas\/wp-content\/uploads\/2023\/03\/drogas-en-Constitucion-1.jpg\" alt=\"\" class=\"wp-image-121097\" srcset=\"https:\/\/www.elsindical.com.ar\/notas\/var\/www\/html\/notas\/wp-content\/uploads\/2023\/03\/drogas-en-Constitucion-1.jpg 850w, https:\/\/www.elsindical.com.ar\/notas\/var\/www\/html\/notas\/wp-content\/uploads\/2023\/03\/drogas-en-Constitucion-1-300x197.jpg 300w, https:\/\/www.elsindical.com.ar\/notas\/var\/www\/html\/notas\/wp-content\/uploads\/2023\/03\/drogas-en-Constitucion-1-768x504.jpg 768w, https:\/\/www.elsindical.com.ar\/notas\/var\/www\/html\/notas\/wp-content\/uploads\/2023\/03\/drogas-en-Constitucion-1-457x300.jpg 457w\" sizes=\"auto, (max-width: 850px) 100vw, 850px\" \/><\/a><\/figure>\n<\/div>\n\n\n<p>   Sigue el esc\u00e1ndalo en el barrio de Constituci\u00f3n, por los enfrentamientos a los tiros entre los tranzas dominicanos y peruanos, a 24 hs. de haber dejado al borde de la muerte a un nene de 4 a\u00f1os por los disparos entre peruanos y dominicanos en la<strong> Plaza Constituci\u00f3n<\/strong>, ahora un nuevo enfrentamiento a los tiros lleg\u00f3 a los medios por los vecinos que grabaron la escena.<\/p>\n\n\n\n<p>Lo ins\u00f3lito es que los enfrentamientos a tiros en plena calle ocurren a menos de 100 metros de la <strong>comisar\u00eda vecina 1C<\/strong>&#8211; ex <strong>comisar\u00eda 16<\/strong>, de la calle <strong>San Jos\u00e9 1224<\/strong>, dependencia policial que gener\u00f3 por los 90 un esc\u00e1ndalo que gener\u00f3 una depuraci\u00f3n en las 53 comisar\u00edas de la PFA, en una investigaci\u00f3n judicial que desnud\u00f3 la corrupci\u00f3n policial con delincuentes de todo tipo, desde tranzas y prost\u00edbulos barriales hasta narcos y tratantes de personas que termin\u00f3 abandonando el ex fiscal <strong>Pablo Jorge Lanusse<\/strong>.<\/p>\n\n\n<div class=\"wp-block-image\">\n<figure class=\"aligncenter size-full is-resized\"><a href=\"https:\/\/www.elsindical.com.ar\/notas\/var\/www\/html\/notas\/wp-content\/uploads\/2023\/03\/Pablo-Lanusse-PFA.jpeg\"><img loading=\"lazy\" decoding=\"async\" src=\"https:\/\/www.elsindical.com.ar\/notas\/var\/www\/html\/notas\/wp-content\/uploads\/2023\/03\/Pablo-Lanusse-PFA.jpeg\" alt=\"\" class=\"wp-image-121099\" width=\"814\" height=\"410\" srcset=\"https:\/\/www.elsindical.com.ar\/notas\/var\/www\/html\/notas\/wp-content\/uploads\/2023\/03\/Pablo-Lanusse-PFA.jpeg 611w, https:\/\/www.elsindical.com.ar\/notas\/var\/www\/html\/notas\/wp-content\/uploads\/2023\/03\/Pablo-Lanusse-PFA-300x151.jpeg 300w, https:\/\/www.elsindical.com.ar\/notas\/var\/www\/html\/notas\/wp-content\/uploads\/2023\/03\/Pablo-Lanusse-PFA-500x252.jpeg 500w\" sizes=\"auto, (max-width: 814px) 100vw, 814px\" \/><\/a><\/figure>\n<\/div>\n\n\n<p>Curiosidades si las hay, la investigaci\u00f3n m\u00e1s importante en la historia criminal de la Argentina, termin\u00f3 sin un fiscal que la impuls\u00e9 ya que varios de los que subrogaron a Lanusse se desentendieron de la causa, evitaron seguir investigando o impulsando la misma, una falta de respeto para los que murieron en extra\u00f1as circunstancias y que sus familias nunca tuvieron justicia.<\/p>\n\n\n\n<p>Por aquellos a\u00f1os, las marchas de las ONG contra la prostituci\u00f3n y la trata acusaban a<strong> Mauricio Macri<\/strong> de encubrir los prost\u00edbulos y la droga cuando fue jefe de gobierno, lejos de un combate a la corrupci\u00f3n y las mafias, la llegada de la Polic\u00eda de la Ciudad increment\u00f3 el delito que pas\u00f3 de puertas adentro a ganar con impunidad las calles a la vista de todos y con los polic\u00edas de adorno jugando a los que no ven.<\/p>\n\n\n\n<p>Con<strong> Horacio Rodr\u00edguez Larreta<\/strong> como Jefe de Gobierno, todo se volvi\u00f3 una mentira, instalaron c\u00e1maras, sistemas de identificaci\u00f3n facial y una campa\u00f1a mentirosa de que es la mejor polic\u00eda de la Argentina, cuando en realidad barrios como Constituci\u00f3n se han llenado de \u00abzombies\u00bb y extranjeros que armados transitan sin problemas.<\/p>\n\n\n\n<figure class=\"wp-block-image size-full\"><a href=\"https:\/\/www.elsindical.com.ar\/notas\/var\/www\/html\/notas\/wp-content\/uploads\/2023\/03\/drogas-en-Constitucion-2.jpg\"><img loading=\"lazy\" decoding=\"async\" width=\"850\" height=\"540\" src=\"https:\/\/www.elsindical.com.ar\/notas\/var\/www\/html\/notas\/wp-content\/uploads\/2023\/03\/drogas-en-Constitucion-2.jpg\" alt=\"\" class=\"wp-image-121098\" srcset=\"https:\/\/www.elsindical.com.ar\/notas\/var\/www\/html\/notas\/wp-content\/uploads\/2023\/03\/drogas-en-Constitucion-2.jpg 850w, https:\/\/www.elsindical.com.ar\/notas\/var\/www\/html\/notas\/wp-content\/uploads\/2023\/03\/drogas-en-Constitucion-2-300x191.jpg 300w, https:\/\/www.elsindical.com.ar\/notas\/var\/www\/html\/notas\/wp-content\/uploads\/2023\/03\/drogas-en-Constitucion-2-768x488.jpg 768w, https:\/\/www.elsindical.com.ar\/notas\/var\/www\/html\/notas\/wp-content\/uploads\/2023\/03\/drogas-en-Constitucion-2-472x300.jpg 472w\" sizes=\"auto, (max-width: 850px) 100vw, 850px\" \/><\/a><\/figure>\n\n\n\n<p>Por Marcelo Ricardo Hawrylciw<\/p>\n","protected":false},"excerpt":{"rendered":"<p>Sigue el esc\u00e1ndalo en el barrio de Constituci\u00f3n, por los enfrentamientos a los tiros entre los tranzas dominicanos y peruanos, a 24 hs. de haber dejado al borde de la muerte a un nene de 4 a\u00f1os por los disparos entre peruanos y dominicanos en la Plaza Constituci\u00f3n, ahora un nuevo enfrentamiento a los tiros&hellip;<\/p>\n","protected":false},"author":1,"featured_media":121097,"comment_status":"open","ping_status":"open","sticky":false,"template":"","format":"standard","meta":{"footnotes":""},"categories":[10],"tags":[4284,324,1451,2450,42,1943,76,3820,698,24537,4587],"class_list":["post-121096","post","type-post","status-publish","format-standard","has-post-thumbnail","hentry","category-editorial","tag-caba","tag-constitucion","tag-corrupcion","tag-diario-el-sindical","tag-droga","tag-horacio-rodriguez-larreta","tag-mauricio-macri","tag-pablo-jorge-lanusse","tag-pfa","tag-policia-de-la-ciudad","tag-trata"],"_links":{"self":[{"href":"https:\/\/www.elsindical.com.ar\/notas\/wp-json\/wp\/v2\/posts\/121096","targetHints":{"allow":["GET"]}}],"collection":[{"href":"https:\/\/www.elsindical.com.ar\/notas\/wp-json\/wp\/v2\/posts"}],"about":[{"href":"https:\/\/www.elsindical.com.ar\/notas\/wp-json\/wp\/v2\/types\/post"}],"author":[{"embeddable":true,"href":"https:\/\/www.elsindical.com.ar\/notas\/wp-json\/wp\/v2\/users\/1"}],"replies":[{"embeddable":true,"href":"https:\/\/www.elsindical.com.ar\/notas\/wp-json\/wp\/v2\/comments?post=121096"}],"version-history":[{"count":1,"href":"https:\/\/www.elsindical.com.ar\/notas\/wp-json\/wp\/v2\/posts\/121096\/revisions"}],"predecessor-version":[{"id":121100,"href":"https:\/\/www.elsindical.com.ar\/notas\/wp-json\/wp\/v2\/posts\/121096\/revisions\/121100"}],"wp:featuredmedia":[{"embeddable":true,"href":"https:\/\/www.elsindical.com.ar\/notas\/wp-json\/wp\/v2\/media\/121097"}],"wp:attachment":[{"href":"https:\/\/www.elsindical.com.ar\/notas\/wp-json\/wp\/v2\/media?parent=121096"}],"wp:term":[{"taxonomy":"category","embeddable":true,"href":"https:\/\/www.elsindical.com.ar\/notas\/wp-json\/wp\/v2\/categories?post=121096"},{"taxonomy":"post_tag","embeddable":true,"href":"https:\/\/www.elsindical.com.ar\/notas\/wp-json\/wp\/v2\/tags?post=121096"}],"curies":[{"name":"wp","href":"https:\/\/api.w.org\/{rel}","templated":true}]}}