{"id":121036,"date":"2023-03-09T23:57:48","date_gmt":"2023-03-10T02:57:48","guid":{"rendered":"https:\/\/www.elsindical.com.ar\/notas\/?p=121036"},"modified":"2023-03-10T00:01:23","modified_gmt":"2023-03-10T03:01:23","slug":"once-la-pfa-detuvo-a-un-violador-con-captura-internacional","status":"publish","type":"post","link":"https:\/\/www.elsindical.com.ar\/notas\/once-la-pfa-detuvo-a-un-violador-con-captura-internacional\/","title":{"rendered":"Once: La PFA detuvo a un violador con captura internacional"},"content":{"rendered":"\n<figure class=\"wp-block-image size-full\"><a href=\"https:\/\/www.elsindical.com.ar\/notas\/var\/www\/html\/notas\/wp-content\/uploads\/2023\/03\/violador-detenido-en-Once-1.jpeg\"><img loading=\"lazy\" decoding=\"async\" width=\"1024\" height=\"460\" src=\"https:\/\/www.elsindical.com.ar\/notas\/var\/www\/html\/notas\/wp-content\/uploads\/2023\/03\/violador-detenido-en-Once-1.jpeg\" alt=\"\" class=\"wp-image-121037\" srcset=\"https:\/\/www.elsindical.com.ar\/notas\/var\/www\/html\/notas\/wp-content\/uploads\/2023\/03\/violador-detenido-en-Once-1.jpeg 1024w, https:\/\/www.elsindical.com.ar\/notas\/var\/www\/html\/notas\/wp-content\/uploads\/2023\/03\/violador-detenido-en-Once-1-300x135.jpeg 300w, https:\/\/www.elsindical.com.ar\/notas\/var\/www\/html\/notas\/wp-content\/uploads\/2023\/03\/violador-detenido-en-Once-1-768x345.jpeg 768w, https:\/\/www.elsindical.com.ar\/notas\/var\/www\/html\/notas\/wp-content\/uploads\/2023\/03\/violador-detenido-en-Once-1-500x225.jpeg 500w\" sizes=\"auto, (max-width: 1024px) 100vw, 1024px\" \/><\/a><\/figure>\n\n\n\n<p>Agentes del Departamento Trata de Personas, de la Superintendencia de la Investigaciones Federales detuvieron un hombre, sobre quien pesaba un Pedido de Captura Internacional, y Solicitud de Extradici\u00f3n, por haber abusado sexualmente de una menor de 9 a\u00f1os.<\/p>\n\n\n\n<p>El hecho que se le imputa ocurrido 07 de Junio del a\u00f1o 2006, en la localidad de Ancash, en la hermana Rep\u00fablica del Per\u00fa, cuando siendo las 21:00 horas, en circunstancia que la menor \u201cL.R.O.G.\u201d se encontraba jugando a las escondidas con sus amiguitos en la v\u00eda publica, se present\u00f3 el ahora detenido, quien con mentiras y enga\u00f1os, rapt\u00f3 y traslad\u00f3 a la V\u00edctima, hasta una casa abandonada, y en el interior de la misma, la someti\u00f3 sexualmente con acceso carnal, para luego dejarla semi inconciente y darse a la fuga.<\/p>\n\n\n\n<p>Se estima que el imputado al enterarse que reca\u00eda una denuncia en su contra, escap\u00f3 hacia nuestro pa\u00eds, infringiendo las leyes migratorias, con el fin de evadir el proceso penal que se le avecinaba.<\/p>\n\n\n\n<p>Es as\u00ed que, en el mes de febrero del corriente a\u00f1o, el Juzgado Nacional en lo Criminal y Correccional Federal Nro. 12, a cargo del Dr. ARIEL OSCAR LIJO, por ante la Secretar\u00eda Nro. 23 a cargo de la Dra. PAULA KOHEN, le encomend\u00f3 a los efectivos federales, amplias tareas investigativas, para dar con el paradero del fugado. Luego de varias semanas de pesquisas los detectives pudieron determinar que el mismo se ocultaba en el Barrio de Emergencia, denominado \u201cVilla 31 Bis\u201d de esta Ciudad y que trabajaba en un local comercial, de venta de ropa, en la periferia del barrio de Once.<\/p>\n\n\n\n<p>A ra\u00edz de ello se mont\u00f3 una discreta vigilancia en la zona logrando su detenci\u00f3n en una galer\u00eda ubicada en Bartolom\u00e9 Mitre al 2700.<\/p>\n\n\n\n<p>El detenido, fue conducido hasta la sede del Departamento Trata de Personas, para efectuar las diligencias procesales y posteriormente fue alojado en la Divisi\u00f3n ALCAIDIAS \u2013PREDIO MADARIAGA, a la espera de que se concrete el pedido de extradici\u00f3n y traslado a la Rep\u00fablica del Per\u00fa, a fin de ser puesto a disposici\u00f3n de las autoridades judiciales de su pa\u00eds.<\/p>\n\n\n<div class=\"wp-block-image\">\n<figure class=\"aligncenter size-large\"><a href=\"https:\/\/www.elsindical.com.ar\/notas\/var\/www\/html\/notas\/wp-content\/uploads\/2023\/03\/violador-detenido-en-Once-2.jpeg\"><img loading=\"lazy\" decoding=\"async\" width=\"1024\" height=\"769\" src=\"https:\/\/www.elsindical.com.ar\/notas\/var\/www\/html\/notas\/wp-content\/uploads\/2023\/03\/violador-detenido-en-Once-2-1024x769.jpeg\" alt=\"\" class=\"wp-image-121038\" srcset=\"https:\/\/www.elsindical.com.ar\/notas\/var\/www\/html\/notas\/wp-content\/uploads\/2023\/03\/violador-detenido-en-Once-2-1024x769.jpeg 1024w, https:\/\/www.elsindical.com.ar\/notas\/var\/www\/html\/notas\/wp-content\/uploads\/2023\/03\/violador-detenido-en-Once-2-300x225.jpeg 300w, https:\/\/www.elsindical.com.ar\/notas\/var\/www\/html\/notas\/wp-content\/uploads\/2023\/03\/violador-detenido-en-Once-2-768x577.jpeg 768w, https:\/\/www.elsindical.com.ar\/notas\/var\/www\/html\/notas\/wp-content\/uploads\/2023\/03\/violador-detenido-en-Once-2-399x300.jpeg 399w, https:\/\/www.elsindical.com.ar\/notas\/var\/www\/html\/notas\/wp-content\/uploads\/2023\/03\/violador-detenido-en-Once-2.jpeg 1178w\" sizes=\"auto, (max-width: 1024px) 100vw, 1024px\" \/><\/a><\/figure>\n<\/div>\n\n\n<figure class=\"wp-block-embed is-type-video is-provider-youtube wp-block-embed-youtube wp-embed-aspect-16-9 wp-has-aspect-ratio\"><div class=\"wp-block-embed__wrapper\">\n<iframe loading=\"lazy\" title=\"Once: La PFA detuvo a un violador con captura internacional\" width=\"700\" height=\"394\" src=\"https:\/\/www.youtube.com\/embed\/xJhROfJwfy4?feature=oembed\" frameborder=\"0\" allow=\"accelerometer; autoplay; clipboard-write; encrypted-media; gyroscope; picture-in-picture; web-share\" allowfullscreen><\/iframe>\n<\/div><\/figure>\n","protected":false},"excerpt":{"rendered":"<p>Agentes del Departamento Trata de Personas, de la Superintendencia de la Investigaciones Federales detuvieron un hombre, sobre quien pesaba un Pedido de Captura Internacional, y Solicitud de Extradici\u00f3n, por haber abusado sexualmente de una menor de 9 a\u00f1os. El hecho que se le imputa ocurrido 07 de Junio del a\u00f1o 2006, en la localidad de&hellip;<\/p>\n","protected":false},"author":1,"featured_media":121037,"comment_status":"open","ping_status":"open","sticky":false,"template":"","format":"standard","meta":{"footnotes":""},"categories":[22],"tags":[2450,223,1629,7080,698,38166,539],"class_list":["post-121036","post","type-post","status-publish","format-standard","has-post-thumbnail","hentry","category-policiales","tag-diario-el-sindical","tag-menor","tag-once","tag-peru","tag-pfa","tag-superintendencia-de-investigaciones-federales","tag-violador"],"_links":{"self":[{"href":"https:\/\/www.elsindical.com.ar\/notas\/wp-json\/wp\/v2\/posts\/121036","targetHints":{"allow":["GET"]}}],"collection":[{"href":"https:\/\/www.elsindical.com.ar\/notas\/wp-json\/wp\/v2\/posts"}],"about":[{"href":"https:\/\/www.elsindical.com.ar\/notas\/wp-json\/wp\/v2\/types\/post"}],"author":[{"embeddable":true,"href":"https:\/\/www.elsindical.com.ar\/notas\/wp-json\/wp\/v2\/users\/1"}],"replies":[{"embeddable":true,"href":"https:\/\/www.elsindical.com.ar\/notas\/wp-json\/wp\/v2\/comments?post=121036"}],"version-history":[{"count":2,"href":"https:\/\/www.elsindical.com.ar\/notas\/wp-json\/wp\/v2\/posts\/121036\/revisions"}],"predecessor-version":[{"id":121040,"href":"https:\/\/www.elsindical.com.ar\/notas\/wp-json\/wp\/v2\/posts\/121036\/revisions\/121040"}],"wp:featuredmedia":[{"embeddable":true,"href":"https:\/\/www.elsindical.com.ar\/notas\/wp-json\/wp\/v2\/media\/121037"}],"wp:attachment":[{"href":"https:\/\/www.elsindical.com.ar\/notas\/wp-json\/wp\/v2\/media?parent=121036"}],"wp:term":[{"taxonomy":"category","embeddable":true,"href":"https:\/\/www.elsindical.com.ar\/notas\/wp-json\/wp\/v2\/categories?post=121036"},{"taxonomy":"post_tag","embeddable":true,"href":"https:\/\/www.elsindical.com.ar\/notas\/wp-json\/wp\/v2\/tags?post=121036"}],"curies":[{"name":"wp","href":"https:\/\/api.w.org\/{rel}","templated":true}]}}