{"id":121033,"date":"2023-03-09T23:52:45","date_gmt":"2023-03-10T02:52:45","guid":{"rendered":"https:\/\/www.elsindical.com.ar\/notas\/?p=121033"},"modified":"2023-03-09T23:52:45","modified_gmt":"2023-03-10T02:52:45","slug":"la-plata-detienen-a-un-policia-que-estaba-profugo-por-homicidio","status":"publish","type":"post","link":"https:\/\/www.elsindical.com.ar\/notas\/la-plata-detienen-a-un-policia-que-estaba-profugo-por-homicidio\/","title":{"rendered":"La Plata: Detienen a un polic\u00eda que estaba pr\u00f3fugo por homicidio"},"content":{"rendered":"<div class=\"wp-block-image\">\n<figure class=\"aligncenter size-full is-resized\"><a href=\"https:\/\/www.elsindical.com.ar\/notas\/var\/www\/html\/notas\/wp-content\/uploads\/2023\/03\/esposado-2023.jpg\"><img loading=\"lazy\" decoding=\"async\" src=\"https:\/\/www.elsindical.com.ar\/notas\/var\/www\/html\/notas\/wp-content\/uploads\/2023\/03\/esposado-2023.jpg\" alt=\"\" class=\"wp-image-121034\" width=\"748\" height=\"505\" srcset=\"https:\/\/www.elsindical.com.ar\/notas\/var\/www\/html\/notas\/wp-content\/uploads\/2023\/03\/esposado-2023.jpg 619w, https:\/\/www.elsindical.com.ar\/notas\/var\/www\/html\/notas\/wp-content\/uploads\/2023\/03\/esposado-2023-300x203.jpg 300w, https:\/\/www.elsindical.com.ar\/notas\/var\/www\/html\/notas\/wp-content\/uploads\/2023\/03\/esposado-2023-444x300.jpg 444w\" sizes=\"auto, (max-width: 748px) 100vw, 748px\" \/><\/a><\/figure>\n<\/div>\n\n\n<p class=\"wp-block-paragraph\"><strong>Un oficial de la Polic\u00eda Bonaerense fue detenido, luego de estar 10 meses pr\u00f3fugo, acusado de asesinar a un hombre en Don Orione<\/strong>, en el marco de un presunto ajuste de cuentas vinculado al narcomenudeo en esa zona de Almirante Brown.<\/p>\n\n\n\n<p class=\"wp-block-paragraph\">Fuentes de la investigaci\u00f3n informaron que el oficial pr\u00f3fugo fue detenido en la Comisar\u00eda de Tolosa, en La Plata.<\/p>\n\n\n\n<p class=\"wp-block-paragraph\">El imputado ser\u00e1 indagado en las pr\u00f3ximas horas por el fiscal Leonardo Kaszewski. El sujeto est\u00e1 imputado por el homicidio de un hombre de 34 a\u00f1os ocurrido en mayo de 2022 en Don Orione.<\/p>\n\n\n\n<p class=\"wp-block-paragraph\">Seg\u00fan la acusaci\u00f3n, el 22 de mayo de 2022 por la madrugada Cristian Tro, de 34 a\u00f1os,<strong> se encontraba en una plaza ubicada en Eva Per\u00f3n, entre Barakat y Marechal, en Don Orione.<\/strong><\/p>\n\n\n\n<p class=\"wp-block-paragraph\">Tro fue sorprendido, en un principio, por dos sujetos que le quit\u00f3 el chaleco antibalas que llevaba puesto. <strong>La principal sospecha es que la v\u00edctima se dedicaba a la venta de estupefacientes en la zona.<\/strong><\/p>\n\n\n\n<p class=\"wp-block-paragraph\">En ese contexto, uno de estos hombres le dispara y lo mata. Luego, los agresores huyen y comienzan a ser buscados por los investigadores.<\/p>\n\n\n\n<p class=\"wp-block-paragraph\">Los pesquisas determinaron que Cristian Tro hab\u00eda tenido un problema por la venta de drogas con un polic\u00eda. Este oficial fue identificado y se reunieron pruebas que establecieron su responsabilidad en el crimen.<\/p>\n","protected":false},"excerpt":{"rendered":"<p>Un oficial de la Polic\u00eda Bonaerense fue detenido, luego de estar 10 meses pr\u00f3fugo, acusado de asesinar a un hombre en Don Orione, en el marco de un presunto ajuste de cuentas vinculado al narcomenudeo en esa zona de Almirante Brown. Fuentes de la investigaci\u00f3n informaron que el oficial pr\u00f3fugo fue detenido en la Comisar\u00eda&hellip;<\/p>\n","protected":false},"author":1,"featured_media":121034,"comment_status":"open","ping_status":"open","sticky":false,"template":"","format":"standard","meta":{"footnotes":""},"categories":[22],"tags":[2450,10129,2329,239,26145,749,5675],"class_list":["post-121033","post","type-post","status-publish","format-standard","has-post-thumbnail","hentry","category-policiales","tag-diario-el-sindical","tag-don-orione","tag-homicidio","tag-la-plata","tag-narcomenudeo","tag-policia-bonaerense","tag-tolosa"],"_links":{"self":[{"href":"https:\/\/www.elsindical.com.ar\/notas\/wp-json\/wp\/v2\/posts\/121033","targetHints":{"allow":["GET"]}}],"collection":[{"href":"https:\/\/www.elsindical.com.ar\/notas\/wp-json\/wp\/v2\/posts"}],"about":[{"href":"https:\/\/www.elsindical.com.ar\/notas\/wp-json\/wp\/v2\/types\/post"}],"author":[{"embeddable":true,"href":"https:\/\/www.elsindical.com.ar\/notas\/wp-json\/wp\/v2\/users\/1"}],"replies":[{"embeddable":true,"href":"https:\/\/www.elsindical.com.ar\/notas\/wp-json\/wp\/v2\/comments?post=121033"}],"version-history":[{"count":1,"href":"https:\/\/www.elsindical.com.ar\/notas\/wp-json\/wp\/v2\/posts\/121033\/revisions"}],"predecessor-version":[{"id":121035,"href":"https:\/\/www.elsindical.com.ar\/notas\/wp-json\/wp\/v2\/posts\/121033\/revisions\/121035"}],"wp:featuredmedia":[{"embeddable":true,"href":"https:\/\/www.elsindical.com.ar\/notas\/wp-json\/wp\/v2\/media\/121034"}],"wp:attachment":[{"href":"https:\/\/www.elsindical.com.ar\/notas\/wp-json\/wp\/v2\/media?parent=121033"}],"wp:term":[{"taxonomy":"category","embeddable":true,"href":"https:\/\/www.elsindical.com.ar\/notas\/wp-json\/wp\/v2\/categories?post=121033"},{"taxonomy":"post_tag","embeddable":true,"href":"https:\/\/www.elsindical.com.ar\/notas\/wp-json\/wp\/v2\/tags?post=121033"}],"curies":[{"name":"wp","href":"https:\/\/api.w.org\/{rel}","templated":true}]}}