{"id":120986,"date":"2023-03-08T09:32:15","date_gmt":"2023-03-08T12:32:15","guid":{"rendered":"https:\/\/www.elsindical.com.ar\/notas\/?p=120986"},"modified":"2023-03-08T09:32:16","modified_gmt":"2023-03-08T12:32:16","slug":"un-conductor-tapo-su-patente-lo-denunciaron-en-redes-y-recibio-una-infraccion","status":"publish","type":"post","link":"https:\/\/www.elsindical.com.ar\/notas\/un-conductor-tapo-su-patente-lo-denunciaron-en-redes-y-recibio-una-infraccion\/","title":{"rendered":"Un conductor tap\u00f3 su patente, lo denunciaron en redes y recibi\u00f3 una infracci\u00f3n"},"content":{"rendered":"<div class=\"wp-block-image\">\n<figure class=\"aligncenter size-full\"><a href=\"https:\/\/www.elsindical.com.ar\/notas\/var\/www\/html\/notas\/wp-content\/uploads\/2023\/03\/patente-volteada.jpg\"><img loading=\"lazy\" decoding=\"async\" width=\"797\" height=\"454\" src=\"https:\/\/www.elsindical.com.ar\/notas\/var\/www\/html\/notas\/wp-content\/uploads\/2023\/03\/patente-volteada.jpg\" alt=\"\" class=\"wp-image-120987\" srcset=\"https:\/\/www.elsindical.com.ar\/notas\/var\/www\/html\/notas\/wp-content\/uploads\/2023\/03\/patente-volteada.jpg 797w, https:\/\/www.elsindical.com.ar\/notas\/var\/www\/html\/notas\/wp-content\/uploads\/2023\/03\/patente-volteada-300x171.jpg 300w, https:\/\/www.elsindical.com.ar\/notas\/var\/www\/html\/notas\/wp-content\/uploads\/2023\/03\/patente-volteada-768x437.jpg 768w, https:\/\/www.elsindical.com.ar\/notas\/var\/www\/html\/notas\/wp-content\/uploads\/2023\/03\/patente-volteada-500x285.jpg 500w, https:\/\/www.elsindical.com.ar\/notas\/var\/www\/html\/notas\/wp-content\/uploads\/2023\/03\/patente-volteada-220x126.jpg 220w\" sizes=\"auto, (max-width: 797px) 100vw, 797px\" \/><\/a><\/figure>\n<\/div>\n\n\n<p>La Agencia de Seguridad Vial (ANSV) decidi\u00f3 suspender la licencia de conducir del infractor que circulaba por la autopista Riccheri. Tendr\u00e1 que realizar un nuevo examen para demostrar su aptitud al volante.<\/p>\n\n\n\n<p><strong>Un conductor fue denunciado por las redes sociales por tapar la patente de su veh\u00edculo<\/strong>, luego fue detectado e <strong>infraccionado por la Agencia Nacional de Seguridad Vial<\/strong> (ANSV), informaron este martes.<\/p>\n\n\n\n<p>La <strong>ANSV<\/strong>, organismo del Ministerio de Transporte, <strong>suspendi\u00f3 la licencia de conducir del conductor <\/strong>que <strong>circulaba por la autopista Riccheri<\/strong>,<strong> con la placa de dominio dada vuelta<\/strong> para lograr no ser identificado.<\/p>\n\n\n\n<p>El director ejecutivo de la ANSV, Pablo Mart\u00ednez Carignano, expres\u00f3:<strong> \u00abEste conductor pens\u00f3 que con su &#8216;ingenioso&#8217; sistema iba a poder transgredir las normas y no pagar las consecuencias.<\/strong> Este caso demuestra que la gente se cans\u00f3 de estas mal llamadas &#8216;vivezas&#8217; y cada vez son m\u00e1s las personas que hacen llegar sus im\u00e1genes a nuestro canal de denuncias\u00bb.<\/p>\n\n\n\n<p>Al respecto, el ministro de Transporte bonaerense, Jorge D`Onofrio detall\u00f3 que <strong>\u00abtenemos que terminar con las actitudes irresponsables que lo \u00fanico que hacen es generar peligro. <\/strong>El cambio cultural por el cual trabajamos d\u00eda a d\u00eda busca ciudadanas y ciudadanos que valoren la importancia de respetar las reglas al conducir\u00bb.<\/p>\n\n\n\n<p>En cuanto al conductor \u00abtapa patente\u00bb se sabe que tiene licencia radicada en Quilmes y fue suspendido por una decisi\u00f3n conjunta de la ANSV y el Ministerio de Transporte de Buenos Aires. <strong>Ahora tendr\u00e1 que realizar un nuevo examen para demostrar su aptitud al volante.<\/strong><\/p>\n\n\n\n<h2 class=\"wp-block-heading\"><strong>Violencia Vial<\/strong><\/h2>\n\n\n\n<p>Para denunciar hechos de violencia vial,<strong> la ANSV habilit\u00f3 la l\u00ednea de WhatsApp 011-6207-0590<\/strong>, donde las y los ciudadanos pueden realizar su denuncia enviando el material que graben identificando al responsable.<\/p>\n\n\n\n<p>Tambi\u00e9n pueden hacerlo a trav\u00e9s de las redes sociales de la ANSV -InfoSegVial- y\/o por correo electr\u00f3nico: <strong><a href=\"mailto:comunicacion@seguridadvial.gob.ar\">comunicacion@seguridadvial.gob.ar<\/a>.<\/strong><\/p>\n","protected":false},"excerpt":{"rendered":"<p>La Agencia de Seguridad Vial (ANSV) decidi\u00f3 suspender la licencia de conducir del infractor que circulaba por la autopista Riccheri. Tendr\u00e1 que realizar un nuevo examen para demostrar su aptitud al volante. Un conductor fue denunciado por las redes sociales por tapar la patente de su veh\u00edculo, luego fue detectado e infraccionado por la Agencia&hellip;<\/p>\n","protected":false},"author":1,"featured_media":120987,"comment_status":"open","ping_status":"open","sticky":false,"template":"","format":"standard","meta":{"footnotes":""},"categories":[6],"tags":[36069,22585,175,2450,2057,684],"class_list":["post-120986","post","type-post","status-publish","format-standard","has-post-thumbnail","hentry","category-denuncias","tag-ansv","tag-autopista-riccheri","tag-denuncia","tag-diario-el-sindical","tag-infraccion","tag-quilmes"],"_links":{"self":[{"href":"https:\/\/www.elsindical.com.ar\/notas\/wp-json\/wp\/v2\/posts\/120986","targetHints":{"allow":["GET"]}}],"collection":[{"href":"https:\/\/www.elsindical.com.ar\/notas\/wp-json\/wp\/v2\/posts"}],"about":[{"href":"https:\/\/www.elsindical.com.ar\/notas\/wp-json\/wp\/v2\/types\/post"}],"author":[{"embeddable":true,"href":"https:\/\/www.elsindical.com.ar\/notas\/wp-json\/wp\/v2\/users\/1"}],"replies":[{"embeddable":true,"href":"https:\/\/www.elsindical.com.ar\/notas\/wp-json\/wp\/v2\/comments?post=120986"}],"version-history":[{"count":1,"href":"https:\/\/www.elsindical.com.ar\/notas\/wp-json\/wp\/v2\/posts\/120986\/revisions"}],"predecessor-version":[{"id":120988,"href":"https:\/\/www.elsindical.com.ar\/notas\/wp-json\/wp\/v2\/posts\/120986\/revisions\/120988"}],"wp:featuredmedia":[{"embeddable":true,"href":"https:\/\/www.elsindical.com.ar\/notas\/wp-json\/wp\/v2\/media\/120987"}],"wp:attachment":[{"href":"https:\/\/www.elsindical.com.ar\/notas\/wp-json\/wp\/v2\/media?parent=120986"}],"wp:term":[{"taxonomy":"category","embeddable":true,"href":"https:\/\/www.elsindical.com.ar\/notas\/wp-json\/wp\/v2\/categories?post=120986"},{"taxonomy":"post_tag","embeddable":true,"href":"https:\/\/www.elsindical.com.ar\/notas\/wp-json\/wp\/v2\/tags?post=120986"}],"curies":[{"name":"wp","href":"https:\/\/api.w.org\/{rel}","templated":true}]}}