{"id":120980,"date":"2023-03-07T09:29:42","date_gmt":"2023-03-07T12:29:42","guid":{"rendered":"https:\/\/www.elsindical.com.ar\/notas\/?p=120980"},"modified":"2023-03-07T09:29:43","modified_gmt":"2023-03-07T12:29:43","slug":"hernan-doval-aumentos-a-la-gorra-y-los-mismos-vicios-en-el-2023","status":"publish","type":"post","link":"https:\/\/www.elsindical.com.ar\/notas\/hernan-doval-aumentos-a-la-gorra-y-los-mismos-vicios-en-el-2023\/","title":{"rendered":"Hern\u00e1n Doval, aumentos a la gorra y los mismos vicios en el 2023"},"content":{"rendered":"<div class=\"wp-block-image\">\n<figure class=\"aligncenter size-full\"><a href=\"https:\/\/www.elsindical.com.ar\/notas\/var\/www\/html\/notas\/wp-content\/uploads\/2023\/03\/Ferraresi-y-Doval.jpg\"><img loading=\"lazy\" decoding=\"async\" width=\"790\" height=\"540\" src=\"https:\/\/www.elsindical.com.ar\/notas\/var\/www\/html\/notas\/wp-content\/uploads\/2023\/03\/Ferraresi-y-Doval.jpg\" alt=\"\" class=\"wp-image-120981\" srcset=\"https:\/\/www.elsindical.com.ar\/notas\/var\/www\/html\/notas\/wp-content\/uploads\/2023\/03\/Ferraresi-y-Doval.jpg 790w, https:\/\/www.elsindical.com.ar\/notas\/var\/www\/html\/notas\/wp-content\/uploads\/2023\/03\/Ferraresi-y-Doval-300x205.jpg 300w, https:\/\/www.elsindical.com.ar\/notas\/var\/www\/html\/notas\/wp-content\/uploads\/2023\/03\/Ferraresi-y-Doval-768x525.jpg 768w, https:\/\/www.elsindical.com.ar\/notas\/var\/www\/html\/notas\/wp-content\/uploads\/2023\/03\/Ferraresi-y-Doval-439x300.jpg 439w\" sizes=\"auto, (max-width: 790px) 100vw, 790px\" \/><\/a><\/figure>\n<\/div>\n\n\n<p>   Y la sonrisa de Hern\u00e1n Doval en la foto junto al intendente Jorge Ferraresi lo resume todo, dur\u00f3 poco su ficticia posici\u00f3n dura con el intendente en defensa de los trabajadores municipales, con unas viviendas para que Doval las entregue a sus laderos del STMA, alcanz\u00f3 para que vuelve el perro arrepentido.<\/p>\n\n\n\n<p>De mostrar los dientes con declaraciones y denuncias, ahora muestra los dientes pero de alegr\u00eda, as\u00ed, Doval es como esos cachorros que buscan una mano amiga que lo contenga, un a\u00f1o de alegr\u00edas para el sindicalista por un lado Rub\u00e9n el Cholo Garc\u00eda lo deja al frente de uno de sus \u00abkioscos\u00bb la CTM Confederaci\u00f3n de Trabajadores Municipales y ampl\u00eda la caja para Hern\u00e1n Doval y por el otro Ferraresi le sube las comisiones que perciben por los sueldos municipales.<\/p>\n\n\n\n<p>El comunicado de los impresentables: <\/p>\n\n\n\n<p><strong>AUMENTO DE SUELDO PRIMER SEMESTRE 40% (Marzo 15% &#8211; Mayo 12,5% &#8211; Julio 12,5%)<\/strong><\/p>\n\n\n\n<p><strong>Nuestro Secretario General Hern\u00e1n Doval estuvo reunido con el Intendente Jorge Ferraresi hablando del aumento de sueldo para el Primer Semestre.<\/strong><\/p>\n\n\n\n<p>Y dicen bien, no existi\u00f3 una negociaci\u00f3n defendiendo el bolsillo de los trabajadores, hubo una reuni\u00f3n para una foto que les sirva a ambos y de paso , enviar un claro mensaje, si sos empleado municipal, EST\u00c1S SOLO, se acab\u00f3 el Doval combativo, con los bolsillos m\u00e1s grandes, su felicidad lo dice todo.<\/p>\n\n\n\n<p><\/p>\n\n\n\n<p>Por Marcelo Ricardo Hawrylciw<\/p>\n","protected":false},"excerpt":{"rendered":"<p>Y la sonrisa de Hern\u00e1n Doval en la foto junto al intendente Jorge Ferraresi lo resume todo, dur\u00f3 poco su ficticia posici\u00f3n dura con el intendente en defensa de los trabajadores municipales, con unas viviendas para que Doval las entregue a sus laderos del STMA, alcanz\u00f3 para que vuelve el perro arrepentido. De mostrar los&hellip;<\/p>\n","protected":false},"author":1,"featured_media":120981,"comment_status":"open","ping_status":"open","sticky":false,"template":"","format":"standard","meta":{"footnotes":""},"categories":[10],"tags":[1754,461,3455,4057,22020,2450,22023,17286,1062,3141,75,2705],"class_list":["post-120980","post","type-post","status-publish","format-standard","has-post-thumbnail","hentry","category-editorial","tag-aumentos","tag-avellaneda","tag-caja","tag-ctm","tag-denuncias","tag-diario-el-sindical","tag-economia","tag-hernan-doval","tag-jorge-ferraresi","tag-stma","tag-sueldos","tag-viviendas"],"_links":{"self":[{"href":"https:\/\/www.elsindical.com.ar\/notas\/wp-json\/wp\/v2\/posts\/120980","targetHints":{"allow":["GET"]}}],"collection":[{"href":"https:\/\/www.elsindical.com.ar\/notas\/wp-json\/wp\/v2\/posts"}],"about":[{"href":"https:\/\/www.elsindical.com.ar\/notas\/wp-json\/wp\/v2\/types\/post"}],"author":[{"embeddable":true,"href":"https:\/\/www.elsindical.com.ar\/notas\/wp-json\/wp\/v2\/users\/1"}],"replies":[{"embeddable":true,"href":"https:\/\/www.elsindical.com.ar\/notas\/wp-json\/wp\/v2\/comments?post=120980"}],"version-history":[{"count":1,"href":"https:\/\/www.elsindical.com.ar\/notas\/wp-json\/wp\/v2\/posts\/120980\/revisions"}],"predecessor-version":[{"id":120982,"href":"https:\/\/www.elsindical.com.ar\/notas\/wp-json\/wp\/v2\/posts\/120980\/revisions\/120982"}],"wp:featuredmedia":[{"embeddable":true,"href":"https:\/\/www.elsindical.com.ar\/notas\/wp-json\/wp\/v2\/media\/120981"}],"wp:attachment":[{"href":"https:\/\/www.elsindical.com.ar\/notas\/wp-json\/wp\/v2\/media?parent=120980"}],"wp:term":[{"taxonomy":"category","embeddable":true,"href":"https:\/\/www.elsindical.com.ar\/notas\/wp-json\/wp\/v2\/categories?post=120980"},{"taxonomy":"post_tag","embeddable":true,"href":"https:\/\/www.elsindical.com.ar\/notas\/wp-json\/wp\/v2\/tags?post=120980"}],"curies":[{"name":"wp","href":"https:\/\/api.w.org\/{rel}","templated":true}]}}