{"id":120971,"date":"2023-03-07T01:56:59","date_gmt":"2023-03-07T04:56:59","guid":{"rendered":"https:\/\/www.elsindical.com.ar\/notas\/?p=120971"},"modified":"2023-03-07T02:10:39","modified_gmt":"2023-03-07T05:10:39","slug":"jose-c-paz-tiraron-a-ulises-bueno-del-escenario-y-le-robaron-sus-pertenencias-en-pleno-show","status":"publish","type":"post","link":"https:\/\/www.elsindical.com.ar\/notas\/jose-c-paz-tiraron-a-ulises-bueno-del-escenario-y-le-robaron-sus-pertenencias-en-pleno-show\/","title":{"rendered":"Jos\u00e9 C. Paz: Tiraron a Ulises Bueno del escenario y le robaron sus pertenencias en pleno show"},"content":{"rendered":"<div class=\"wp-block-image\">\n<figure class=\"aligncenter size-full\"><a href=\"https:\/\/www.elsindical.com.ar\/notas\/var\/www\/html\/notas\/wp-content\/uploads\/2023\/03\/El-Tornado.jpg\"><img loading=\"lazy\" decoding=\"async\" width=\"960\" height=\"720\" src=\"https:\/\/www.elsindical.com.ar\/notas\/var\/www\/html\/notas\/wp-content\/uploads\/2023\/03\/El-Tornado.jpg\" alt=\"\" class=\"wp-image-120974\" srcset=\"https:\/\/www.elsindical.com.ar\/notas\/var\/www\/html\/notas\/wp-content\/uploads\/2023\/03\/El-Tornado.jpg 960w, https:\/\/www.elsindical.com.ar\/notas\/var\/www\/html\/notas\/wp-content\/uploads\/2023\/03\/El-Tornado-300x225.jpg 300w, https:\/\/www.elsindical.com.ar\/notas\/var\/www\/html\/notas\/wp-content\/uploads\/2023\/03\/El-Tornado-768x576.jpg 768w, https:\/\/www.elsindical.com.ar\/notas\/var\/www\/html\/notas\/wp-content\/uploads\/2023\/03\/El-Tornado-400x300.jpg 400w\" sizes=\"auto, (max-width: 960px) 100vw, 960px\" \/><\/a><\/figure>\n<\/div>\n\n\n<p>El cantante de cuarteto vivi\u00f3 un episodio muy tenso. En los videos se lo escucha gritar desesperado mientras estaba entre la gente.<\/p>\n\n\n\n<p>Este fin de semana, <strong>Ulises Bueno sufri\u00f3 un dram\u00e1tico episodio<\/strong> en un show que brind\u00f3 en un boliche de Jos\u00e9 C. Paz mientras estaba en el escenario: <strong>lo tiraron y le robaron sus pertenencias.<\/strong><\/p>\n\n\n<div class=\"wp-block-image\">\n<figure class=\"aligncenter size-full\"><a href=\"https:\/\/www.elsindical.com.ar\/notas\/var\/www\/html\/notas\/wp-content\/uploads\/2023\/03\/Ulises-Bueno-show.jpg\"><img loading=\"lazy\" decoding=\"async\" width=\"900\" height=\"511\" src=\"https:\/\/www.elsindical.com.ar\/notas\/var\/www\/html\/notas\/wp-content\/uploads\/2023\/03\/Ulises-Bueno-show.jpg\" alt=\"\" class=\"wp-image-120972\" srcset=\"https:\/\/www.elsindical.com.ar\/notas\/var\/www\/html\/notas\/wp-content\/uploads\/2023\/03\/Ulises-Bueno-show.jpg 900w, https:\/\/www.elsindical.com.ar\/notas\/var\/www\/html\/notas\/wp-content\/uploads\/2023\/03\/Ulises-Bueno-show-300x170.jpg 300w, https:\/\/www.elsindical.com.ar\/notas\/var\/www\/html\/notas\/wp-content\/uploads\/2023\/03\/Ulises-Bueno-show-768x436.jpg 768w, https:\/\/www.elsindical.com.ar\/notas\/var\/www\/html\/notas\/wp-content\/uploads\/2023\/03\/Ulises-Bueno-show-500x284.jpg 500w, https:\/\/www.elsindical.com.ar\/notas\/var\/www\/html\/notas\/wp-content\/uploads\/2023\/03\/Ulises-Bueno-show-220x126.jpg 220w, https:\/\/www.elsindical.com.ar\/notas\/var\/www\/html\/notas\/wp-content\/uploads\/2023\/03\/Ulises-Bueno-show-460x260.jpg 460w\" sizes=\"auto, (max-width: 900px) 100vw, 900px\" \/><\/a><\/figure>\n<\/div>\n\n\n<p>Seg\u00fan se supo, el artista quiso saludar a una fan\u00e1tica que le estaba mostrando su celular y en ese momento <strong>lo agarraron y lo arrojaron hacia la platea<\/strong>, donde&nbsp;todas las personas lo rodearon.<\/p>\n\n\n\n<p>El tenso momento\u00a0fue por pocos minutos, pero en las im\u00e1genes que se viralizaron se lo not\u00f3 <strong>desesperado y gritando<\/strong> mientras algunos sujetos <strong>aprovechaban para robarle<\/strong> sus cadenas y una gorra.<\/p>\n\n\n\n<figure class=\"wp-block-embed is-type-video is-provider-youtube wp-block-embed-youtube wp-embed-aspect-4-3 wp-has-aspect-ratio\"><div class=\"wp-block-embed__wrapper\">\n<iframe loading=\"lazy\" title=\"El Tornado robaron a Ulises Bueno en pleno show\" width=\"700\" height=\"525\" src=\"https:\/\/www.youtube.com\/embed\/NJsWUA7sa88?feature=oembed\" frameborder=\"0\" allow=\"accelerometer; autoplay; clipboard-write; encrypted-media; gyroscope; picture-in-picture; web-share\" allowfullscreen><\/iframe>\n<\/div><\/figure>\n\n\n\n<p><em><strong>Tiraron a Ulises Bueno del escenario y le robaron sus pertenencias. Video: TikTok\/gastonmartinezeltonga.<\/strong><\/em><\/p>\n\n\n\n<p>El episodio fue en el boliche Tornado, ubicado en la localidad bonaerense de Jos\u00e9 C. Paz. \u00ab<strong>\u00a1Par\u00e1 loco par\u00e1!<\/strong>. \u00bfYo les hice algo a ustedes?. \u00bfPor qu\u00e9 me tratan as\u00ed?\u00bb, se lo escucha decir a Ulises Bueno mientras el personal de seguridad trataba de ayudarlo.<\/p>\n\n\n\n<p>Sin embargo, horas m\u00e1s tarde, el cantante de cuarteto <strong>le agradeci\u00f3 a sus seguidores por haber asistido al show.<\/strong> Hasta el momento no hubo comunicado ni desde el boliche ni desde el entorno del cantante.<\/p>\n","protected":false},"excerpt":{"rendered":"<p>El cantante de cuarteto vivi\u00f3 un episodio muy tenso. En los videos se lo escucha gritar desesperado mientras estaba entre la gente. Este fin de semana, Ulises Bueno sufri\u00f3 un dram\u00e1tico episodio en un show que brind\u00f3 en un boliche de Jos\u00e9 C. Paz mientras estaba en el escenario: lo tiraron y le robaron sus&hellip;<\/p>\n","protected":false},"author":1,"featured_media":120974,"comment_status":"open","ping_status":"open","sticky":false,"template":"","format":"standard","meta":{"footnotes":""},"categories":[15],"tags":[2450,1951,116,2532,39712],"class_list":["post-120971","post","type-post","status-publish","format-standard","has-post-thumbnail","hentry","category-espectaculos","tag-diario-el-sindical","tag-jose-c-paz","tag-robo","tag-show","tag-ulises-bueno"],"_links":{"self":[{"href":"https:\/\/www.elsindical.com.ar\/notas\/wp-json\/wp\/v2\/posts\/120971","targetHints":{"allow":["GET"]}}],"collection":[{"href":"https:\/\/www.elsindical.com.ar\/notas\/wp-json\/wp\/v2\/posts"}],"about":[{"href":"https:\/\/www.elsindical.com.ar\/notas\/wp-json\/wp\/v2\/types\/post"}],"author":[{"embeddable":true,"href":"https:\/\/www.elsindical.com.ar\/notas\/wp-json\/wp\/v2\/users\/1"}],"replies":[{"embeddable":true,"href":"https:\/\/www.elsindical.com.ar\/notas\/wp-json\/wp\/v2\/comments?post=120971"}],"version-history":[{"count":3,"href":"https:\/\/www.elsindical.com.ar\/notas\/wp-json\/wp\/v2\/posts\/120971\/revisions"}],"predecessor-version":[{"id":120977,"href":"https:\/\/www.elsindical.com.ar\/notas\/wp-json\/wp\/v2\/posts\/120971\/revisions\/120977"}],"wp:featuredmedia":[{"embeddable":true,"href":"https:\/\/www.elsindical.com.ar\/notas\/wp-json\/wp\/v2\/media\/120974"}],"wp:attachment":[{"href":"https:\/\/www.elsindical.com.ar\/notas\/wp-json\/wp\/v2\/media?parent=120971"}],"wp:term":[{"taxonomy":"category","embeddable":true,"href":"https:\/\/www.elsindical.com.ar\/notas\/wp-json\/wp\/v2\/categories?post=120971"},{"taxonomy":"post_tag","embeddable":true,"href":"https:\/\/www.elsindical.com.ar\/notas\/wp-json\/wp\/v2\/tags?post=120971"}],"curies":[{"name":"wp","href":"https:\/\/api.w.org\/{rel}","templated":true}]}}