{"id":120966,"date":"2023-03-07T00:59:26","date_gmt":"2023-03-07T03:59:26","guid":{"rendered":"https:\/\/www.elsindical.com.ar\/notas\/?p=120966"},"modified":"2023-03-07T00:59:27","modified_gmt":"2023-03-07T03:59:27","slug":"rige-el-aumento-salarial-para-el-personal-domestico","status":"publish","type":"post","link":"https:\/\/www.elsindical.com.ar\/notas\/rige-el-aumento-salarial-para-el-personal-domestico\/","title":{"rendered":"Rige el aumento salarial para el personal dom\u00e9stico"},"content":{"rendered":"\n<figure class=\"wp-block-image size-full\"><a href=\"https:\/\/www.elsindical.com.ar\/notas\/var\/www\/html\/notas\/wp-content\/uploads\/2019\/04\/personal-dom\u00e9stico.jpg\"><img loading=\"lazy\" decoding=\"async\" width=\"800\" height=\"450\" src=\"https:\/\/www.elsindical.com.ar\/notas\/var\/www\/html\/notas\/wp-content\/uploads\/2019\/04\/personal-dom\u00e9stico.jpg\" alt=\"\" class=\"wp-image-86217\" srcset=\"https:\/\/www.elsindical.com.ar\/notas\/var\/www\/html\/notas\/wp-content\/uploads\/2019\/04\/personal-dom\u00e9stico.jpg 800w, https:\/\/www.elsindical.com.ar\/notas\/var\/www\/html\/notas\/wp-content\/uploads\/2019\/04\/personal-dom\u00e9stico-300x169.jpg 300w, https:\/\/www.elsindical.com.ar\/notas\/var\/www\/html\/notas\/wp-content\/uploads\/2019\/04\/personal-dom\u00e9stico-768x432.jpg 768w, https:\/\/www.elsindical.com.ar\/notas\/var\/www\/html\/notas\/wp-content\/uploads\/2019\/04\/personal-dom\u00e9stico-500x281.jpg 500w, https:\/\/www.elsindical.com.ar\/notas\/var\/www\/html\/notas\/wp-content\/uploads\/2019\/04\/personal-dom\u00e9stico-460x260.jpg 460w\" sizes=\"auto, (max-width: 800px) 100vw, 800px\" \/><\/a><\/figure>\n\n\n\n<p>En febrero, el Gobierno relanz\u00f3 el programa Registradas, que permite regularizar la situaci\u00f3n del personal de la actividad dom\u00e9stica.<\/p>\n\n\n\n<p>Las personas que trabajan en el servicio dom\u00e9stico y est\u00e1n registradas percibir\u00e1n este mes <strong>un aumento salarial del 4%, <\/strong>que constituye el \u00faltimo ajuste pautado a fines de 2022.<\/p>\n\n\n\n<p>As\u00ed, durante diciembre y el primer trimestre del a\u00f1o los empleados del sector percibieron un incremento acumulado del 24%, seg\u00fan <strong>el acuerdo al que se lleg\u00f3 en el marco de la Comisi\u00f3n Nacional de Trabajo en Casas Particulares.<\/strong><\/p>\n\n\n\n<p>El ajuste salarial se concret\u00f3 por etapas: diciembre, <strong>8%; enero, 7%; febrero, 5% y marzo, 4%.<\/strong><\/p>\n\n\n\n<p>En consecuencia, desde este mes los ingresos por categor\u00eda son los siguientes:<\/p>\n\n\n\n<ul class=\"wp-block-list\">\n<li><strong>Supervisora<\/strong>: $92.099 por mes con retiro y $102.588 por mes sin retiro.<\/li>\n\n\n\n<li><strong>Personal para tareas espec\u00edficas<\/strong>: $85.565 con retiro y $95.248,50 sin retiro.<\/li>\n\n\n\n<li><strong>Caseros<\/strong>: $83.482,50 con retiro y $83.482,50 sin retiro.<\/li>\n\n\n\n<li><strong>Cuidado de personas<\/strong>: $83.482,50 con retiro y $93.032,50 sin retiro.<\/li>\n\n\n\n<li><strong>Personal para tareas generales<\/strong>: $75.075 con retiro y $83.482,50 sin retiro.<\/li>\n<\/ul>\n\n\n\n<p>Adem\u00e1s, se aplica <strong>un adicional por zona desfavorable equivalente al 30% sobre los salarios m\u00ednimos <\/strong>establecidos para cada una de las categor\u00edas, para el personal que preste tareas en las provincias de La Pampa, Rio Negro, Chubut, Neuqu\u00e9n, Santa Cruz, Tierra del Fuego o en el partido de Patagones de la Provincia de Buenos Aires.<\/p>\n\n\n\n<p>En febrero, el Gobierno <strong>relanz\u00f3 el programa Registradas, que permite regularizar la situaci\u00f3n del personal de la actividad dom\u00e9stica<\/strong>: el Estado cubre el 50% del salario durante seis meses en el caso de empleadores con ingresos menores al m\u00ednimo no imponible del Impuesto a las Ganancias.<\/p>\n","protected":false},"excerpt":{"rendered":"<p>En febrero, el Gobierno relanz\u00f3 el programa Registradas, que permite regularizar la situaci\u00f3n del personal de la actividad dom\u00e9stica. Las personas que trabajan en el servicio dom\u00e9stico y est\u00e1n registradas percibir\u00e1n este mes un aumento salarial del 4%, que constituye el \u00faltimo ajuste pautado a fines de 2022. As\u00ed, durante diciembre y el primer trimestre&hellip;<\/p>\n","protected":false},"author":1,"featured_media":86217,"comment_status":"open","ping_status":"open","sticky":false,"template":"","format":"standard","meta":{"footnotes":""},"categories":[9],"tags":[3221,30705,39711,2450,3367],"class_list":["post-120966","post","type-post","status-publish","format-standard","has-post-thumbnail","hentry","category-economia","tag-aumento-salarial","tag-casas-particulares","tag-comision-nacional-de-trabajo","tag-diario-el-sindical","tag-personal-domestico"],"_links":{"self":[{"href":"https:\/\/www.elsindical.com.ar\/notas\/wp-json\/wp\/v2\/posts\/120966","targetHints":{"allow":["GET"]}}],"collection":[{"href":"https:\/\/www.elsindical.com.ar\/notas\/wp-json\/wp\/v2\/posts"}],"about":[{"href":"https:\/\/www.elsindical.com.ar\/notas\/wp-json\/wp\/v2\/types\/post"}],"author":[{"embeddable":true,"href":"https:\/\/www.elsindical.com.ar\/notas\/wp-json\/wp\/v2\/users\/1"}],"replies":[{"embeddable":true,"href":"https:\/\/www.elsindical.com.ar\/notas\/wp-json\/wp\/v2\/comments?post=120966"}],"version-history":[{"count":1,"href":"https:\/\/www.elsindical.com.ar\/notas\/wp-json\/wp\/v2\/posts\/120966\/revisions"}],"predecessor-version":[{"id":120967,"href":"https:\/\/www.elsindical.com.ar\/notas\/wp-json\/wp\/v2\/posts\/120966\/revisions\/120967"}],"wp:featuredmedia":[{"embeddable":true,"href":"https:\/\/www.elsindical.com.ar\/notas\/wp-json\/wp\/v2\/media\/86217"}],"wp:attachment":[{"href":"https:\/\/www.elsindical.com.ar\/notas\/wp-json\/wp\/v2\/media?parent=120966"}],"wp:term":[{"taxonomy":"category","embeddable":true,"href":"https:\/\/www.elsindical.com.ar\/notas\/wp-json\/wp\/v2\/categories?post=120966"},{"taxonomy":"post_tag","embeddable":true,"href":"https:\/\/www.elsindical.com.ar\/notas\/wp-json\/wp\/v2\/tags?post=120966"}],"curies":[{"name":"wp","href":"https:\/\/api.w.org\/{rel}","templated":true}]}}