{"id":120908,"date":"2023-03-04T14:24:59","date_gmt":"2023-03-04T17:24:59","guid":{"rendered":"https:\/\/www.elsindical.com.ar\/notas\/?p=120908"},"modified":"2023-03-04T14:55:59","modified_gmt":"2023-03-04T17:55:59","slug":"horacio-rodriguez-larreta-y-su-ridicula-campana-politica","status":"publish","type":"post","link":"https:\/\/www.elsindical.com.ar\/notas\/horacio-rodriguez-larreta-y-su-ridicula-campana-politica\/","title":{"rendered":"Horacio Rodr\u00edguez Larreta y su rid\u00edcula campa\u00f1a pol\u00edtica"},"content":{"rendered":"\n<figure class=\"wp-block-image size-large\"><a href=\"https:\/\/www.elsindical.com.ar\/notas\/var\/www\/html\/notas\/wp-content\/uploads\/2023\/03\/Larreta-y-Burzaco.jpg\"><img loading=\"lazy\" decoding=\"async\" width=\"1024\" height=\"683\" src=\"https:\/\/www.elsindical.com.ar\/notas\/var\/www\/html\/notas\/wp-content\/uploads\/2023\/03\/Larreta-y-Burzaco-1024x683.jpg\" alt=\"\" class=\"wp-image-120909\" srcset=\"https:\/\/www.elsindical.com.ar\/notas\/var\/www\/html\/notas\/wp-content\/uploads\/2023\/03\/Larreta-y-Burzaco-1024x683.jpg 1024w, https:\/\/www.elsindical.com.ar\/notas\/var\/www\/html\/notas\/wp-content\/uploads\/2023\/03\/Larreta-y-Burzaco-300x200.jpg 300w, https:\/\/www.elsindical.com.ar\/notas\/var\/www\/html\/notas\/wp-content\/uploads\/2023\/03\/Larreta-y-Burzaco-768x512.jpg 768w, https:\/\/www.elsindical.com.ar\/notas\/var\/www\/html\/notas\/wp-content\/uploads\/2023\/03\/Larreta-y-Burzaco-450x300.jpg 450w, https:\/\/www.elsindical.com.ar\/notas\/var\/www\/html\/notas\/wp-content\/uploads\/2023\/03\/Larreta-y-Burzaco-1536x1025.jpg 1536w, https:\/\/www.elsindical.com.ar\/notas\/var\/www\/html\/notas\/wp-content\/uploads\/2023\/03\/Larreta-y-Burzaco.jpg 2048w\" sizes=\"auto, (max-width: 1024px) 100vw, 1024px\" \/><\/a><\/figure>\n\n\n\n<p class=\"wp-block-paragraph\">   Si bien los pol\u00edticos argentinos son una fuente inagotable de memes, para desgracia de los ciudadanos que esperamos una Argentina mejor, no hay dudas que estamos gobernados por perversos y mentirosos que se burlan en la cara de sus votantes, tanto el oficialismo actual como la \u00aboposici\u00f3n\u00bb que critica en p\u00fablico y se asocian para los negocios, all\u00ed no son distintos y son lo mismo.<\/p>\n\n\n\n<p class=\"wp-block-paragraph\">La situaci\u00f3n del narcotr\u00e1fico en Rosario se ha transformado en el \u00abcaballito\u00bb de batalla preferido por los pol\u00edticos, todos opinando pavadas y realizando tristes puestas en escena que generan debates a\u00fan m\u00e1s rid\u00edculos en las redes sociales, donde de un lado y otro opinan sin saber y se dejan manipular mansamente.<\/p>\n\n\n<div class=\"wp-block-image\">\n<figure class=\"aligncenter size-large\"><a href=\"https:\/\/www.elsindical.com.ar\/notas\/var\/www\/html\/notas\/wp-content\/uploads\/2023\/03\/Pelado-y-Granata.jpg\"><img loading=\"lazy\" decoding=\"async\" width=\"717\" height=\"1024\" src=\"https:\/\/www.elsindical.com.ar\/notas\/var\/www\/html\/notas\/wp-content\/uploads\/2023\/03\/Pelado-y-Granata-717x1024.jpg\" alt=\"\" class=\"wp-image-120911\" srcset=\"https:\/\/www.elsindical.com.ar\/notas\/var\/www\/html\/notas\/wp-content\/uploads\/2023\/03\/Pelado-y-Granata-717x1024.jpg 717w, https:\/\/www.elsindical.com.ar\/notas\/var\/www\/html\/notas\/wp-content\/uploads\/2023\/03\/Pelado-y-Granata-210x300.jpg 210w, https:\/\/www.elsindical.com.ar\/notas\/var\/www\/html\/notas\/wp-content\/uploads\/2023\/03\/Pelado-y-Granata.jpg 720w\" sizes=\"auto, (max-width: 717px) 100vw, 717px\" \/><\/a><\/figure>\n<\/div>\n\n\n<p class=\"wp-block-paragraph\">Cuando cre\u00eda que la m\u00e1s rid\u00edcula y mentirosa era<strong> Amalia Granata<\/strong> y el \u00abpelado\u00bb <strong>Esteban Trebuc<\/strong> que va en ca\u00edda libre como periodista, al filmarse con dos chalecos de transporte que simulaban ser chalecos antibalas cosa que afirmaba Amalia en la nota, lo que hace pensar que poco puede aportar sobre seguridad alguien que no sabe ni lo que tiene puesto, as\u00ed de rid\u00edcula est\u00e1 nuestra pol\u00edtica.<\/p>\n\n\n\n<p class=\"wp-block-paragraph\">Ahora <strong>Larreta<\/strong> solito publica un comunicado en redes donde dice NO EST\u00c1N SOLOS y sube una serie de fotos de la reuni\u00f3n con el intendente de Rosario <strong>Pablo Javkin<\/strong> a quien los mafiosos se\u00f1alaron como <strong>\u00abintendente narco\u00bb <\/strong>en la amenaza al supermercado de la familia de <strong>Antonella Ruccuzzo<\/strong>, esposa de <strong>Lionel Messi<\/strong>, lo que deton\u00f3 una reacci\u00f3n de todo el arco pol\u00edtico, de una forma espasm\u00f3dica pero sin nada en concreto.<\/p>\n\n\n<div class=\"wp-block-image\">\n<figure class=\"aligncenter size-full\"><a href=\"https:\/\/www.elsindical.com.ar\/notas\/var\/www\/html\/notas\/wp-content\/uploads\/2023\/03\/Larreta-y-Javkin.jpg\"><img loading=\"lazy\" decoding=\"async\" width=\"673\" height=\"726\" src=\"https:\/\/www.elsindical.com.ar\/notas\/var\/www\/html\/notas\/wp-content\/uploads\/2023\/03\/Larreta-y-Javkin.jpg\" alt=\"\" class=\"wp-image-120910\" srcset=\"https:\/\/www.elsindical.com.ar\/notas\/var\/www\/html\/notas\/wp-content\/uploads\/2023\/03\/Larreta-y-Javkin.jpg 673w, https:\/\/www.elsindical.com.ar\/notas\/var\/www\/html\/notas\/wp-content\/uploads\/2023\/03\/Larreta-y-Javkin-278x300.jpg 278w\" sizes=\"auto, (max-width: 673px) 100vw, 673px\" \/><\/a><\/figure>\n<\/div>\n\n\n<p class=\"wp-block-paragraph\">La frase que rescato del comunicado de<strong> Horacio Rodr\u00edguez Larreta<\/strong> y que lo expone como un s\u00ednico o un psic\u00f3pata es la siguiente: <strong><em>El narco no va a ganar. Tampoco las mafias ni el crimen organizado. Rosario va a dejar de ser una ciudad peligrosa y la gente va a vivir tranquila, libre y sin miedo.<\/em><\/strong><\/p>\n\n\n\n<p class=\"wp-block-paragraph\">Una cuidada frase, con asesores y oportunismo pol\u00edtico, pero que se cae sola por decisi\u00f3n, MALA, del propio Larreta porque lleg\u00f3 a brindar su apoyo contra las MAFIAS y el crimen organizado, junto a Eugenio Burzaco, ex segundo de <strong>Patricia Bullrich<\/strong> y el primer jefe de la Polic\u00eda Metropolitana hoy Polic\u00eda de la Ciudad que debi\u00f3 renunciar, cuando siendo uno de los m\u00e1ximos referentes de la seguridad y la mano dura, qued\u00f3 involucrado en la investigaci\u00f3n del <strong>FBI<\/strong>, sobre la corrupci\u00f3n en la FIFA y la AFA, junto a negocios con mafias, uno de los principales acusados era Alejandro Burzaco que fue arrestado y termin\u00f3 siendo colaborador para mejorar su situaci\u00f3n procesal, es decir, delat\u00f3 a sus socios.<\/p>\n\n\n\n<figure class=\"wp-block-image size-full\"><a href=\"https:\/\/www.elsindical.com.ar\/notas\/var\/www\/html\/notas\/wp-content\/uploads\/2023\/03\/Alejandro-Burzaco-placa-roja.jpg\"><img loading=\"lazy\" decoding=\"async\" width=\"970\" height=\"646\" src=\"https:\/\/www.elsindical.com.ar\/notas\/var\/www\/html\/notas\/wp-content\/uploads\/2023\/03\/Alejandro-Burzaco-placa-roja.jpg\" alt=\"\" class=\"wp-image-120912\" srcset=\"https:\/\/www.elsindical.com.ar\/notas\/var\/www\/html\/notas\/wp-content\/uploads\/2023\/03\/Alejandro-Burzaco-placa-roja.jpg 970w, https:\/\/www.elsindical.com.ar\/notas\/var\/www\/html\/notas\/wp-content\/uploads\/2023\/03\/Alejandro-Burzaco-placa-roja-300x200.jpg 300w, https:\/\/www.elsindical.com.ar\/notas\/var\/www\/html\/notas\/wp-content\/uploads\/2023\/03\/Alejandro-Burzaco-placa-roja-768x511.jpg 768w, https:\/\/www.elsindical.com.ar\/notas\/var\/www\/html\/notas\/wp-content\/uploads\/2023\/03\/Alejandro-Burzaco-placa-roja-450x300.jpg 450w\" sizes=\"auto, (max-width: 970px) 100vw, 970px\" \/><\/a><\/figure>\n\n\n\n<p class=\"wp-block-paragraph\">El hombre que acompa\u00f1a a Larreta no pudo justificar su cuenta millonaria en <strong>una cuenta offshore en el Merril Lynch de Nueva York y fue el responsable de juntar casi 4 millones de d\u00f3lares para cubrir la fianza de su hermano Alejandro, seg\u00fan las \u00faltimas declaraciones del ex CEO de Torneos y Competencias, en el marco de el juicio por el FIFAgate, el mayor esc\u00e1ndalo de corrupci\u00f3n en la historia del f\u00fatbol.<\/strong><\/p>\n\n\n\n<p class=\"wp-block-paragraph\">Entonces, Larreta, \u00bfes, se hace o es c\u00f3mplice? porque es evidente que nunca tomaron distancia de semejante personaje y peor a\u00fan, lo ten\u00edan escondido, dejaron pasar el tiempo y como la gente suele olvidarse, ahora lo presentan como si de Mister honestidad se tratara.<\/p>\n\n\n\n<p class=\"wp-block-paragraph\">Hay muchas serias inconsistencias en los discursos de Horacio Rodr\u00edguez Larreta que las ir\u00e9 exponiendo para que pienses antes de votar y no puedas decir no sab\u00eda, nadie dijo nada, el PRO es esto, una enorme mentira, sostenida por medios que viven de la pauta millonaria y para eso necesitan jugar en pol\u00edtica, siempre es mejor un amigo en el poder o un pol\u00edtico d\u00e9bil a quien desestabilizar, como sea, hay que dejar de ser est\u00fapidos e interpelar a los pol\u00edticos, para que expliquen adem\u00e1s de solo hablar.<\/p>\n\n\n\n<figure class=\"wp-block-embed is-type-video is-provider-youtube wp-block-embed-youtube wp-embed-aspect-16-9 wp-has-aspect-ratio\"><div class=\"wp-block-embed__wrapper\">\n<iframe loading=\"lazy\" title=\"Amalia y el Pelado repudiados en Rosario\" width=\"700\" height=\"394\" src=\"https:\/\/www.youtube.com\/embed\/zPCxroRXUCw?feature=oembed\" frameborder=\"0\" allow=\"accelerometer; autoplay; clipboard-write; encrypted-media; gyroscope; picture-in-picture; web-share\" allowfullscreen><\/iframe>\n<\/div><\/figure>\n\n\n\n<p class=\"wp-block-paragraph\">Por Marcelo Ricardo Hawrylciw<\/p>\n","protected":false},"excerpt":{"rendered":"<p>Si bien los pol\u00edticos argentinos son una fuente inagotable de memes, para desgracia de los ciudadanos que esperamos una Argentina mejor, no hay dudas que estamos gobernados por perversos y mentirosos que se burlan en la cara de sus votantes, tanto el oficialismo actual como la \u00aboposici\u00f3n\u00bb que critica en p\u00fablico y se asocian para&hellip;<\/p>\n","protected":false},"author":1,"featured_media":120909,"comment_status":"open","ping_status":"open","sticky":false,"template":"","format":"standard","meta":{"footnotes":""},"categories":[10],"tags":[1961,21460,39690,2450,3059,4275,14645,1943,13453,1452,39689,1241,328,2208,609],"class_list":["post-120908","post","type-post","status-publish","format-standard","has-post-thumbnail","hentry","category-editorial","tag-afa","tag-alejandro-burzaco","tag-antonella-ruccuzzo","tag-diario-el-sindical","tag-eugenio-burzaco","tag-fbi","tag-fifa","tag-horacio-rodriguez-larreta","tag-lionel-messi","tag-mafias","tag-pablo-javkin","tag-patricia-bullrich","tag-pro","tag-rosario","tag-santa-fe"],"_links":{"self":[{"href":"https:\/\/www.elsindical.com.ar\/notas\/wp-json\/wp\/v2\/posts\/120908","targetHints":{"allow":["GET"]}}],"collection":[{"href":"https:\/\/www.elsindical.com.ar\/notas\/wp-json\/wp\/v2\/posts"}],"about":[{"href":"https:\/\/www.elsindical.com.ar\/notas\/wp-json\/wp\/v2\/types\/post"}],"author":[{"embeddable":true,"href":"https:\/\/www.elsindical.com.ar\/notas\/wp-json\/wp\/v2\/users\/1"}],"replies":[{"embeddable":true,"href":"https:\/\/www.elsindical.com.ar\/notas\/wp-json\/wp\/v2\/comments?post=120908"}],"version-history":[{"count":2,"href":"https:\/\/www.elsindical.com.ar\/notas\/wp-json\/wp\/v2\/posts\/120908\/revisions"}],"predecessor-version":[{"id":120914,"href":"https:\/\/www.elsindical.com.ar\/notas\/wp-json\/wp\/v2\/posts\/120908\/revisions\/120914"}],"wp:featuredmedia":[{"embeddable":true,"href":"https:\/\/www.elsindical.com.ar\/notas\/wp-json\/wp\/v2\/media\/120909"}],"wp:attachment":[{"href":"https:\/\/www.elsindical.com.ar\/notas\/wp-json\/wp\/v2\/media?parent=120908"}],"wp:term":[{"taxonomy":"category","embeddable":true,"href":"https:\/\/www.elsindical.com.ar\/notas\/wp-json\/wp\/v2\/categories?post=120908"},{"taxonomy":"post_tag","embeddable":true,"href":"https:\/\/www.elsindical.com.ar\/notas\/wp-json\/wp\/v2\/tags?post=120908"}],"curies":[{"name":"wp","href":"https:\/\/api.w.org\/{rel}","templated":true}]}}