{"id":120893,"date":"2023-03-04T08:35:19","date_gmt":"2023-03-04T11:35:19","guid":{"rendered":"https:\/\/www.elsindical.com.ar\/notas\/?p=120893"},"modified":"2023-03-04T08:35:20","modified_gmt":"2023-03-04T11:35:20","slug":"aumenta-la-vtv","status":"publish","type":"post","link":"https:\/\/www.elsindical.com.ar\/notas\/aumenta-la-vtv\/","title":{"rendered":"Aumenta la VTV"},"content":{"rendered":"<div class=\"wp-block-image\">\n<figure class=\"aligncenter size-full\"><a href=\"https:\/\/www.elsindical.com.ar\/notas\/var\/www\/html\/notas\/wp-content\/uploads\/2022\/01\/VTV-provincia.jpg\"><img loading=\"lazy\" decoding=\"async\" width=\"640\" height=\"300\" src=\"https:\/\/www.elsindical.com.ar\/notas\/var\/www\/html\/notas\/wp-content\/uploads\/2022\/01\/VTV-provincia.jpg\" alt=\"\" class=\"wp-image-111048\" srcset=\"https:\/\/www.elsindical.com.ar\/notas\/var\/www\/html\/notas\/wp-content\/uploads\/2022\/01\/VTV-provincia.jpg 640w, https:\/\/www.elsindical.com.ar\/notas\/var\/www\/html\/notas\/wp-content\/uploads\/2022\/01\/VTV-provincia-300x141.jpg 300w, https:\/\/www.elsindical.com.ar\/notas\/var\/www\/html\/notas\/wp-content\/uploads\/2022\/01\/VTV-provincia-500x234.jpg 500w\" sizes=\"auto, (max-width: 640px) 100vw, 640px\" \/><\/a><\/figure>\n<\/div>\n\n\n<p class=\"wp-block-paragraph\">La VTV sufri\u00f3 en 2022 un doble ajuste: en enero en torno al 44% y en agosto un 46,5%.<\/p>\n\n\n\n<p class=\"wp-block-paragraph\">El Gobierno bonaerense oficializ\u00f3 el <strong>aumento de la tarifa del servicio de Verificaci\u00f3n T\u00e9cnica Vehicular (VTV), <\/strong>que ser\u00e1 en dos tramos, marzo y mayo, mes en el que el tr\u00e1mite para un <strong>autom\u00f3vil de menos de 2.500 kilogramos saldr\u00e1 $6.400.<\/strong><\/p>\n\n\n\n<p class=\"wp-block-paragraph\">Seg\u00fan se public\u00f3 este viernes en el Bolet\u00edn Oficial, <strong>la suba se aplicar\u00e1 en dos etapas y llegar\u00e1 al 103%. <\/strong>As\u00ed, <strong>desde marzo el valor m\u00e1ximo ser\u00e1 de $5.040 y de $ 6.400 en mayo <\/strong>para ese tipo de veh\u00edculos. Hasta ahora, el costo era de $ 3.150.<\/p>\n\n\n\n<p class=\"wp-block-paragraph\">De esta manera, los valores actualizados a partir de este mes son los siguientes:<\/p>\n\n\n\n<ul class=\"wp-block-list\">\n<li>motocicletas: $ 1.512,<\/li>\n\n\n\n<li>veh\u00edculos de hasta 2500 kg: $ 5.040;<\/li>\n\n\n\n<li>veh\u00edculos de m\u00e1s de 2500 kg: $ 9.072.<\/li>\n\n\n\n<li>remolques, semirremolques y acoplados de hasta 2500 kg costar\u00e1n $ 2.520 y<\/li>\n\n\n\n<li>remolques, semirremolques y acoplados de m\u00e1s de 2500 kg $ 4.536.<\/li>\n<\/ul>\n\n\n\n<p class=\"wp-block-paragraph\">Todos los valores son con IVA incluido.<\/p>\n\n\n\n<p class=\"wp-block-paragraph\">La cartera de Transporte explic\u00f3 que las ocho concesionarias que operan en la provincia de Buenos Aires <strong>solicitaron la actualizaci\u00f3n en septiembre de 2022 <\/strong>y lo ampliaron en enero de este a\u00f1o.<\/p>\n\n\n\n<p class=\"wp-block-paragraph\">El c\u00e1lculo para determinar el aumento de la tarifa tuvo en cuenta \u201clos valores aproximados <strong>a pactar con el SMATA para el personal convencionado del cuatrimestre enero-abril 2023<\/strong>, en funci\u00f3n de la evoluci\u00f3n del \u00edndice de precios al consumidor (IPC, Indec y otros \u00edndices privados) del cuatrimestre terminado en diciembre\u201d.<\/p>\n\n\n\n<p class=\"wp-block-paragraph\">Asimismo, tuvieron en cuenta <strong>\u201clos valores ajustados al mes de noviembre\u201d <\/strong>del resto de los costos y gastos declarados por las concesionarias.<\/p>\n\n\n\n<p class=\"wp-block-paragraph\">La VTV <strong>sufri\u00f3 en 2022 un doble ajuste: <\/strong>en enero en torno al 44% y en agosto un 46,5%.<\/p>\n","protected":false},"excerpt":{"rendered":"<p>La VTV sufri\u00f3 en 2022 un doble ajuste: en enero en torno al 44% y en agosto un 46,5%. El Gobierno bonaerense oficializ\u00f3 el aumento de la tarifa del servicio de Verificaci\u00f3n T\u00e9cnica Vehicular (VTV), que ser\u00e1 en dos tramos, marzo y mayo, mes en el que el tr\u00e1mite para un autom\u00f3vil de menos de&hellip;<\/p>\n","protected":false},"author":1,"featured_media":111048,"comment_status":"open","ping_status":"open","sticky":false,"template":"","format":"standard","meta":{"footnotes":""},"categories":[9],"tags":[1295,2450,22023,21849],"class_list":["post-120893","post","type-post","status-publish","format-standard","has-post-thumbnail","hentry","category-economia","tag-boletin-oficial","tag-diario-el-sindical","tag-economia","tag-vtv"],"_links":{"self":[{"href":"https:\/\/www.elsindical.com.ar\/notas\/wp-json\/wp\/v2\/posts\/120893","targetHints":{"allow":["GET"]}}],"collection":[{"href":"https:\/\/www.elsindical.com.ar\/notas\/wp-json\/wp\/v2\/posts"}],"about":[{"href":"https:\/\/www.elsindical.com.ar\/notas\/wp-json\/wp\/v2\/types\/post"}],"author":[{"embeddable":true,"href":"https:\/\/www.elsindical.com.ar\/notas\/wp-json\/wp\/v2\/users\/1"}],"replies":[{"embeddable":true,"href":"https:\/\/www.elsindical.com.ar\/notas\/wp-json\/wp\/v2\/comments?post=120893"}],"version-history":[{"count":1,"href":"https:\/\/www.elsindical.com.ar\/notas\/wp-json\/wp\/v2\/posts\/120893\/revisions"}],"predecessor-version":[{"id":120894,"href":"https:\/\/www.elsindical.com.ar\/notas\/wp-json\/wp\/v2\/posts\/120893\/revisions\/120894"}],"wp:featuredmedia":[{"embeddable":true,"href":"https:\/\/www.elsindical.com.ar\/notas\/wp-json\/wp\/v2\/media\/111048"}],"wp:attachment":[{"href":"https:\/\/www.elsindical.com.ar\/notas\/wp-json\/wp\/v2\/media?parent=120893"}],"wp:term":[{"taxonomy":"category","embeddable":true,"href":"https:\/\/www.elsindical.com.ar\/notas\/wp-json\/wp\/v2\/categories?post=120893"},{"taxonomy":"post_tag","embeddable":true,"href":"https:\/\/www.elsindical.com.ar\/notas\/wp-json\/wp\/v2\/tags?post=120893"}],"curies":[{"name":"wp","href":"https:\/\/api.w.org\/{rel}","templated":true}]}}