{"id":12088,"date":"2011-01-29T13:48:32","date_gmt":"2011-01-29T16:48:32","guid":{"rendered":"http:\/\/www.elsindical.com.ar\/notas\/?p=12088"},"modified":"2011-01-29T13:48:32","modified_gmt":"2011-01-29T16:48:32","slug":"chacaritadetienen-a-un-hombre-acusado-de-violar-a-un-menor","status":"publish","type":"post","link":"https:\/\/www.elsindical.com.ar\/notas\/chacaritadetienen-a-un-hombre-acusado-de-violar-a-un-menor\/","title":{"rendered":"Chacarita:Detienen a un hombre acusado de violar a un menor"},"content":{"rendered":"<p id=\"txt_126118_3\" style=\"text-align: justify;\"><em><a href=\"http:\/\/www.elsindical.com.ar\/notas\/var\/www\/html\/notas\/wp-content\/uploads\/2011\/01\/esposado-adelante.jpg\"><img loading=\"lazy\" decoding=\"async\" class=\"alignleft size-medium wp-image-12089\" title=\"esposado-adelante\" src=\"http:\/\/www.elsindical.com.ar\/notas\/var\/www\/html\/notas\/wp-content\/uploads\/2011\/01\/esposado-adelante-300x225.jpg\" alt=\"\" width=\"300\" height=\"225\" srcset=\"https:\/\/www.elsindical.com.ar\/notas\/var\/www\/html\/notas\/wp-content\/uploads\/2011\/01\/esposado-adelante-300x225.jpg 300w, https:\/\/www.elsindical.com.ar\/notas\/var\/www\/html\/notas\/wp-content\/uploads\/2011\/01\/esposado-adelante.jpg 325w\" sizes=\"auto, (max-width: 300px) 100vw, 300px\" \/><\/a>El martes pasado el peque\u00f1o iba camino a un kiosco cerca de su casa y fue capturado por el presunto violador que lo oblig\u00f3 a caminar hacia unos arbustos que hay al costado de la v\u00edas del ferrocarril San Mart\u00edn, a metros de la estaci\u00f3n.<\/em><\/p>\n<p style=\"text-align: justify;\">Un hombre de 27 a\u00f1os fue detenido acusado de violar a un chico de 10 al costado de las v\u00edas de tren del ferrocarril San Mart\u00edn, en las inmediaciones de la estaci\u00f3n de Chacarita, informan las fuentes policiales.<\/p>\n<p>La detenci\u00f3n fue efectuada anoche por los investigadores de la comisar\u00eda 29a, que luego de los testimonios del menor fueron en busca del presunto violador.<\/p>\n<p>Seg\u00fan cuentan las fuentes, el martes pasado el peque\u00f1o iba camino a un kiosco cerca de su casa y fue capturado por el presunto violador que lo oblig\u00f3 a caminar hacia unos arbustos que hay al costado de la v\u00edas del ferrocarril San Mart\u00edn, a metros de la estaci\u00f3n de Chacarita.<\/p>\n<p>Tras el abuso sexual, el menor fue a su casa llorando con un ataque de nervios y luego contarle a sus padres lo sucedido lo llevaron inmediatamente a la comisar\u00eda para efectuar la denuncia correspondiente.<\/p>\n<p>El ni\u00f1o fue revisado por los m\u00e9dicos policiales y un gabinete de psic\u00f3logos que comprobaron la violaci\u00f3n y dieron intervenci\u00f3n al juzgado porte\u00f1o de turno.<\/p>\n<p>Con los datos aportados por el menor una brigada y m\u00f3viles policiales fueron anoche en b\u00fasqueda del violador conocido en el barrio como \u00abEl Mugriento\u00bb, un individuo sin ocupaci\u00f3n ni vivienda que pide monedas a los automovilistas y transe\u00fantes.<\/p>\n<p>El juzgado de instrucci\u00f3n que lleva la investigaci\u00f3n orden\u00f3 la r\u00e1pida detenci\u00f3n del acusado, que qued\u00f3 alojado en la comisar\u00eda a las espera de su indagaci\u00f3n.<\/p>\n","protected":false},"excerpt":{"rendered":"<p>El martes pasado el peque\u00f1o iba camino a un kiosco cerca de su casa y fue capturado por el presunto violador que lo oblig\u00f3 a caminar hacia unos arbustos que hay al costado de la v\u00edas del ferrocarril San Mart\u00edn, a metros de la estaci\u00f3n. Un hombre de 27 a\u00f1os fue detenido acusado de violar&hellip;<\/p>\n","protected":false},"author":1,"featured_media":0,"comment_status":"open","ping_status":"open","sticky":false,"template":"","format":"standard","meta":{"footnotes":""},"categories":[22],"tags":[396,91,5790,30,3563,271],"class_list":["post-12088","post","type-post","status-publish","format-standard","hentry","category-policiales","tag-chacarita","tag-detenido","tag-el-mugriento","tag-policia","tag-sujeto","tag-violacion"],"_links":{"self":[{"href":"https:\/\/www.elsindical.com.ar\/notas\/wp-json\/wp\/v2\/posts\/12088","targetHints":{"allow":["GET"]}}],"collection":[{"href":"https:\/\/www.elsindical.com.ar\/notas\/wp-json\/wp\/v2\/posts"}],"about":[{"href":"https:\/\/www.elsindical.com.ar\/notas\/wp-json\/wp\/v2\/types\/post"}],"author":[{"embeddable":true,"href":"https:\/\/www.elsindical.com.ar\/notas\/wp-json\/wp\/v2\/users\/1"}],"replies":[{"embeddable":true,"href":"https:\/\/www.elsindical.com.ar\/notas\/wp-json\/wp\/v2\/comments?post=12088"}],"version-history":[{"count":1,"href":"https:\/\/www.elsindical.com.ar\/notas\/wp-json\/wp\/v2\/posts\/12088\/revisions"}],"predecessor-version":[{"id":12090,"href":"https:\/\/www.elsindical.com.ar\/notas\/wp-json\/wp\/v2\/posts\/12088\/revisions\/12090"}],"wp:attachment":[{"href":"https:\/\/www.elsindical.com.ar\/notas\/wp-json\/wp\/v2\/media?parent=12088"}],"wp:term":[{"taxonomy":"category","embeddable":true,"href":"https:\/\/www.elsindical.com.ar\/notas\/wp-json\/wp\/v2\/categories?post=12088"},{"taxonomy":"post_tag","embeddable":true,"href":"https:\/\/www.elsindical.com.ar\/notas\/wp-json\/wp\/v2\/tags?post=12088"}],"curies":[{"name":"wp","href":"https:\/\/api.w.org\/{rel}","templated":true}]}}