{"id":120875,"date":"2023-03-03T08:26:06","date_gmt":"2023-03-03T11:26:06","guid":{"rendered":"https:\/\/www.elsindical.com.ar\/notas\/?p=120875"},"modified":"2023-03-03T08:26:07","modified_gmt":"2023-03-03T11:26:07","slug":"murio-maria-onetto-investigan-el-caso-como-suicidio","status":"publish","type":"post","link":"https:\/\/www.elsindical.com.ar\/notas\/murio-maria-onetto-investigan-el-caso-como-suicidio\/","title":{"rendered":"Muri\u00f3 Mar\u00eda Onetto investigan el caso como suicidio"},"content":{"rendered":"<div class=\"wp-block-image\">\n<figure class=\"aligncenter size-large\"><a href=\"https:\/\/www.elsindical.com.ar\/notas\/var\/www\/html\/notas\/wp-content\/uploads\/2023\/03\/Maria-Onetto-2.webp\"><img loading=\"lazy\" decoding=\"async\" width=\"1024\" height=\"683\" src=\"https:\/\/www.elsindical.com.ar\/notas\/var\/www\/html\/notas\/wp-content\/uploads\/2023\/03\/Maria-Onetto-2-1024x683.webp\" alt=\"\" class=\"wp-image-120876\" srcset=\"https:\/\/www.elsindical.com.ar\/notas\/var\/www\/html\/notas\/wp-content\/uploads\/2023\/03\/Maria-Onetto-2-1024x683.webp 1024w, https:\/\/www.elsindical.com.ar\/notas\/var\/www\/html\/notas\/wp-content\/uploads\/2023\/03\/Maria-Onetto-2-300x200.webp 300w, https:\/\/www.elsindical.com.ar\/notas\/var\/www\/html\/notas\/wp-content\/uploads\/2023\/03\/Maria-Onetto-2-768x512.webp 768w, https:\/\/www.elsindical.com.ar\/notas\/var\/www\/html\/notas\/wp-content\/uploads\/2023\/03\/Maria-Onetto-2-450x300.webp 450w, https:\/\/www.elsindical.com.ar\/notas\/var\/www\/html\/notas\/wp-content\/uploads\/2023\/03\/Maria-Onetto-2.webp 1140w\" sizes=\"auto, (max-width: 1024px) 100vw, 1024px\" \/><\/a><\/figure>\n<\/div>\n\n\n<p>A los 56 a\u00f1os muri\u00f3 Mar\u00eda Onetto, la actriz fue una de las int\u00e9rpretes m\u00e1s destacadas y l\u00facidas de su generaci\u00f3n: en cada papel lograba bucear en la complejidad del alma humana, en sinton\u00eda con la dimensi\u00f3n social. Brill\u00f3 en teatro, cine y televisi\u00f3n. Ven\u00eda atravesando una depresi\u00f3n en los \u00faltimos tiempos y este jueves fue encontrada muerta en su casa.<\/p>\n\n\n\n<p>Desplegaba en escena todo lo que de la actuaci\u00f3n pensaba, que no era poco ni superficial. Reflexionaba mucho, tambi\u00e9n, sobre la realidad social y pol\u00edtica. Brill\u00f3 en teatro, cine y televisi\u00f3n. Ten\u00eda 56 a\u00f1os. Fue encontrada muerta este jueves en su casa.<\/p>\n\n\n\n<p>Su sorpresiva muerte gener\u00f3 desconcierto, conmoci\u00f3n y tristeza en el \u00e1mbito art\u00edstico. Ven\u00eda atravesando una depresi\u00f3n tras la muerte de su mam\u00e1.<\/p>\n\n\n\n<p>La Polic\u00eda acudi\u00f3 a su casa debido a la preocupaci\u00f3n de sus familiares porque hac\u00eda d\u00edas que no contestaba el tel\u00e9fono. La noticia fue confirmada por la Asociaci\u00f3n Argentina de Actores a trav\u00e9s de Twitter diciendo:<\/p>\n\n\n\n<p>\u201cCon gran dolor despedimos a nuestra afiliada, la querida actriz Mar\u00eda Onetto. Su prestigiosa y nutrida trayectoria incluye trabajos en teatro, cine y televisi\u00f3n. Nuestras sentidas condolencias a sus familiares y seres queridos\u00bb.<\/p>\n\n\n\n<p>En la investigaci\u00f3n de su muerte, interviene en el caso la Fiscal\u00eda Nacional en lo Criminal y Correccional n\u00famero 24.<\/p>\n\n\n\n<p>Estaba, aparte, muy afectada por el atentado a Cristina Kirchner, que reci\u00e9n hab\u00eda ocurrido. Sent\u00eda que algo de la atm\u00f3sfera social resonaba en el espect\u00e1culo. Era psic\u00f3loga, pero Onetto nunca ejerci\u00f3.<br>Naci\u00f3 el 18 de agosto de 1966. Tuvo una infancia signada por la muerte de su padre, que ocurri\u00f3 cuando ten\u00eda tan s\u00f3lo un a\u00f1o, y la depresi\u00f3n de su madre con la muerte.<\/p>\n\n\n\n<p>Mar\u00eda padeci\u00f3 un estado depresivo hace 13 a\u00f1os, cuando descubri\u00f3 que no quer\u00eda ser madre. Dec\u00eda que desde peque\u00f1a hab\u00eda expresado sus frustraciones \u00aba trav\u00e9s del agua\u00bb que sal\u00eda de sus ojos, y que su carta natal abundaba en ese elemento que simboliza la dimensi\u00f3n emocional del ser.<\/p>\n\n\n\n<p>No le fue f\u00e1cil reconocerse como actriz. El primer director en convocarla fue Rafael Spregelburd, para hacer \u00abRaspando la cruz\u00bb, en 1997. Y el primer protag\u00f3nico lleg\u00f3 con \u00abLa escala humana\u00bb, con direcci\u00f3n de Daulte, Spregelburd y Alejandro Tantanian (2001). La actuaci\u00f3n fue, incluso, el \u00fanico rol que encar\u00f3 en el mundo del espect\u00e1culo.<\/p>\n","protected":false},"excerpt":{"rendered":"<p>A los 56 a\u00f1os muri\u00f3 Mar\u00eda Onetto, la actriz fue una de las int\u00e9rpretes m\u00e1s destacadas y l\u00facidas de su generaci\u00f3n: en cada papel lograba bucear en la complejidad del alma humana, en sinton\u00eda con la dimensi\u00f3n social. Brill\u00f3 en teatro, cine y televisi\u00f3n. Ven\u00eda atravesando una depresi\u00f3n en los \u00faltimos tiempos y este jueves&hellip;<\/p>\n","protected":false},"author":1,"featured_media":120876,"comment_status":"open","ping_status":"open","sticky":false,"template":"","format":"standard","meta":{"footnotes":""},"categories":[24],"tags":[1507,2450,39678,522],"class_list":["post-120875","post","type-post","status-publish","format-standard","has-post-thumbnail","hentry","category-sociales","tag-actriz","tag-diario-el-sindical","tag-maria-onetto","tag-suicidio"],"_links":{"self":[{"href":"https:\/\/www.elsindical.com.ar\/notas\/wp-json\/wp\/v2\/posts\/120875","targetHints":{"allow":["GET"]}}],"collection":[{"href":"https:\/\/www.elsindical.com.ar\/notas\/wp-json\/wp\/v2\/posts"}],"about":[{"href":"https:\/\/www.elsindical.com.ar\/notas\/wp-json\/wp\/v2\/types\/post"}],"author":[{"embeddable":true,"href":"https:\/\/www.elsindical.com.ar\/notas\/wp-json\/wp\/v2\/users\/1"}],"replies":[{"embeddable":true,"href":"https:\/\/www.elsindical.com.ar\/notas\/wp-json\/wp\/v2\/comments?post=120875"}],"version-history":[{"count":1,"href":"https:\/\/www.elsindical.com.ar\/notas\/wp-json\/wp\/v2\/posts\/120875\/revisions"}],"predecessor-version":[{"id":120877,"href":"https:\/\/www.elsindical.com.ar\/notas\/wp-json\/wp\/v2\/posts\/120875\/revisions\/120877"}],"wp:featuredmedia":[{"embeddable":true,"href":"https:\/\/www.elsindical.com.ar\/notas\/wp-json\/wp\/v2\/media\/120876"}],"wp:attachment":[{"href":"https:\/\/www.elsindical.com.ar\/notas\/wp-json\/wp\/v2\/media?parent=120875"}],"wp:term":[{"taxonomy":"category","embeddable":true,"href":"https:\/\/www.elsindical.com.ar\/notas\/wp-json\/wp\/v2\/categories?post=120875"},{"taxonomy":"post_tag","embeddable":true,"href":"https:\/\/www.elsindical.com.ar\/notas\/wp-json\/wp\/v2\/tags?post=120875"}],"curies":[{"name":"wp","href":"https:\/\/api.w.org\/{rel}","templated":true}]}}