{"id":120838,"date":"2023-03-01T11:27:57","date_gmt":"2023-03-01T14:27:57","guid":{"rendered":"https:\/\/www.elsindical.com.ar\/notas\/?p=120838"},"modified":"2023-03-01T11:27:58","modified_gmt":"2023-03-01T14:27:58","slug":"a-partir-de-hoy-se-pone-en-marcha-la-canasta-de-frutas-y-verduras-dentro-del-programa-precios-justos","status":"publish","type":"post","link":"https:\/\/www.elsindical.com.ar\/notas\/a-partir-de-hoy-se-pone-en-marcha-la-canasta-de-frutas-y-verduras-dentro-del-programa-precios-justos\/","title":{"rendered":"A partir de hoy se pone en marcha la canasta de frutas y verduras dentro del programa Precios Justos"},"content":{"rendered":"<div class=\"wp-block-image\">\n<figure class=\"aligncenter size-large\"><a href=\"https:\/\/www.elsindical.com.ar\/notas\/var\/www\/html\/notas\/wp-content\/uploads\/2023\/03\/verduras-genericas.jpg\"><img loading=\"lazy\" decoding=\"async\" width=\"1024\" height=\"576\" src=\"https:\/\/www.elsindical.com.ar\/notas\/var\/www\/html\/notas\/wp-content\/uploads\/2023\/03\/verduras-genericas-1024x576.jpg\" alt=\"\" class=\"wp-image-120839\" srcset=\"https:\/\/www.elsindical.com.ar\/notas\/var\/www\/html\/notas\/wp-content\/uploads\/2023\/03\/verduras-genericas-1024x576.jpg 1024w, https:\/\/www.elsindical.com.ar\/notas\/var\/www\/html\/notas\/wp-content\/uploads\/2023\/03\/verduras-genericas-300x169.jpg 300w, https:\/\/www.elsindical.com.ar\/notas\/var\/www\/html\/notas\/wp-content\/uploads\/2023\/03\/verduras-genericas-768x432.jpg 768w, https:\/\/www.elsindical.com.ar\/notas\/var\/www\/html\/notas\/wp-content\/uploads\/2023\/03\/verduras-genericas-500x281.jpg 500w, https:\/\/www.elsindical.com.ar\/notas\/var\/www\/html\/notas\/wp-content\/uploads\/2023\/03\/verduras-genericas-460x260.jpg 460w, https:\/\/www.elsindical.com.ar\/notas\/var\/www\/html\/notas\/wp-content\/uploads\/2023\/03\/verduras-genericas.jpg 1280w\" sizes=\"auto, (max-width: 1024px) 100vw, 1024px\" \/><\/a><\/figure>\n<\/div>\n\n\n<p>Est\u00e1 compuesta de papa, tomate, lechuga, manzana, cebolla y banana ecuatoriana y banana subtropical.<\/p>\n\n\n\n<p>La <strong>canasta de frutas y verduras <\/strong>de estaci\u00f3n dentro del programa Precios Justos comenz\u00f3 a regir desde hoy y tendr\u00e1 vigencia a lo largo de marzo en la regi\u00f3n del Area Metropolitana de Buenos Aires (AMBA).<\/p>\n\n\n\n<p>Este acuerdo \u201ces muy importante porque el sector mostr\u00f3 una alt\u00edsima volatilidad (\u2026) y permite moderar estos aumentos\u201d, adem\u00e1s de otorgar \u201corden y previsibilidad en la mesa de los argentinos\u201d, afirm\u00f3 ayer el secretario de Comercio, Mat\u00edas Tombolini, en la presentaci\u00f3n a la prensa.<\/p>\n\n\n\n<p>La canasta acordada, que <strong>estar\u00e1 vigente hasta el 31 de marzo<\/strong>, la componen siete productos relevantes para el consumidor promedio y a precios convenientes: papa, tomate, lechuga, manzana, cebolla y banana ecuatoriana y banana subtropical.<\/p>\n\n\n\n<p>Los precios por kilo acordados con proveedores del Mercado Central y representantes de la Asociaci\u00f3n de Supermercados Unidos (ASU) son los siguientes: papa negra, <strong>$ 189<\/strong>; tomate redondo, <strong>$ 299<\/strong>; lechuga, <strong>$ 569<\/strong>; manzana royal gala, <strong>$ 399<\/strong>; cebolla, <strong>$ 189<\/strong>; banana ecuatoriana, <strong>$ 470<\/strong>; y banana subtropical, <strong>$ 360<\/strong>.<\/p>\n\n\n\n<p>Los productos del acuerdo, que estar\u00e1n disponibles en las <strong>grandes cadenas de supermercados<\/strong> del AMBA, mantendr\u00e1n sus precios fijos por un mes con el objetivo de \u201cllevarle alivio a los bolsillos de los argentinos y argentinas y brindar orden, previsibilidad y disponibilidad de abastecimiento del sector\u201d, indic\u00f3 Comercio.<\/p>\n\n\n\n<p>Concluida la vigencia, se renegociar\u00e1n nuevas pautas de precios y productos, teniendo en cuenta la estacionalidad que caracteriza al sector.<\/p>\n\n\n\n<p>Seg\u00fan confirmaron a T\u00e9lam fuentes oficiales, la intenci\u00f3n es dar continuidad a la canasta en los meses siguientes.<\/p>\n\n\n\n<p>Por otra parte, conf\u00edan en que los precios fijados en esos productos sirvan tambi\u00e9n de referencia en las verduler\u00edas de barrio.<\/p>\n","protected":false},"excerpt":{"rendered":"<p>Est\u00e1 compuesta de papa, tomate, lechuga, manzana, cebolla y banana ecuatoriana y banana subtropical. La canasta de frutas y verduras de estaci\u00f3n dentro del programa Precios Justos comenz\u00f3 a regir desde hoy y tendr\u00e1 vigencia a lo largo de marzo en la regi\u00f3n del Area Metropolitana de Buenos Aires (AMBA). Este acuerdo \u201ces muy importante&hellip;<\/p>\n","protected":false},"author":1,"featured_media":120839,"comment_status":"open","ping_status":"open","sticky":false,"template":"","format":"standard","meta":{"footnotes":""},"categories":[9],"tags":[36958,2450,28684,38654,30421],"class_list":["post-120838","post","type-post","status-publish","format-standard","has-post-thumbnail","hentry","category-economia","tag-canasta","tag-diario-el-sindical","tag-frutas","tag-precios-justos","tag-verduras"],"_links":{"self":[{"href":"https:\/\/www.elsindical.com.ar\/notas\/wp-json\/wp\/v2\/posts\/120838","targetHints":{"allow":["GET"]}}],"collection":[{"href":"https:\/\/www.elsindical.com.ar\/notas\/wp-json\/wp\/v2\/posts"}],"about":[{"href":"https:\/\/www.elsindical.com.ar\/notas\/wp-json\/wp\/v2\/types\/post"}],"author":[{"embeddable":true,"href":"https:\/\/www.elsindical.com.ar\/notas\/wp-json\/wp\/v2\/users\/1"}],"replies":[{"embeddable":true,"href":"https:\/\/www.elsindical.com.ar\/notas\/wp-json\/wp\/v2\/comments?post=120838"}],"version-history":[{"count":1,"href":"https:\/\/www.elsindical.com.ar\/notas\/wp-json\/wp\/v2\/posts\/120838\/revisions"}],"predecessor-version":[{"id":120840,"href":"https:\/\/www.elsindical.com.ar\/notas\/wp-json\/wp\/v2\/posts\/120838\/revisions\/120840"}],"wp:featuredmedia":[{"embeddable":true,"href":"https:\/\/www.elsindical.com.ar\/notas\/wp-json\/wp\/v2\/media\/120839"}],"wp:attachment":[{"href":"https:\/\/www.elsindical.com.ar\/notas\/wp-json\/wp\/v2\/media?parent=120838"}],"wp:term":[{"taxonomy":"category","embeddable":true,"href":"https:\/\/www.elsindical.com.ar\/notas\/wp-json\/wp\/v2\/categories?post=120838"},{"taxonomy":"post_tag","embeddable":true,"href":"https:\/\/www.elsindical.com.ar\/notas\/wp-json\/wp\/v2\/tags?post=120838"}],"curies":[{"name":"wp","href":"https:\/\/api.w.org\/{rel}","templated":true}]}}