{"id":1207,"date":"2009-10-22T11:35:31","date_gmt":"2009-10-22T14:35:31","guid":{"rendered":"http:\/\/www.elsindical.com.ar\/notas\/?p=1207"},"modified":"2009-10-22T11:35:31","modified_gmt":"2009-10-22T14:35:31","slug":"la-plata-prorrogan-la-emergencia-policial-por-un-ano","status":"publish","type":"post","link":"https:\/\/www.elsindical.com.ar\/notas\/la-plata-prorrogan-la-emergencia-policial-por-un-ano\/","title":{"rendered":"La Plata: Prorrogan la emergencia policial por un a\u00f1o"},"content":{"rendered":"<p style=\"text-align: justify;\"><em><img loading=\"lazy\" decoding=\"async\" class=\"alignleft size-full wp-image-1208\" title=\"patrulla-bonaerense\" src=\"http:\/\/www.elsindical.com.ar\/notas\/var\/www\/html\/notas\/wp-content\/uploads\/2009\/10\/patrulla-bonaerense.gif\" alt=\"patrulla-bonaerense\" width=\"200\" height=\"133\" \/>La Legislatura bonaerense prorrog\u00f3 por un a\u00f1o la emergencia dispuesta en la Polic\u00eda Bonaerense, que permite al Ejecutivo provincial reasignar recursos y personal.<\/em><\/p>\n<p style=\"text-align: justify;\">Seg\u00fan el texto de la pr\u00f3rroga, la medida se adopta por quinto a\u00f1o consecutivo por considerar que se trata de una \u00abherramienta trascendente para la prosecuci\u00f3n de las pol\u00edticas trazadas, permitiendo de un modo r\u00e1pido y flexible adecuar el funcionamiento de la instituci\u00f3n policial\u00bb.<br \/>\nLa emergencia, que se implement\u00f3 en el 2004, permite al Poder Ejecutivo modificar y suprimir estructuras, y reasignar fuerzas y partidas presupuestarias entre distintas \u00e1reas.<br \/>\nLa ley autoriza a crear, modificar o suprimir funciones y optimizar los recursos humanos, materiales y la prestaci\u00f3n de servicios.<\/p>\n","protected":false},"excerpt":{"rendered":"<p>La Legislatura bonaerense prorrog\u00f3 por un a\u00f1o la emergencia dispuesta en la Polic\u00eda Bonaerense, que permite al Ejecutivo provincial reasignar recursos y personal. Seg\u00fan el texto de la pr\u00f3rroga, la medida se adopta por quinto a\u00f1o consecutivo por considerar que se trata de una \u00abherramienta trascendente para la prosecuci\u00f3n de las pol\u00edticas trazadas, permitiendo de&hellip;<\/p>\n","protected":false},"author":1,"featured_media":0,"comment_status":"open","ping_status":"open","sticky":false,"template":"","format":"standard","meta":{"footnotes":""},"categories":[22],"tags":[375,354,697],"class_list":["post-1207","post","type-post","status-publish","format-standard","hentry","category-policiales","tag-gobierno","tag-policial","tag-prorroga"],"_links":{"self":[{"href":"https:\/\/www.elsindical.com.ar\/notas\/wp-json\/wp\/v2\/posts\/1207","targetHints":{"allow":["GET"]}}],"collection":[{"href":"https:\/\/www.elsindical.com.ar\/notas\/wp-json\/wp\/v2\/posts"}],"about":[{"href":"https:\/\/www.elsindical.com.ar\/notas\/wp-json\/wp\/v2\/types\/post"}],"author":[{"embeddable":true,"href":"https:\/\/www.elsindical.com.ar\/notas\/wp-json\/wp\/v2\/users\/1"}],"replies":[{"embeddable":true,"href":"https:\/\/www.elsindical.com.ar\/notas\/wp-json\/wp\/v2\/comments?post=1207"}],"version-history":[{"count":2,"href":"https:\/\/www.elsindical.com.ar\/notas\/wp-json\/wp\/v2\/posts\/1207\/revisions"}],"predecessor-version":[{"id":1210,"href":"https:\/\/www.elsindical.com.ar\/notas\/wp-json\/wp\/v2\/posts\/1207\/revisions\/1210"}],"wp:attachment":[{"href":"https:\/\/www.elsindical.com.ar\/notas\/wp-json\/wp\/v2\/media?parent=1207"}],"wp:term":[{"taxonomy":"category","embeddable":true,"href":"https:\/\/www.elsindical.com.ar\/notas\/wp-json\/wp\/v2\/categories?post=1207"},{"taxonomy":"post_tag","embeddable":true,"href":"https:\/\/www.elsindical.com.ar\/notas\/wp-json\/wp\/v2\/tags?post=1207"}],"curies":[{"name":"wp","href":"https:\/\/api.w.org\/{rel}","templated":true}]}}