{"id":120674,"date":"2023-02-22T11:01:31","date_gmt":"2023-02-22T14:01:31","guid":{"rendered":"https:\/\/www.elsindical.com.ar\/notas\/?p=120674"},"modified":"2023-02-22T12:11:14","modified_gmt":"2023-02-22T15:11:14","slug":"la-pfa-desbarato-una-banda-criminal-con-vinculos-narcos","status":"publish","type":"post","link":"https:\/\/www.elsindical.com.ar\/notas\/la-pfa-desbarato-una-banda-criminal-con-vinculos-narcos\/","title":{"rendered":"La PFA desbarato una banda criminal con v\u00ednculos narcos"},"content":{"rendered":"\n<figure class=\"wp-block-image size-large\"><a href=\"https:\/\/www.elsindical.com.ar\/notas\/var\/www\/html\/notas\/wp-content\/uploads\/2023\/02\/PFA-desbarata-banda-narco-11.jpeg\"><img loading=\"lazy\" decoding=\"async\" width=\"1024\" height=\"576\" src=\"https:\/\/www.elsindical.com.ar\/notas\/var\/www\/html\/notas\/wp-content\/uploads\/2023\/02\/PFA-desbarata-banda-narco-11-1024x576.jpeg\" alt=\"\" class=\"wp-image-120675\" srcset=\"https:\/\/www.elsindical.com.ar\/notas\/var\/www\/html\/notas\/wp-content\/uploads\/2023\/02\/PFA-desbarata-banda-narco-11-1024x576.jpeg 1024w, https:\/\/www.elsindical.com.ar\/notas\/var\/www\/html\/notas\/wp-content\/uploads\/2023\/02\/PFA-desbarata-banda-narco-11-300x169.jpeg 300w, https:\/\/www.elsindical.com.ar\/notas\/var\/www\/html\/notas\/wp-content\/uploads\/2023\/02\/PFA-desbarata-banda-narco-11-768x432.jpeg 768w, https:\/\/www.elsindical.com.ar\/notas\/var\/www\/html\/notas\/wp-content\/uploads\/2023\/02\/PFA-desbarata-banda-narco-11-500x281.jpeg 500w, https:\/\/www.elsindical.com.ar\/notas\/var\/www\/html\/notas\/wp-content\/uploads\/2023\/02\/PFA-desbarata-banda-narco-11-460x260.jpeg 460w, https:\/\/www.elsindical.com.ar\/notas\/var\/www\/html\/notas\/wp-content\/uploads\/2023\/02\/PFA-desbarata-banda-narco-11.jpeg 1280w\" sizes=\"auto, (max-width: 1024px) 100vw, 1024px\" \/><\/a><\/figure>\n\n\n\n<p>Agentes de la Divisi\u00f3n Unidad Operativa Federal Mor\u00f3n desbarataron una organizaci\u00f3n delictiva acusada por acopio, distribuci\u00f3n y comercializaci\u00f3n de estupefacientes en el conurbano bonaerense.<\/p>\n\n\n\n<p>Las investigaciones se iniciaron por orden del Juzgado de Garant\u00edas N\u00ba4 del Departamento Judicial de La Matanza, a cargo del Dr. Fernando Horacio Pinos Guevara, con intervenci\u00f3n de la Unidad Funcional de Investigaci\u00f3n Tem\u00e1tica de Estupefacientes del Departamento Judicial La Matanza, a cargo Dra. Mar\u00eda Julia Panzoni, con el fin de dar con dicha banda criminal la cual operaba en la zona de La Matanza, Ezeiza y Avellaneda.<\/p>\n\n\n\n<p>En consecuencia, los efectivos federales iniciaron discretas y amplias pesquisas durante varios d\u00edas para establecer el paradero e identidad de los miembros de dicha organizaci\u00f3n criminal.<\/p>\n\n\n\n<p>Con el total de las pruebas recabadas, los uniformados realizaron doce allanamientos en las localidades de Gregorio de Laferrere (seis), Gonz\u00e1lez Cat\u00e1n (tres), Carlos Spegazzini (uno), Virrey del Pino (uno) y en Dock Sud (uno).<\/p>\n\n\n\n<p>Debido a la importancia y magnitud de dicho operativo, fue necesaria la intervenci\u00f3n de personal de la Direcci\u00f3n General de Orden Urbano y Federal, Direcci\u00f3n General de Despliegue Operacional Federal, Direcci\u00f3n General Fuerzas de Operaciones Especiales, Divisi\u00f3n Alcaid\u00edas y de la Divisi\u00f3n Canes Detectores de Drogas.<\/p>\n\n\n\n<p>Durante el procedimiento fueron detenidos cinco hombres y una mujer todos argentinos y mayores de edad. Adem\u00e1s un hombre y una mujer argentinos y mayores de edad fueron notificados de la causa, mientras que m\u00e1s de treinta personas fueron identificadas. Asimismo, se secuestr\u00f3 un kilo y medio de coca\u00edna, ocho armas cortas entre rev\u00f3lveres y pistolas junto a 600 municiones, una escopeta, un chaleco antibalas, seis veh\u00edculos, 2.853.370 pesos, dos balanzas de precisi\u00f3n, una m\u00e1quina de termosellar, una m\u00e1quina de contar billetes, c\u00e1maras exteriores de visi\u00f3n nocturna, dos c\u00e9dulas de identidad del Estado Plurinacional de Bolivia, documentaci\u00f3n de rodados, una escritura de una propiedad y dem\u00e1s elementos de inter\u00e9s para la causa.<\/p>\n\n\n\n<p>Los detenidos, junto a los elementos secuestrados, quedaron a disposici\u00f3n del magistrado interventor por infracci\u00f3n a la ley 23.737 (Ley de drogas).<\/p>\n\n\n\n<p>DOMICILIO 1: Calle Cordero al 6800, Localidad de Gregorio de Laferrere, Partido de<br>La Matanza.<br>DOMICILIO 2: Calle Martin Zapata al 5400, Localidad de Gregorio de Laferrere, Partido de La Matanza.<br>DOMICILIO 3: Casa en el Barrio \u201cLOS CEIBOS\u201d, Localidad de<br>Gonz\u00e1lez Cat\u00e1n, Partido de La Matanza.<br>DOMICILIO 4: Calle Lafayette sin n\u00famero, entre las calles Achega y Alegr\u00eda,<br>Localidad de Gonz\u00e1lez Cat\u00e1n, Partido de La Matanza.<br>DOMICILIO 5: Calle Martin Zapata al 5500, Localidad de Gregorio de Laferrere,<br>Partido de La Matanza.<br>DOMICILIO 6: Calle Colastine al 3300, Localidad de Virrey del Pino, Partido de La<br>Matanza.<br>DOMICILIO 7: Calle Martin Zapata al 5500, Localidad de Gregorio de Laferrere,<br>Partido de La Matanza<br>DOMICILIO 8: Complejo de monoblocks, Barrio \u201cVILLA CORINA\u201d, Partido de Avellaneda<br>DOMICILIO 9: Calle Mart\u00edn Zapata entre las calles Mart\u00edn Coronado y V\u00edctor<br>Mart\u00ednez, Localidad de Gregorio de Laferrere, Partido de La Matanza<br>DOMICILIO 10: Calle Azul al 2900, entre las calles Lujan y Alagon, Localidad<br>Gonz\u00e1lez Cat\u00e1n, Partido de La Matanza<br>DOMICILIO 11: Calle Martin Zapata al 5.400, de la localidad de Gregorio de Laferrere.<\/p>\n\n\n\n<figure class=\"wp-block-embed is-type-video is-provider-youtube wp-block-embed-youtube wp-embed-aspect-16-9 wp-has-aspect-ratio\"><div class=\"wp-block-embed__wrapper\">\n<iframe loading=\"lazy\" title=\"PFA desbarata banda narco 11 allanamientos\" width=\"700\" height=\"394\" src=\"https:\/\/www.youtube.com\/embed\/0rf8gDt-b_w?feature=oembed\" frameborder=\"0\" allow=\"accelerometer; autoplay; clipboard-write; encrypted-media; gyroscope; picture-in-picture; web-share\" allowfullscreen><\/iframe>\n<\/div><\/figure>\n","protected":false},"excerpt":{"rendered":"<p>Agentes de la Divisi\u00f3n Unidad Operativa Federal Mor\u00f3n desbarataron una organizaci\u00f3n delictiva acusada por acopio, distribuci\u00f3n y comercializaci\u00f3n de estupefacientes en el conurbano bonaerense. Las investigaciones se iniciaron por orden del Juzgado de Garant\u00edas N\u00ba4 del Departamento Judicial de La Matanza, a cargo del Dr. Fernando Horacio Pinos Guevara, con intervenci\u00f3n de la Unidad Funcional&hellip;<\/p>\n","protected":false},"author":1,"featured_media":120675,"comment_status":"open","ping_status":"open","sticky":false,"template":"","format":"standard","meta":{"footnotes":""},"categories":[22],"tags":[10226,2675,2450,39619,3028,39620,2738,1401,9632,698,6949],"class_list":["post-120674","post","type-post","status-publish","format-standard","has-post-thumbnail","hentry","category-policiales","tag-banda-narco","tag-carlos-spegazzini","tag-diario-el-sindical","tag-division-unidad-operativa-federal-moron","tag-dock-sud","tag-fiscal-maria-julia-panzoni","tag-gonzalez-catan","tag-la-matanza","tag-laferrere","tag-pfa","tag-virrey-del-pino"],"_links":{"self":[{"href":"https:\/\/www.elsindical.com.ar\/notas\/wp-json\/wp\/v2\/posts\/120674","targetHints":{"allow":["GET"]}}],"collection":[{"href":"https:\/\/www.elsindical.com.ar\/notas\/wp-json\/wp\/v2\/posts"}],"about":[{"href":"https:\/\/www.elsindical.com.ar\/notas\/wp-json\/wp\/v2\/types\/post"}],"author":[{"embeddable":true,"href":"https:\/\/www.elsindical.com.ar\/notas\/wp-json\/wp\/v2\/users\/1"}],"replies":[{"embeddable":true,"href":"https:\/\/www.elsindical.com.ar\/notas\/wp-json\/wp\/v2\/comments?post=120674"}],"version-history":[{"count":3,"href":"https:\/\/www.elsindical.com.ar\/notas\/wp-json\/wp\/v2\/posts\/120674\/revisions"}],"predecessor-version":[{"id":120684,"href":"https:\/\/www.elsindical.com.ar\/notas\/wp-json\/wp\/v2\/posts\/120674\/revisions\/120684"}],"wp:featuredmedia":[{"embeddable":true,"href":"https:\/\/www.elsindical.com.ar\/notas\/wp-json\/wp\/v2\/media\/120675"}],"wp:attachment":[{"href":"https:\/\/www.elsindical.com.ar\/notas\/wp-json\/wp\/v2\/media?parent=120674"}],"wp:term":[{"taxonomy":"category","embeddable":true,"href":"https:\/\/www.elsindical.com.ar\/notas\/wp-json\/wp\/v2\/categories?post=120674"},{"taxonomy":"post_tag","embeddable":true,"href":"https:\/\/www.elsindical.com.ar\/notas\/wp-json\/wp\/v2\/tags?post=120674"}],"curies":[{"name":"wp","href":"https:\/\/api.w.org\/{rel}","templated":true}]}}