{"id":120637,"date":"2023-02-21T07:50:58","date_gmt":"2023-02-21T10:50:58","guid":{"rendered":"https:\/\/www.elsindical.com.ar\/notas\/?p=120637"},"modified":"2023-02-21T08:11:51","modified_gmt":"2023-02-21T11:11:51","slug":"lanus-fue-a-buscar-una-pelota-al-riachuelo-cayo-y-murio-ahogado","status":"publish","type":"post","link":"https:\/\/www.elsindical.com.ar\/notas\/lanus-fue-a-buscar-una-pelota-al-riachuelo-cayo-y-murio-ahogado\/","title":{"rendered":"Lan\u00fas: Fue a buscar una pelota al Riachuelo, cay\u00f3 y muri\u00f3 ahogado"},"content":{"rendered":"<div class=\"wp-block-image\">\n<figure class=\"aligncenter size-large\"><a href=\"https:\/\/www.elsindical.com.ar\/notas\/var\/www\/html\/notas\/wp-content\/uploads\/2023\/02\/ahogado-Riachuelo-en-Lanus.jpeg\"><img loading=\"lazy\" decoding=\"async\" width=\"1024\" height=\"768\" src=\"https:\/\/www.elsindical.com.ar\/notas\/var\/www\/html\/notas\/wp-content\/uploads\/2023\/02\/ahogado-Riachuelo-en-Lanus-1024x768.jpeg\" alt=\"\" class=\"wp-image-120638\" srcset=\"https:\/\/www.elsindical.com.ar\/notas\/var\/www\/html\/notas\/wp-content\/uploads\/2023\/02\/ahogado-Riachuelo-en-Lanus-1024x768.jpeg 1024w, https:\/\/www.elsindical.com.ar\/notas\/var\/www\/html\/notas\/wp-content\/uploads\/2023\/02\/ahogado-Riachuelo-en-Lanus-300x225.jpeg 300w, https:\/\/www.elsindical.com.ar\/notas\/var\/www\/html\/notas\/wp-content\/uploads\/2023\/02\/ahogado-Riachuelo-en-Lanus-768x576.jpeg 768w, https:\/\/www.elsindical.com.ar\/notas\/var\/www\/html\/notas\/wp-content\/uploads\/2023\/02\/ahogado-Riachuelo-en-Lanus-400x300.jpeg 400w, https:\/\/www.elsindical.com.ar\/notas\/var\/www\/html\/notas\/wp-content\/uploads\/2023\/02\/ahogado-Riachuelo-en-Lanus-1536x1152.jpeg 1536w, https:\/\/www.elsindical.com.ar\/notas\/var\/www\/html\/notas\/wp-content\/uploads\/2023\/02\/ahogado-Riachuelo-en-Lanus.jpeg 1600w\" sizes=\"auto, (max-width: 1024px) 100vw, 1024px\" \/><\/a><\/figure>\n<\/div>\n\n\n<p>Un joven de 27 a\u00f1os Javier Aguayos falleci\u00f3 ahogado en el Riachuelo, a la altura de Lan\u00fas, cuando fue a buscar una pelota que se encontraba a la vera de ese curso de agua y cay\u00f3 en el \u00e9l.<\/p>\n\n\n\n<p>El hecho ocurri\u00f3 alrededor de las 19:00 hs. de este s\u00e1bado cuando un grupo de j\u00f3venes se encontraba jugando al f\u00fatbol sobre la Calle Pellegrini al costado del Puente Alsina.<\/p>\n\n\n\n<p><strong>La pelota se fue a la vera del Riachuelo y uno de los j\u00f3venes fue a buscarla. En ese contexto, cay\u00f3 dentro del agua y su cuerpo no fue visto por sus amigos.<\/strong><\/p>\n\n\n\n<p>En el lugar trabajaron integrantes de Defensa Civil de Lan\u00fas, Bomberos voluntarios de Lan\u00fas Oeste, Bomberos de la Cuidad de buenos Aires, el SAME, la Polic\u00eda Bonaerense y Prefectura.<\/p>\n\n\n\n<p>Luego de varias horas de trabajo fue hallado sin vida el cuerpo del joven que se hab\u00eda ca\u00eddo al Riachuelo.<\/p>\n","protected":false},"excerpt":{"rendered":"<p>Un joven de 27 a\u00f1os Javier Aguayos falleci\u00f3 ahogado en el Riachuelo, a la altura de Lan\u00fas, cuando fue a buscar una pelota que se encontraba a la vera de ese curso de agua y cay\u00f3 en el \u00e9l. El hecho ocurri\u00f3 alrededor de las 19:00 hs. de este s\u00e1bado cuando un grupo de j\u00f3venes&hellip;<\/p>\n","protected":false},"author":1,"featured_media":120638,"comment_status":"open","ping_status":"open","sticky":false,"template":"","format":"standard","meta":{"footnotes":""},"categories":[22],"tags":[14884,2450,209,30,1013,4447,2499],"class_list":["post-120637","post","type-post","status-publish","format-standard","has-post-thumbnail","hentry","category-policiales","tag-defensa-civil","tag-diario-el-sindical","tag-lanus","tag-policia","tag-prefectura","tag-riachuelo","tag-same"],"_links":{"self":[{"href":"https:\/\/www.elsindical.com.ar\/notas\/wp-json\/wp\/v2\/posts\/120637","targetHints":{"allow":["GET"]}}],"collection":[{"href":"https:\/\/www.elsindical.com.ar\/notas\/wp-json\/wp\/v2\/posts"}],"about":[{"href":"https:\/\/www.elsindical.com.ar\/notas\/wp-json\/wp\/v2\/types\/post"}],"author":[{"embeddable":true,"href":"https:\/\/www.elsindical.com.ar\/notas\/wp-json\/wp\/v2\/users\/1"}],"replies":[{"embeddable":true,"href":"https:\/\/www.elsindical.com.ar\/notas\/wp-json\/wp\/v2\/comments?post=120637"}],"version-history":[{"count":2,"href":"https:\/\/www.elsindical.com.ar\/notas\/wp-json\/wp\/v2\/posts\/120637\/revisions"}],"predecessor-version":[{"id":120643,"href":"https:\/\/www.elsindical.com.ar\/notas\/wp-json\/wp\/v2\/posts\/120637\/revisions\/120643"}],"wp:featuredmedia":[{"embeddable":true,"href":"https:\/\/www.elsindical.com.ar\/notas\/wp-json\/wp\/v2\/media\/120638"}],"wp:attachment":[{"href":"https:\/\/www.elsindical.com.ar\/notas\/wp-json\/wp\/v2\/media?parent=120637"}],"wp:term":[{"taxonomy":"category","embeddable":true,"href":"https:\/\/www.elsindical.com.ar\/notas\/wp-json\/wp\/v2\/categories?post=120637"},{"taxonomy":"post_tag","embeddable":true,"href":"https:\/\/www.elsindical.com.ar\/notas\/wp-json\/wp\/v2\/tags?post=120637"}],"curies":[{"name":"wp","href":"https:\/\/api.w.org\/{rel}","templated":true}]}}