{"id":120604,"date":"2023-02-18T17:27:22","date_gmt":"2023-02-18T20:27:22","guid":{"rendered":"https:\/\/www.elsindical.com.ar\/notas\/?p=120604"},"modified":"2023-02-18T17:27:23","modified_gmt":"2023-02-18T20:27:23","slug":"jack-cars-del-grupo-albens-s-a-allanada-por-estafas","status":"publish","type":"post","link":"https:\/\/www.elsindical.com.ar\/notas\/jack-cars-del-grupo-albens-s-a-allanada-por-estafas\/","title":{"rendered":"Jack Cars del Grupo Albens S.A allanada por estafas"},"content":{"rendered":"\n<figure class=\"wp-block-image size-large\"><a href=\"https:\/\/www.elsindical.com.ar\/notas\/var\/www\/html\/notas\/wp-content\/uploads\/2023\/02\/Jack-Cars-Avellaneda.jpg\"><img loading=\"lazy\" decoding=\"async\" width=\"1024\" height=\"361\" src=\"https:\/\/www.elsindical.com.ar\/notas\/var\/www\/html\/notas\/wp-content\/uploads\/2023\/02\/Jack-Cars-Avellaneda-1024x361.jpg\" alt=\"\" class=\"wp-image-120605\" srcset=\"https:\/\/www.elsindical.com.ar\/notas\/var\/www\/html\/notas\/wp-content\/uploads\/2023\/02\/Jack-Cars-Avellaneda-1024x361.jpg 1024w, https:\/\/www.elsindical.com.ar\/notas\/var\/www\/html\/notas\/wp-content\/uploads\/2023\/02\/Jack-Cars-Avellaneda-300x106.jpg 300w, https:\/\/www.elsindical.com.ar\/notas\/var\/www\/html\/notas\/wp-content\/uploads\/2023\/02\/Jack-Cars-Avellaneda-768x270.jpg 768w, https:\/\/www.elsindical.com.ar\/notas\/var\/www\/html\/notas\/wp-content\/uploads\/2023\/02\/Jack-Cars-Avellaneda-500x176.jpg 500w, https:\/\/www.elsindical.com.ar\/notas\/var\/www\/html\/notas\/wp-content\/uploads\/2023\/02\/Jack-Cars-Avellaneda.jpg 1400w\" sizes=\"auto, (max-width: 1024px) 100vw, 1024px\" \/><\/a><\/figure>\n\n\n\n<p>   La sucursal de la empresa Jack Cars en el partido de Avellaneda, ubicada en la Av. Belgrano 777, fue allanada por la polic\u00eda, en una investigaci\u00f3n judicial por denuncias de estafas con los planes de ahorro que se ofrecen en dicha sucursal. <\/p>\n\n\n\n<p>Sin que se conozcan los pormenores de la investigaci\u00f3n que se mantiene en silencio en los medios locales, pero que han trascendido las denuncias en las redes sociales, un medio donde es dif\u00edcil controlar las publicaciones se supo que ser\u00edan varios los afectados y que incluso la polic\u00eda demor\u00f3 a una mujer antes del allanamiento que fue realizado distinto a lo que se suele llevar acabo por la polic\u00eda, seg\u00fan testigos, la polic\u00eda ingreso sin ejercer violencia y como si fuera una simple visita, privilegios de quienes tienen dinero y contactos.<\/p>\n\n\n\n<p>Curiosamente la empresa a la fecha no ha emitido ning\u00fan comunicado al respecto sobre los hechos que se investigan.<\/p>\n","protected":false},"excerpt":{"rendered":"<p>La sucursal de la empresa Jack Cars en el partido de Avellaneda, ubicada en la Av. Belgrano 777, fue allanada por la polic\u00eda, en una investigaci\u00f3n judicial por denuncias de estafas con los planes de ahorro que se ofrecen en dicha sucursal. Sin que se conozcan los pormenores de la investigaci\u00f3n que se mantiene en&hellip;<\/p>\n","protected":false},"author":1,"featured_media":120605,"comment_status":"open","ping_status":"open","sticky":false,"template":"","format":"standard","meta":{"footnotes":""},"categories":[22],"tags":[607,39596,461,2450,2704,22024,39595,39597,30],"class_list":["post-120604","post","type-post","status-publish","format-standard","has-post-thumbnail","hentry","category-policiales","tag-agencia","tag-albens-s-a","tag-avellaneda","tag-diario-el-sindical","tag-estafas","tag-investigacion","tag-jack-cars","tag-planes-de-ahorro","tag-policia"],"_links":{"self":[{"href":"https:\/\/www.elsindical.com.ar\/notas\/wp-json\/wp\/v2\/posts\/120604","targetHints":{"allow":["GET"]}}],"collection":[{"href":"https:\/\/www.elsindical.com.ar\/notas\/wp-json\/wp\/v2\/posts"}],"about":[{"href":"https:\/\/www.elsindical.com.ar\/notas\/wp-json\/wp\/v2\/types\/post"}],"author":[{"embeddable":true,"href":"https:\/\/www.elsindical.com.ar\/notas\/wp-json\/wp\/v2\/users\/1"}],"replies":[{"embeddable":true,"href":"https:\/\/www.elsindical.com.ar\/notas\/wp-json\/wp\/v2\/comments?post=120604"}],"version-history":[{"count":1,"href":"https:\/\/www.elsindical.com.ar\/notas\/wp-json\/wp\/v2\/posts\/120604\/revisions"}],"predecessor-version":[{"id":120606,"href":"https:\/\/www.elsindical.com.ar\/notas\/wp-json\/wp\/v2\/posts\/120604\/revisions\/120606"}],"wp:featuredmedia":[{"embeddable":true,"href":"https:\/\/www.elsindical.com.ar\/notas\/wp-json\/wp\/v2\/media\/120605"}],"wp:attachment":[{"href":"https:\/\/www.elsindical.com.ar\/notas\/wp-json\/wp\/v2\/media?parent=120604"}],"wp:term":[{"taxonomy":"category","embeddable":true,"href":"https:\/\/www.elsindical.com.ar\/notas\/wp-json\/wp\/v2\/categories?post=120604"},{"taxonomy":"post_tag","embeddable":true,"href":"https:\/\/www.elsindical.com.ar\/notas\/wp-json\/wp\/v2\/tags?post=120604"}],"curies":[{"name":"wp","href":"https:\/\/api.w.org\/{rel}","templated":true}]}}