{"id":120595,"date":"2023-02-18T12:25:13","date_gmt":"2023-02-18T15:25:13","guid":{"rendered":"https:\/\/www.elsindical.com.ar\/notas\/?p=120595"},"modified":"2023-02-18T12:25:14","modified_gmt":"2023-02-18T15:25:14","slug":"los-docentes-tendran-un-aumento-del-439-en-el-primer-cuatrimestre","status":"publish","type":"post","link":"https:\/\/www.elsindical.com.ar\/notas\/los-docentes-tendran-un-aumento-del-439-en-el-primer-cuatrimestre\/","title":{"rendered":"Los docentes tendr\u00e1n un aumento del 43,9% en el primer cuatrimestre"},"content":{"rendered":"<div class=\"wp-block-image\">\n<figure class=\"aligncenter size-full is-resized\"><a href=\"https:\/\/www.elsindical.com.ar\/notas\/var\/www\/html\/notas\/wp-content\/uploads\/2023\/02\/paritaria-docente-2023.jpg\"><img loading=\"lazy\" decoding=\"async\" src=\"https:\/\/www.elsindical.com.ar\/notas\/var\/www\/html\/notas\/wp-content\/uploads\/2023\/02\/paritaria-docente-2023.jpg\" alt=\"\" class=\"wp-image-120596\" width=\"752\" height=\"422\" srcset=\"https:\/\/www.elsindical.com.ar\/notas\/var\/www\/html\/notas\/wp-content\/uploads\/2023\/02\/paritaria-docente-2023.jpg 680w, https:\/\/www.elsindical.com.ar\/notas\/var\/www\/html\/notas\/wp-content\/uploads\/2023\/02\/paritaria-docente-2023-300x169.jpg 300w, https:\/\/www.elsindical.com.ar\/notas\/var\/www\/html\/notas\/wp-content\/uploads\/2023\/02\/paritaria-docente-2023-500x281.jpg 500w\" sizes=\"auto, (max-width: 752px) 100vw, 752px\" \/><\/a><\/figure>\n<\/div>\n\n\n<p>Participaron los cincos gremios de representaci\u00f3n nacional, CTERA, UDA, CEA, SADOP y AMET.<\/p>\n\n\n\n<p>El Gobierno Nacional acord\u00f3 con los gremios docentes <strong>un aumento del 43,9% para el primer cuatrimestre del a\u00f1o, por lo que se garantiza un inicio de clases sin conflictos.<\/strong><\/p>\n\n\n\n<p>El presidente <strong>Alberto Fern\u00e1ndez; el ministro de Econom\u00eda, Sergio Massa; <\/strong>el de Educaci\u00f3n, Jaime Perczyk; y la de Trabajo, Raquel Olmos, se reunieron con los representantes sindicales este viernes en el marco del segundo encuentro de la paritaria que comenz\u00f3 la semana pasada.<\/p>\n\n\n\n<p>De la negociaci\u00f3n participaron <strong>los cincos gremios de representaci\u00f3n nacional<\/strong>, CTERA, UDA, CEA, SADOP y AMET.<\/p>\n\n\n\n<p>El acuerdo en paritarias <strong>se alcanz\u00f3 a menos de dos semanas del inicio de las clases <\/strong>en todo el pa\u00eds.<\/p>\n\n\n\n<p>\u201cLa decisi\u00f3n pol\u00edtica de nuestro gobierno fue desde el primer d\u00eda que los trabajadores de la educaci\u00f3n <strong>no s\u00f3lo no pierdan frente a la inflaci\u00f3n sino que recuperen el salario<\/strong>, y este acuerdo es una muestra de ese compromiso\u201d, afirm\u00f3 Perczyk tras cerrar la paritaria.<\/p>\n\n\n\n<p>Sostuvo, adem\u00e1s, que el \u201ctrabajo y compromiso de los gremios y del Ministerio de Econom\u00eda para <strong>acordar un aumento muchos d\u00edas antes del inicio del ciclo lectivo <\/strong>y dar certidumbre y previsibilidad a las provincias\u201d.<\/p>\n\n\n\n<p>Seg\u00fan public\u00f3 CTERA, el aumento fue del 43,9% para el primer trimestre, por lo que <strong>el salario m\u00ednimo de un docente pasar\u00e1 de $90.338 y $130.000 a partir de marzo,<\/strong> y la paritaria quedar\u00e1 abierta y tendr\u00e1 <strong>revisiones en mayo y julio<\/strong>.<\/p>\n\n\n\n<p>\u201cDespu\u00e9s de muchos a\u00f1os de reclamos, <strong>se da la respuesta al tema del Impuesto a las Ganancias a los docentes <\/strong>que van a ver deducidos sus aportes y mejorar\u00e1 los ingresos de todos los docentes del pa\u00eds\u201d, indic\u00f3 el gremio liderado por Sonia Alesso y Roberto Baradel.<\/p>\n\n\n\n<p>En un comunicado, agreg\u00f3: \u201cSe discutir\u00e1 una nueva ley de Financiamiento <strong>que eleve el Presupuesto del 6% al 8% <\/strong>del PBI en educaci\u00f3n\u201d.<\/p>\n\n\n\n<p>\u201cSe exigi\u00f3 <strong>que el aumento acordado se traslade a los docentes jubilados <\/strong>nacionales\u201d, dijo CTERA.<\/p>\n","protected":false},"excerpt":{"rendered":"<p>Participaron los cincos gremios de representaci\u00f3n nacional, CTERA, UDA, CEA, SADOP y AMET. El Gobierno Nacional acord\u00f3 con los gremios docentes un aumento del 43,9% para el primer cuatrimestre del a\u00f1o, por lo que se garantiza un inicio de clases sin conflictos. El presidente Alberto Fern\u00e1ndez; el ministro de Econom\u00eda, Sergio Massa; el de Educaci\u00f3n,&hellip;<\/p>\n","protected":false},"author":1,"featured_media":120596,"comment_status":"open","ping_status":"open","sticky":false,"template":"","format":"standard","meta":{"footnotes":""},"categories":[16],"tags":[4323,357,6060,2719,2450,497,778,803,2720],"class_list":["post-120595","post","type-post","status-publish","format-standard","has-post-thumbnail","hentry","category-gremiales","tag-amet","tag-aumento","tag-cea","tag-ctera","tag-diario-el-sindical","tag-docentes","tag-sadop","tag-salarios","tag-uda"],"_links":{"self":[{"href":"https:\/\/www.elsindical.com.ar\/notas\/wp-json\/wp\/v2\/posts\/120595","targetHints":{"allow":["GET"]}}],"collection":[{"href":"https:\/\/www.elsindical.com.ar\/notas\/wp-json\/wp\/v2\/posts"}],"about":[{"href":"https:\/\/www.elsindical.com.ar\/notas\/wp-json\/wp\/v2\/types\/post"}],"author":[{"embeddable":true,"href":"https:\/\/www.elsindical.com.ar\/notas\/wp-json\/wp\/v2\/users\/1"}],"replies":[{"embeddable":true,"href":"https:\/\/www.elsindical.com.ar\/notas\/wp-json\/wp\/v2\/comments?post=120595"}],"version-history":[{"count":1,"href":"https:\/\/www.elsindical.com.ar\/notas\/wp-json\/wp\/v2\/posts\/120595\/revisions"}],"predecessor-version":[{"id":120597,"href":"https:\/\/www.elsindical.com.ar\/notas\/wp-json\/wp\/v2\/posts\/120595\/revisions\/120597"}],"wp:featuredmedia":[{"embeddable":true,"href":"https:\/\/www.elsindical.com.ar\/notas\/wp-json\/wp\/v2\/media\/120596"}],"wp:attachment":[{"href":"https:\/\/www.elsindical.com.ar\/notas\/wp-json\/wp\/v2\/media?parent=120595"}],"wp:term":[{"taxonomy":"category","embeddable":true,"href":"https:\/\/www.elsindical.com.ar\/notas\/wp-json\/wp\/v2\/categories?post=120595"},{"taxonomy":"post_tag","embeddable":true,"href":"https:\/\/www.elsindical.com.ar\/notas\/wp-json\/wp\/v2\/tags?post=120595"}],"curies":[{"name":"wp","href":"https:\/\/api.w.org\/{rel}","templated":true}]}}