{"id":120590,"date":"2023-02-18T10:32:23","date_gmt":"2023-02-18T13:32:23","guid":{"rendered":"https:\/\/www.elsindical.com.ar\/notas\/?p=120590"},"modified":"2023-02-18T10:32:26","modified_gmt":"2023-02-18T13:32:26","slug":"brasil-el-gobierno-de-lula-asegura-que-existe-un-registro-de-vacunacion-contra-el-coronavirus-de-jair-bolsonaro","status":"publish","type":"post","link":"https:\/\/www.elsindical.com.ar\/notas\/brasil-el-gobierno-de-lula-asegura-que-existe-un-registro-de-vacunacion-contra-el-coronavirus-de-jair-bolsonaro\/","title":{"rendered":"Brasil: El Gobierno de Lula asegura que existe un registro de vacunaci\u00f3n contra el coronavirus de Jair Bolsonaro"},"content":{"rendered":"\n<figure class=\"wp-block-image size-large\"><a href=\"https:\/\/www.elsindical.com.ar\/notas\/var\/www\/html\/notas\/wp-content\/uploads\/2020\/07\/Bolsonaro-COVID-19.jpg\"><img loading=\"lazy\" decoding=\"async\" width=\"1024\" height=\"613\" src=\"https:\/\/www.elsindical.com.ar\/notas\/var\/www\/html\/notas\/wp-content\/uploads\/2020\/07\/Bolsonaro-COVID-19-1024x613.jpg\" alt=\"\" class=\"wp-image-97307\" srcset=\"https:\/\/www.elsindical.com.ar\/notas\/var\/www\/html\/notas\/wp-content\/uploads\/2020\/07\/Bolsonaro-COVID-19-1024x613.jpg 1024w, https:\/\/www.elsindical.com.ar\/notas\/var\/www\/html\/notas\/wp-content\/uploads\/2020\/07\/Bolsonaro-COVID-19-300x179.jpg 300w, https:\/\/www.elsindical.com.ar\/notas\/var\/www\/html\/notas\/wp-content\/uploads\/2020\/07\/Bolsonaro-COVID-19-768x459.jpg 768w, https:\/\/www.elsindical.com.ar\/notas\/var\/www\/html\/notas\/wp-content\/uploads\/2020\/07\/Bolsonaro-COVID-19-500x300.jpg 500w, https:\/\/www.elsindical.com.ar\/notas\/var\/www\/html\/notas\/wp-content\/uploads\/2020\/07\/Bolsonaro-COVID-19.jpg 1170w\" sizes=\"auto, (max-width: 1024px) 100vw, 1024px\" \/><\/a><\/figure>\n\n\n\n<p>Seg\u00fan afirma el informe, el expresidente se habr\u00eda inoculado el 19 de julio de 2021. El ex mandatario se declaraba antivacunas.<\/p>\n\n\n\n<p>El gobierno de <strong>Lula da Silva<\/strong> afirm\u00f3 que existe un <strong>registro de vacunaci\u00f3n contra el coronavirus<\/strong>\u00a0del ex presidente<strong> Jair Bolsonaro<\/strong>, quien durante la pandemia hab\u00eda dicho que<strong> no se iba a vacunar<\/strong> e hizo campa\u00f1a contra\u00a0su efectividad.<\/p>\n\n\n\n<p>Lo afirm\u00f3 el ministro de la Controladur\u00eda General de la Uni\u00f3n, <strong>Vinicius de Carvalho<\/strong>, aunque aclar\u00f3 que se est\u00e1 determinando la veracidad de esos documentos que se encuentran en los archivos del ente de contralor.<\/p>\n\n\n\n<p>Bolsonaro hab\u00eda determinado el secreto por 100 a\u00f1os de su libreta de vacunaci\u00f3n obligatoria y <strong>se posicion\u00f3 contra la obligatoriedad de la vacuna<\/strong>, adem\u00e1s de que se enorgullec\u00eda al decir que iba a ser el \u00faltimo en recibirla.<\/p>\n\n\n\n<p><strong>\u00abEl registro existe, esto es lo que sabemos.<\/strong> Hay un oficio dentro de la CGU con informaciones pasadas por el Ministerio de Salud\u00bb, dijo Carvalho.<\/p>\n\n\n\n<p>El registro indica que Bolsonaro habr\u00eda recibido<strong> la dosis \u00fanica de Janssen el 19 de julio de 2021<\/strong>, en una sala de primeros auxilios de Perus, zona norte de San Pablo.<\/p>\n\n\n\n<p><strong>El 18 de julio de 2021 Bolsonaro fue dado de alta despu\u00e9s de haber pasado cuatro d\u00edas internado por una obstrucci\u00f3n g\u00e1strica<\/strong> en el hospital privado Nova Star, en San Pablo.<\/p>\n\n\n\n<p>El ministro asegur\u00f3 que se investiga<strong> si hubo alguna alteraci\u00f3n en la libreta de vacuna de Bolsonaro dentro del Sistema Unico de Salud<\/strong> (SUS).<\/p>\n\n\n\n<h2 class=\"wp-block-heading\">Investigaci\u00f3n sobre el ministro de Salud<\/h2>\n\n\n\n<p>La Controladur\u00eda General de la Uni\u00f3n anunci\u00f3 que en 10 d\u00edas el Ej\u00e9rcito levantar\u00e1 el secreto de 100 a\u00f1os del proceso disciplinario abierto al general retirado <strong>Eduardo Pazuello<\/strong>, el controvertido ex ministro de Salud de Bolsonaro que era el responsable cuando ocurri\u00f3 la crisis por la falta de ox\u00edgeno en los hospitales de Manaos, estado de Amazonas, a inicios de 2021.<\/p>\n\n\n\n<p><strong>El proceso abierto contra Pazuello es de mayo de 2021<\/strong>, cuando hab\u00eda dejado de ser ministro pero segu\u00eda siendo general activo del Ej\u00e9rcito y pese a que estaba prohibido por su cargo particip\u00f3 de un acto partidario fuera de agenda oficial del presidente Bolsonaro.<\/p>\n\n\n\n<p>Pazuello logr\u00f3 ser elegido como<strong> diputado federal por R\u00edo de Janeiro<\/strong> en las pasadas elecciones.<\/p>\n\n\n\n<p>El gobierno de Lula determin\u00f3 desde los primeros decretos del 1 de enero pasado <strong>el levantamiento de todos los secretos centenarios determinados por <\/strong><strong>Bolsonaro<\/strong> a varias acciones de gobierno, entre ellos el libro de visitas a la residencia presidencial sobre los invitados de la ex primera dama Michelle.<\/p>\n","protected":false},"excerpt":{"rendered":"<p>Seg\u00fan afirma el informe, el expresidente se habr\u00eda inoculado el 19 de julio de 2021. El ex mandatario se declaraba antivacunas. El gobierno de Lula da Silva afirm\u00f3 que existe un registro de vacunaci\u00f3n contra el coronavirus\u00a0del ex presidente Jair Bolsonaro, quien durante la pandemia hab\u00eda dicho que no se iba a vacunar e hizo&hellip;<\/p>\n","protected":false},"author":1,"featured_media":97307,"comment_status":"open","ping_status":"open","sticky":false,"template":"","format":"standard","meta":{"footnotes":""},"categories":[18],"tags":[35700,95,32627,2450,29775,15769,39591],"class_list":["post-120590","post","type-post","status-publish","format-standard","has-post-thumbnail","hentry","category-internacionales","tag-antivacunas","tag-brasil","tag-covid-19","tag-diario-el-sindical","tag-jair-bolsonaro","tag-lula","tag-vacunado"],"_links":{"self":[{"href":"https:\/\/www.elsindical.com.ar\/notas\/wp-json\/wp\/v2\/posts\/120590","targetHints":{"allow":["GET"]}}],"collection":[{"href":"https:\/\/www.elsindical.com.ar\/notas\/wp-json\/wp\/v2\/posts"}],"about":[{"href":"https:\/\/www.elsindical.com.ar\/notas\/wp-json\/wp\/v2\/types\/post"}],"author":[{"embeddable":true,"href":"https:\/\/www.elsindical.com.ar\/notas\/wp-json\/wp\/v2\/users\/1"}],"replies":[{"embeddable":true,"href":"https:\/\/www.elsindical.com.ar\/notas\/wp-json\/wp\/v2\/comments?post=120590"}],"version-history":[{"count":1,"href":"https:\/\/www.elsindical.com.ar\/notas\/wp-json\/wp\/v2\/posts\/120590\/revisions"}],"predecessor-version":[{"id":120591,"href":"https:\/\/www.elsindical.com.ar\/notas\/wp-json\/wp\/v2\/posts\/120590\/revisions\/120591"}],"wp:featuredmedia":[{"embeddable":true,"href":"https:\/\/www.elsindical.com.ar\/notas\/wp-json\/wp\/v2\/media\/97307"}],"wp:attachment":[{"href":"https:\/\/www.elsindical.com.ar\/notas\/wp-json\/wp\/v2\/media?parent=120590"}],"wp:term":[{"taxonomy":"category","embeddable":true,"href":"https:\/\/www.elsindical.com.ar\/notas\/wp-json\/wp\/v2\/categories?post=120590"},{"taxonomy":"post_tag","embeddable":true,"href":"https:\/\/www.elsindical.com.ar\/notas\/wp-json\/wp\/v2\/tags?post=120590"}],"curies":[{"name":"wp","href":"https:\/\/api.w.org\/{rel}","templated":true}]}}