{"id":120554,"date":"2023-02-16T02:36:09","date_gmt":"2023-02-16T05:36:09","guid":{"rendered":"https:\/\/www.elsindical.com.ar\/notas\/?p=120554"},"modified":"2023-02-16T02:36:10","modified_gmt":"2023-02-16T05:36:10","slug":"quilmes-denunciaran-a-fiscales-que-obliguen-a-trabajar-a-empleados-en-oficinas-sin-ventilacion","status":"publish","type":"post","link":"https:\/\/www.elsindical.com.ar\/notas\/quilmes-denunciaran-a-fiscales-que-obliguen-a-trabajar-a-empleados-en-oficinas-sin-ventilacion\/","title":{"rendered":"Quilmes: Denunciar\u00e1n a fiscales que obliguen a trabajar a empleados en oficinas sin ventilaci\u00f3n"},"content":{"rendered":"\n<figure class=\"wp-block-image size-full\"><a href=\"https:\/\/www.elsindical.com.ar\/notas\/var\/www\/html\/notas\/wp-content\/uploads\/2023\/02\/Tribunales-penales-de-Quilmes-3.jpg\"><img loading=\"lazy\" decoding=\"async\" width=\"880\" height=\"512\" src=\"https:\/\/www.elsindical.com.ar\/notas\/var\/www\/html\/notas\/wp-content\/uploads\/2023\/02\/Tribunales-penales-de-Quilmes-3.jpg\" alt=\"\" class=\"wp-image-120555\" srcset=\"https:\/\/www.elsindical.com.ar\/notas\/var\/www\/html\/notas\/wp-content\/uploads\/2023\/02\/Tribunales-penales-de-Quilmes-3.jpg 880w, https:\/\/www.elsindical.com.ar\/notas\/var\/www\/html\/notas\/wp-content\/uploads\/2023\/02\/Tribunales-penales-de-Quilmes-3-300x175.jpg 300w, https:\/\/www.elsindical.com.ar\/notas\/var\/www\/html\/notas\/wp-content\/uploads\/2023\/02\/Tribunales-penales-de-Quilmes-3-768x447.jpg 768w, https:\/\/www.elsindical.com.ar\/notas\/var\/www\/html\/notas\/wp-content\/uploads\/2023\/02\/Tribunales-penales-de-Quilmes-3-500x291.jpg 500w\" sizes=\"auto, (max-width: 880px) 100vw, 880px\" \/><\/a><\/figure>\n\n\n\n<p class=\"wp-block-paragraph\">La Asociaci\u00f3n Judicial Bonaerense (AJB) seccional Quilmes anunci\u00f3 que denunciar\u00e1 administrativa y judicialmente a fiscales que no permitan el trabajo remoto a empleados de fiscal\u00edas que no tienen ventilaci\u00f3n ni aire acondicionado.<\/p>\n\n\n\n<p class=\"wp-block-paragraph\">Se trata de las UFI\u00b4s ubicadas en el 5to piso del edificio del Fuero Penal Quilmes, ubicado en Hip\u00f3lito Yrigoyen 475.<\/p>\n\n\n\n<p class=\"wp-block-paragraph\">\u201cConforme a lo establecido por el Fiscal General en la Nota 10970\/12 lxs Agentes Fiscales y lxs titulares ante la constataci\u00f3n de desperfectos en el sistema de climatizaci\u00f3n decidir\u00e1n si lxs trabajadorxs a su cargo deben permanecer en el lugar de trabajo o en su caso retirarse del mismo\u201d, argument\u00f3 el gremio en un comunicado, tras una asamblea de empleados del Fuero Penal de Quilmes.<\/p>\n\n\n\n<p class=\"wp-block-paragraph\">El secretario General de la AJB Quilmes, Nahuel Staffa, afirm\u00f3 que est\u00e1 la decisi\u00f3n de denunciar a los fiscales que no cumplan con la disposici\u00f3n de permitirles a los empleados hacer trabajo remoto ante la falta de funcionamiento del aire acondicionado.<\/p>\n\n\n\n<p class=\"wp-block-paragraph\"><strong>\u201cAdem\u00e1s de la falta de aire acondicionado, el 5to piso del Fuero Penal tiene todas las oficinas pegadas una a la otra y pr\u00e1cticamente no hay ventilaci\u00f3n al exterior. Es una situaci\u00f3n delicada, con este calor, tanto para los empleados como para la gente que se acerca a las fiscal\u00edas\u201d, explic\u00f3 el dirigente.<\/strong><\/p>\n\n\n\n<p class=\"wp-block-paragraph\">En la misma l\u00ednea hizo hincapi\u00e9 en que en el sector en conflicto funcionan fiscal\u00eda que abordan temas sensibles como abusos. \u201cLlega gente en estado vulnerabilidad y es inhumano que la atienda en un lugar as\u00ed\u201d, expres\u00f3.<\/p>\n\n\n\n<p class=\"wp-block-paragraph\">\u201cInstaremos a Seguridad e Higiene del Ministerio P\u00fablico a peritar las condiciones laborales en la que se encuentran lxs trabajadorxs de dicho lugar y de no ser apto el espacio para desempe\u00f1ar funciones pediremos en tal caso la clausura del 5to piso, no solo por nuestrxs compa\u00f1erxs, sino tambi\u00e9n por la salud del p\u00fablico en general\u201d, plante\u00f3 en su comunicado la AJB de Quilmes.<\/p>\n\n\n\n<p class=\"wp-block-paragraph\">Nahuel Staffa tambi\u00e9n manifest\u00f3 su preocupaci\u00f3n por el retraso en el arreglo de los aires acondicionados existentes en el 5to del Fuero Penal, \u201cuna responsabilidad que es de la Procuraci\u00f3n\u201d.<\/p>\n","protected":false},"excerpt":{"rendered":"<p>La Asociaci\u00f3n Judicial Bonaerense (AJB) seccional Quilmes anunci\u00f3 que denunciar\u00e1 administrativa y judicialmente a fiscales que no permitan el trabajo remoto a empleados de fiscal\u00edas que no tienen ventilaci\u00f3n ni aire acondicionado. Se trata de las UFI\u00b4s ubicadas en el 5to piso del edificio del Fuero Penal Quilmes, ubicado en Hip\u00f3lito Yrigoyen 475. \u201cConforme a&hellip;<\/p>\n","protected":false},"author":1,"featured_media":120555,"comment_status":"open","ping_status":"open","sticky":false,"template":"","format":"standard","meta":{"footnotes":""},"categories":[20],"tags":[4626,2450,39582,39580,684,39581],"class_list":["post-120554","post","type-post","status-publish","format-standard","has-post-thumbnail","hentry","category-judiciales","tag-ajb","tag-diario-el-sindical","tag-fiscalia-general-de-quilmes","tag-nahuel-staffa","tag-quilmes","tag-ventilacion"],"_links":{"self":[{"href":"https:\/\/www.elsindical.com.ar\/notas\/wp-json\/wp\/v2\/posts\/120554","targetHints":{"allow":["GET"]}}],"collection":[{"href":"https:\/\/www.elsindical.com.ar\/notas\/wp-json\/wp\/v2\/posts"}],"about":[{"href":"https:\/\/www.elsindical.com.ar\/notas\/wp-json\/wp\/v2\/types\/post"}],"author":[{"embeddable":true,"href":"https:\/\/www.elsindical.com.ar\/notas\/wp-json\/wp\/v2\/users\/1"}],"replies":[{"embeddable":true,"href":"https:\/\/www.elsindical.com.ar\/notas\/wp-json\/wp\/v2\/comments?post=120554"}],"version-history":[{"count":1,"href":"https:\/\/www.elsindical.com.ar\/notas\/wp-json\/wp\/v2\/posts\/120554\/revisions"}],"predecessor-version":[{"id":120556,"href":"https:\/\/www.elsindical.com.ar\/notas\/wp-json\/wp\/v2\/posts\/120554\/revisions\/120556"}],"wp:featuredmedia":[{"embeddable":true,"href":"https:\/\/www.elsindical.com.ar\/notas\/wp-json\/wp\/v2\/media\/120555"}],"wp:attachment":[{"href":"https:\/\/www.elsindical.com.ar\/notas\/wp-json\/wp\/v2\/media?parent=120554"}],"wp:term":[{"taxonomy":"category","embeddable":true,"href":"https:\/\/www.elsindical.com.ar\/notas\/wp-json\/wp\/v2\/categories?post=120554"},{"taxonomy":"post_tag","embeddable":true,"href":"https:\/\/www.elsindical.com.ar\/notas\/wp-json\/wp\/v2\/tags?post=120554"}],"curies":[{"name":"wp","href":"https:\/\/api.w.org\/{rel}","templated":true}]}}