{"id":120484,"date":"2023-02-14T11:20:58","date_gmt":"2023-02-14T14:20:58","guid":{"rendered":"https:\/\/www.elsindical.com.ar\/notas\/?p=120484"},"modified":"2023-02-14T11:20:59","modified_gmt":"2023-02-14T14:20:59","slug":"provincia-lanzo-la-receta-electronica-como-funcionara","status":"publish","type":"post","link":"https:\/\/www.elsindical.com.ar\/notas\/provincia-lanzo-la-receta-electronica-como-funcionara\/","title":{"rendered":"Provincia lanz\u00f3 la receta electr\u00f3nica: c\u00f3mo funcionar\u00e1"},"content":{"rendered":"<div class=\"wp-block-image\">\n<figure class=\"aligncenter size-large\"><a href=\"https:\/\/www.elsindical.com.ar\/notas\/var\/www\/html\/notas\/wp-content\/uploads\/2023\/02\/receta-electronica-bonaerense-scaled.jpeg\"><img loading=\"lazy\" decoding=\"async\" width=\"1024\" height=\"1024\" src=\"https:\/\/www.elsindical.com.ar\/notas\/var\/www\/html\/notas\/wp-content\/uploads\/2023\/02\/receta-electronica-bonaerense-1024x1024.jpeg\" alt=\"\" class=\"wp-image-120485\" srcset=\"https:\/\/www.elsindical.com.ar\/notas\/var\/www\/html\/notas\/wp-content\/uploads\/2023\/02\/receta-electronica-bonaerense-1024x1024.jpeg 1024w, https:\/\/www.elsindical.com.ar\/notas\/var\/www\/html\/notas\/wp-content\/uploads\/2023\/02\/receta-electronica-bonaerense-300x300.jpeg 300w, https:\/\/www.elsindical.com.ar\/notas\/var\/www\/html\/notas\/wp-content\/uploads\/2023\/02\/receta-electronica-bonaerense-150x150.jpeg 150w, https:\/\/www.elsindical.com.ar\/notas\/var\/www\/html\/notas\/wp-content\/uploads\/2023\/02\/receta-electronica-bonaerense-768x768.jpeg 768w, https:\/\/www.elsindical.com.ar\/notas\/var\/www\/html\/notas\/wp-content\/uploads\/2023\/02\/receta-electronica-bonaerense-1536x1536.jpeg 1536w, https:\/\/www.elsindical.com.ar\/notas\/var\/www\/html\/notas\/wp-content\/uploads\/2023\/02\/receta-electronica-bonaerense-2048x2048.jpeg 2048w, https:\/\/www.elsindical.com.ar\/notas\/var\/www\/html\/notas\/wp-content\/uploads\/2023\/02\/receta-electronica-bonaerense-50x50.jpeg 50w\" sizes=\"auto, (max-width: 1024px) 100vw, 1024px\" \/><\/a><\/figure>\n<\/div>\n\n\n<p>Fue consensuado con m\u00e9dicos y farmac\u00e9uticos.<\/p>\n\n\n\n<p>El Gobierno provincial present\u00f3 hoy la receta electr\u00f3nica bonaerense, una nueva herramienta que, seg\u00fan aseguraron desde el <a href=\"https:\/\/twitter.com\/SaludBAP\" target=\"_blank\" rel=\"noreferrer noopener\">Ministerio de Salud<\/a>, ayudar\u00e1 a <strong>mejorar la atenci\u00f3n de afiliados de obras sociales y prepagas, as\u00ed como tambi\u00e9n la de quienes recurran al sistema p\u00fablico <\/strong>sanitario.<\/p>\n\n\n\n<p>\u201cDesde hoy mismo 13 de febrero, los <strong>profesionales podr\u00e1n inscribirse en uno de los 175 puntos de registro habilitados en toda la provincia con su DNI y matr\u00edcula: <\/strong><a rel=\"noreferrer noopener\" href=\"http:\/\/www.gba.gob.ar\/saludprovincia\" target=\"_blank\">www.gba.gob.ar\/saludprovincia<\/a>\u201d, informaron desde la cartera sanitaria en un comunicado. \u201cNo tiene ning\u00fan tipo de costo para el profesional y se puede confeccionar a trav\u00e9s de cualquier computadora o celular\u201d, remarcaron.<\/p>\n\n\n\n<p>En ese sentido, consideraron que se trata de \u201cuna herramienta de integraci\u00f3n\u201d y recordaron que el Estado <strong>\u201ces el principal interesado en ordenar el sistema, poner a disposici\u00f3n una herramienta que estar\u00e1 disponible para todos los profesionales y todas las farmacias <\/strong>independientemente del subsistema al que pertenezcan\u201d.<\/p>\n\n\n\n<p>En tanto, desde el Ministerio aclararon que <strong>estar\u00e1 disponible para toda la poblaci\u00f3n a partir del 28 de febrero. <\/strong>En rigor, la receta de medicamentos ser\u00e1 prescripta por un profesional a trav\u00e9s del celular o correo electr\u00f3nico y se podr\u00e1 presentar en cualquier farmacia de la provincia.<\/p>\n\n\n\n<p>\u201cSe facilitar\u00e1 la gesti\u00f3n de los medicamentos a quienes requieren un tratamiento prolongado, porque evitar\u00e1 concurrir al consultorio una vez por mes\u201d, a\u00f1adieron desde Salud. <strong>\u201cEs una herramienta que est\u00e1 consensuada con el Colegio de M\u00e9dicos y Colegio de Farmac\u00e9uticos de PBA<\/strong>\u201d.<\/p>\n","protected":false},"excerpt":{"rendered":"<p>Fue consensuado con m\u00e9dicos y farmac\u00e9uticos. El Gobierno provincial present\u00f3 hoy la receta electr\u00f3nica bonaerense, una nueva herramienta que, seg\u00fan aseguraron desde el Ministerio de Salud, ayudar\u00e1 a mejorar la atenci\u00f3n de afiliados de obras sociales y prepagas, as\u00ed como tambi\u00e9n la de quienes recurran al sistema p\u00fablico sanitario. \u201cDesde hoy mismo 13 de febrero,&hellip;<\/p>\n","protected":false},"author":1,"featured_media":120485,"comment_status":"open","ping_status":"open","sticky":false,"template":"","format":"standard","meta":{"footnotes":""},"categories":[23],"tags":[364,2450,4799,23720,9674,39562,22031],"class_list":["post-120484","post","type-post","status-publish","format-standard","has-post-thumbnail","hentry","category-salud","tag-bonaerense","tag-diario-el-sindical","tag-dni","tag-matricula","tag-receta","tag-receta-electronica","tag-salud"],"_links":{"self":[{"href":"https:\/\/www.elsindical.com.ar\/notas\/wp-json\/wp\/v2\/posts\/120484","targetHints":{"allow":["GET"]}}],"collection":[{"href":"https:\/\/www.elsindical.com.ar\/notas\/wp-json\/wp\/v2\/posts"}],"about":[{"href":"https:\/\/www.elsindical.com.ar\/notas\/wp-json\/wp\/v2\/types\/post"}],"author":[{"embeddable":true,"href":"https:\/\/www.elsindical.com.ar\/notas\/wp-json\/wp\/v2\/users\/1"}],"replies":[{"embeddable":true,"href":"https:\/\/www.elsindical.com.ar\/notas\/wp-json\/wp\/v2\/comments?post=120484"}],"version-history":[{"count":1,"href":"https:\/\/www.elsindical.com.ar\/notas\/wp-json\/wp\/v2\/posts\/120484\/revisions"}],"predecessor-version":[{"id":120486,"href":"https:\/\/www.elsindical.com.ar\/notas\/wp-json\/wp\/v2\/posts\/120484\/revisions\/120486"}],"wp:featuredmedia":[{"embeddable":true,"href":"https:\/\/www.elsindical.com.ar\/notas\/wp-json\/wp\/v2\/media\/120485"}],"wp:attachment":[{"href":"https:\/\/www.elsindical.com.ar\/notas\/wp-json\/wp\/v2\/media?parent=120484"}],"wp:term":[{"taxonomy":"category","embeddable":true,"href":"https:\/\/www.elsindical.com.ar\/notas\/wp-json\/wp\/v2\/categories?post=120484"},{"taxonomy":"post_tag","embeddable":true,"href":"https:\/\/www.elsindical.com.ar\/notas\/wp-json\/wp\/v2\/tags?post=120484"}],"curies":[{"name":"wp","href":"https:\/\/api.w.org\/{rel}","templated":true}]}}